{"id":10049,"date":"2023-03-08T16:52:27","date_gmt":"2023-03-08T16:52:27","guid":{"rendered":"https:\/\/www.click-mallorca.com\/blog\/?p=10049"},"modified":"2025-07-06T13:42:51","modified_gmt":"2025-07-06T13:42:51","slug":"cala-mitjana-mallorca","status":"publish","type":"post","link":"https:\/\/www.click-mallorca.com\/blog\/de\/mallorca-strand\/cala-mitjana-mallorca\/","title":{"rendered":"Cala Mitjana auf Mallorca. Anfahrtsbeschreibung und Informationsf\u00fchrer"},"content":{"rendered":"\n<p>In unserer Rubrik <a href=\"https:\/\/www.click-mallorca.com\/blog\/de\/mallorca-strand\/straende-von-mallorca\/\">Str\u00e4nde und Buchten auf Mallorca<\/a>, die Sie besuchen k\u00f6nnen, gehen wir heute an die Ostk\u00fcste Mallorcas, in die N\u00e4he des Ferienortes Cala Dor, wo wir eine <strong>traumhafte Bucht finden.<\/strong> Es handelt sich um Cala Mitjana, nicht zu verwechseln mit Cala Mitjana in der Gegend von Arta oder Cala Mitjana auf Menorca.<\/p>\n\n\n\n<div class=\"su-box su-box-style-soft\" id=\"\" style=\"border-color:#0055cc;border-radius:5px;\"><div class=\"su-box-title\" style=\"background-color:#1188ff;color:#f3f4f4;border-top-left-radius:3px;border-top-right-radius:3px\">\u00dcber diesen Artikel<\/div><div class=\"su-box-content su-u-clearfix su-u-trim\" style=\"border-bottom-left-radius:3px;border-bottom-right-radius:3px\">Dieser Artikel wurde von  <a href=\"https:\/\/www.click-mallorca.com\/de\/\">Click-Mallorca<\/a>, einem Expertenteam f\u00fcr Ausfl\u00fcge und Touren geschrieben. Wir sind eine Reiseagentur auf Mallorca, die auf Freizeitaktivit\u00e4ten spezialisiert ist: Touren und Exkursionen und viele andere Aktivit\u00e4ten auf Mallorca.\n\nWir leben auf der Insel und haben \u00fcber 15 Jahre Erfahrung im Gestalten und Anbieten von Ausfl\u00fcgen. Wir kennen die Insel in- und auswendig und widmen uns der Erstellung hilfreicher und interessanter Artikel f\u00fcr unsere Urlauber, die nach Mallorca kommen.\n<\/div><\/div>\n\n\n<div class=\"wp-block-image wp-block-image aligncenter is-resized\">\n<figure class=\"\"><img loading=\"lazy\" decoding=\"async\" width=\"800\" height=\"600\" src=\"https:\/\/www.click-mallorca.com\/blog\/wp-content\/uploads\/2020\/05\/cala-mitjana-mallorca.jpg\" alt=\"cala mitjana mallorca\" class=\"wp-image-3348\" srcset=\"https:\/\/www.click-mallorca.com\/blog\/wp-content\/uploads\/2020\/05\/cala-mitjana-mallorca.jpg 800w, https:\/\/www.click-mallorca.com\/blog\/wp-content\/uploads\/2020\/05\/cala-mitjana-mallorca-300x225.jpg 300w, https:\/\/www.click-mallorca.com\/blog\/wp-content\/uploads\/2020\/05\/cala-mitjana-mallorca-768x576.jpg 768w\" sizes=\"auto, (max-width: 800px) 100vw, 800px\" \/><\/figure><\/div>\n\n\n<div id=\"ez-toc-container\" class=\"ez-toc-v2_0_72 counter-hierarchy ez-toc-counter ez-toc-light-blue ez-toc-container-direction\">\n<label for=\"ez-toc-cssicon-toggle-item-69efd7cb64d98\" class=\"ez-toc-cssicon-toggle-label\"><span class=\"\"><span class=\"eztoc-hide\" style=\"display:none;\">Toggle<\/span><span class=\"ez-toc-icon-toggle-span\"><svg style=\"fill: #999;color:#999\" xmlns=\"http:\/\/www.w3.org\/2000\/svg\" class=\"list-377408\" width=\"20px\" height=\"20px\" viewBox=\"0 0 24 24\" fill=\"none\"><path d=\"M6 6H4v2h2V6zm14 0H8v2h12V6zM4 11h2v2H4v-2zm16 0H8v2h12v-2zM4 16h2v2H4v-2zm16 0H8v2h12v-2z\" fill=\"currentColor\"><\/path><\/svg><svg style=\"fill: #999;color:#999\" class=\"arrow-unsorted-368013\" xmlns=\"http:\/\/www.w3.org\/2000\/svg\" width=\"10px\" height=\"10px\" viewBox=\"0 0 24 24\" version=\"1.2\" baseProfile=\"tiny\"><path d=\"M18.2 9.3l-6.2-6.3-6.2 6.3c-.2.2-.3.4-.3.7s.1.5.3.7c.2.2.4.3.7.3h11c.3 0 .5-.1.7-.3.2-.2.3-.5.3-.7s-.1-.5-.3-.7zM5.8 14.7l6.2 6.3 6.2-6.3c.2-.2.3-.5.3-.7s-.1-.5-.3-.7c-.2-.2-.4-.3-.7-.3h-11c-.3 0-.5.1-.7.3-.2.2-.3.5-.3.7s.1.5.3.7z\"\/><\/svg><\/span><\/span><\/label><input type=\"checkbox\"  id=\"ez-toc-cssicon-toggle-item-69efd7cb64d98\"  aria-label=\"Toggle\" \/><nav><ul class='ez-toc-list ez-toc-list-level-1 ' ><li class='ez-toc-page-1 ez-toc-heading-level-2'><a class=\"ez-toc-link ez-toc-heading-1\" href=\"https:\/\/www.click-mallorca.com\/blog\/de\/mallorca-strand\/cala-mitjana-mallorca\/#cala-mitjana\" title=\"Cala Mitjana\">Cala Mitjana<\/a><\/li><li class='ez-toc-page-1 ez-toc-heading-level-2'><a class=\"ez-toc-link ez-toc-heading-2\" href=\"https:\/\/www.click-mallorca.com\/blog\/de\/mallorca-strand\/cala-mitjana-mallorca\/#der-strand-von-cala-mitjana\" title=\"Der Strand von Cala Mitjana\">Der Strand von Cala Mitjana<\/a><\/li><li class='ez-toc-page-1 ez-toc-heading-level-2'><a class=\"ez-toc-link ez-toc-heading-3\" href=\"https:\/\/www.click-mallorca.com\/blog\/de\/mallorca-strand\/cala-mitjana-mallorca\/#wie-kommt-man-nach-cala-mitjana\" title=\"Wie kommt man nach Cala Mitjana\">Wie kommt man nach Cala Mitjana<\/a><\/li><li class='ez-toc-page-1 ez-toc-heading-level-2'><a class=\"ez-toc-link ez-toc-heading-4\" href=\"https:\/\/www.click-mallorca.com\/blog\/de\/mallorca-strand\/cala-mitjana-mallorca\/#was-kann-man-in-der-umgebung-unternehmen\" title=\"Was kann man in der Umgebung unternehmen?\">Was kann man in der Umgebung unternehmen?<\/a><\/li><\/ul><\/nav><\/div>\n<h2 class=\"wp-block-heading parrafo-azul\" id=\"cala-mitjana\"><span class=\"ez-toc-section\" id=\"cala-mitjana\"><\/span>Cala Mitjana <span class=\"ez-toc-section-end\"><\/span><\/h2>\n\n\n\n<p>In einer <strong>spektakul\u00e4ren Umgebung an der K\u00fcste Mallorcas <\/strong>befindet sich diese Meeresbucht mit einer sehr engen M\u00fcndung, die sich in zwei Arme teilt. Auf der linken Seite befindet sich eine kleine Felsenbucht ohne Strand, und auf der rechten Seite, 120 Meter weiter, befindet sich ein 20 Meter langer Strand. Das ist unser Ziel: Cala Mitjana. Es versteht sich von selbst, dass die Anreise mit einer Yacht oder einem Boot grandios ist. Man f\u00e4hrt an der K\u00fcste entlang und findet pl\u00f6tzlich in einer versteckten Ecke eine <strong>paradiesische Bucht.<\/strong><\/p>\n\n\n<div class=\"n2-section-smartslider fitvidsignore  n2_clear\" data-ssid=\"26\" tabindex=\"0\" role=\"region\" aria-label=\"Slider\"><div id=\"n2-ss-26-align\" class=\"n2-ss-align\"><div class=\"n2-padding\"><div id=\"n2-ss-26\" data-creator=\"Smart Slider 3\" data-responsive=\"auto\" class=\"n2-ss-slider n2-ow n2-has-hover n2notransition  \">\n        <div class=\"n2-ss-slider-1 n2-ow\">\n            <div class=\"n2-ss-slider-2 n2-ow\">\n                <div class=\"n2-ss-slide-backgrounds n2-ow-all\"><div class=\"n2-ss-slide-background\" data-public-id=\"1\" data-mode=\"fill\"><div class=\"n2-ss-slide-background-image\" data-blur=\"0\" data-opacity=\"50\" data-x=\"59\" data-y=\"54\" data-alt=\"Bootstouren auf Mallorca\" data-title=\"Bootstouren auf Mallorca\" style=\"opacity:0.5;--ss-o-pos-x:59%;--ss-o-pos-y:54%\"><picture class=\"skip-lazy\" data-skip-lazy=\"1\"><img decoding=\"async\" src=\"\/\/www.click-mallorca.com\/blog\/wp-content\/uploads\/2022\/02\/boat-trips-mallorca.jpg\" alt=\"Bootstouren auf Mallorca\" title=\"Bootstouren auf Mallorca\" loading=\"lazy\" class=\"skip-lazy\" data-skip-lazy=\"1\"><\/picture><\/div><div data-color=\"RGBA(60,60,60,1)\" style=\"background-color: RGBA(60,60,60,1);\" class=\"n2-ss-slide-background-color\"><\/div><\/div><\/div>                <div class=\"n2-ss-slider-3 n2-ow\">\n                    <svg xmlns=\"http:\/\/www.w3.org\/2000\/svg\" viewBox=\"0 0 1220 312\" data-related-device=\"desktopPortrait\" class=\"n2-ow n2-ss-preserve-size n2-ss-preserve-size--slider n2-ss-slide-limiter\"><\/svg><div data-first=\"1\" data-slide-duration=\"0\" data-id=\"27\" data-slide-public-id=\"1\" data-title=\"canoeing\" class=\"n2-ss-slide n2-ow  n2-ss-slide-27\"><div role=\"note\" class=\"n2-ss-slide--focus\" tabindex=\"-1\">canoeing<\/div><div class=\"n2-ss-layers-container n2-ss-slide-limiter n2-ow\"><div class=\"n2-ss-layer n2-ow n-uc-H7mInQARZjKJ\" data-sstype=\"slide\" data-pm=\"default\"><div class=\"n2-ss-layer n2-ow n-uc-VeS8Z7o4Krlc\" data-pm=\"default\" data-sstype=\"content\" data-hasbackground=\"0\"><div class=\"n2-ss-section-main-content n2-ss-layer-with-background n2-ss-layer-content n2-ow n-uc-VeS8Z7o4Krlc-inner\"><div class=\"n2-ss-layer n2-ow n-uc-iQvpaoLuXZLY\" data-pm=\"normal\" data-sstype=\"layer\"><div id=\"n2-ss-26item1\" class=\"n2-font-a5e2522f416001c57981fbde2ee9382f-hover   n2-ss-item-content n2-ss-text n2-ow\" style=\"display:block;\">Bootstouren auf Mallorca<\/div><\/div><div class=\"n2-ss-layer n2-ow n-uc-RQvq870653m1\" data-pm=\"normal\" data-sstype=\"layer\"><div id=\"n2-ss-26item2\" class=\"n2-font-e444516f3cd201d3c6c7798a5ce0ed55-hover   n2-ss-item-content n2-ss-text n2-ow\" style=\"display:block;\">Entdecken die exotischten und exclusivsten Orte der Insel.<\/div><\/div><div class=\"n2-ss-layer n2-ow n-uc-8muvrS33UdpP\" data-pm=\"normal\" data-sstype=\"layer\"><div class=\"n2-ss-button-container n2-ss-item-content n2-ow n2-font-aa17aaeef61b48c1ce9107526e93a5f5-link  n2-ss-nowrap\"><a class=\"n2-style-91de29be64dbe428acccb3b339585304-heading  n2-ow \" href=\"https:\/\/www.click-mallorca.com\/de\/aktivitaeten\/boot-und-katamaran-ausfluge\/\"><div><div>Info und Tickets<\/div><\/div><\/a><\/div><\/div><\/div><\/div><\/div><\/div><\/div>                <\/div>\n                            <\/div>\n        <\/div>\n        <\/div><ss3-loader><\/ss3-loader><\/div><\/div><div class=\"n2_clear\"><\/div><\/div>\n\n\n<p>Aber das war nicht immer so einfach. Noch vor Jahren gab es eine Kette, die den Zugang f\u00fcr Boote verhinderte, und es gab keine M\u00f6glichkeit (au\u00dfer entlang der K\u00fcste), Cala Mitjana zu erreichen. Die Cala Mitjana ist n\u00e4mlich ein Privatbesitz der Familie Fierro, die Eigent\u00fcmer von Banken, Phosphor- und Bergbauunternehmen ist. Die Dinge haben sich ge\u00e4ndert, und obwohl das Grundst\u00fcck immer noch in Privatbesitz ist, waren sie r\u00fccksichtsvoll genug, einen Weg der durch ihr Land f\u00fchrt zu bauen und zu pflegen, um allen, die diese wunderbare Bucht erreichen wollen, den Weg zu ebnen.<\/p>\n\n\n\n<h2 class=\"wp-block-heading parrafo-azul\" id=\"der-strand-von-cala-mitjana\"><span class=\"ez-toc-section\" id=\"der-strand-von-cala-mitjana\"><\/span>Der Strand von Cala Mitjana<span class=\"ez-toc-section-end\"><\/span><\/h2>\n\n\n\n<p>Es ist ein sehr heimeliger und relativ ruhigen Strand. Letzteres liegt wahrscheinlich daran, dass es schwierig ist, hierher zu gelangen, und dass man mehr als einen Kilometer laufen muss. Aber der Weg lohnt sich auf jeden Fall. Aber wenn Sie mehr Ruhe haben m\u00f6chten, empfiehlt es sich, <strong>fr\u00fchmorgens oder am sp\u00e4ten Nachmittag zu kommen<\/strong>, Sie werden dann dort mit Sicherheit die Einzigen sein.<\/p>\n\n\n\n<p><strong>Das Wasser ist transparent <\/strong>und weist je nach Tageszeit und Sonneneinstrahlung unterschiedliche Farbschattierungen auf. Hier gibt es keine Verschmutzung oder Verunreinigung, es ist wie ein nat\u00fcrliches Schwimmbad. Der<strong> sandige Boden hat eine Tiefe von etwa 5 Metern,<\/strong> und wir empfehlen Ihnen, eine Schnorchel Ausr\u00fcstung mitzunehmen, Sie werden es genie\u00dfen.<\/p>\n\n\n\n<figure class=\"wp-block-embed is-type-video is-provider-youtube wp-block-embed-youtube wp-embed-aspect-16-9 wp-has-aspect-ratio\"><div class=\"wp-block-embed__wrapper\">\n<div class=\"video-container\"><iframe loading=\"lazy\" title=\"Playa Cala Mitjana de Felanitx\" width=\"500\" height=\"281\" src=\"https:\/\/www.youtube.com\/embed\/X6N9s6qDQvE?feature=oembed&#038;wmode=opaque&#038;enablejsapi=1&#038;origin=https:\/\/www.click-mallorca.com\" frameborder=\"0\" allow=\"accelerometer; autoplay; clipboard-write; encrypted-media; gyroscope; picture-in-picture; web-share\" referrerpolicy=\"strict-origin-when-cross-origin\" allowfullscreen><\/iframe><\/div>\n<\/div><\/figure>\n\n\n\n<p>Der Sand ist fein und wei\u00df, ideal zum Entspannen und sich an der Umgebung zu erfreuen. Alles ist umgeben von niedrigen Felsen und Vegetation. Das Anwesen, in dem sich der Strand befindet, ist bis ins kleinste Detail gepflegt, denn die Eigent\u00fcmer legen gro\u00dfen Wert darauf. Die Anzahl der Tage, die die Besitzer hier selber vor Ort sind, l\u00e4sst sich auf eine kurze Zeit begrenzen.<\/p>\n\n\n\n<p>Der Strand verf\u00fcgt \u00fcber keinerlei Dienstleistungen wie Liegen, Sonnenschirme oder Strandbars. Es ist daher ratsam, etwas zu trinken und zu essen mitzubringen.<\/p>\n\n\n\n<p><\/p>\n\n\n\n<h2 class=\"wp-block-heading parrafo-azul\" id=\"wie-kommt-man-nach-cala-mitjana\"><span class=\"ez-toc-section\" id=\"wie-kommt-man-nach-cala-mitjana\"><\/span>Wie kommt man nach Cala Mitjana<span class=\"ez-toc-section-end\"><\/span><\/h2>\n\n\n\n<p>Es ist nicht einfach, nach Cala Mitjana zu gelangen. Es gibt zwei M\u00f6glichkeiten, dorthin zu kommen, Der schwierigste Weg, der auch in fr\u00fcheren Zeiten gew\u00e4hlt wurde, ist ein Fu\u00dfmarsch von Cala Sa Nau entlang der K\u00fcstenlinie. Es handelt sich um 1400 Meter kompliziertes, unbequemes Terrain mit vielen Felskanten und der Gefahr, sich bei einem Sturz zu verletzen.<\/p>\n\n\n\n<p><strong>Der einfachste Weg ist mit dem Auto und dann zu Fu\u00df.<\/strong> Wir m\u00fcssen nach S&#8217;Horta fahren und von dort aus die Stra\u00dfe nach Cala Sa Nau nehmen. Von dort folgen wir den Schildern zur Cala Mitjana. Ein St\u00fcck weiter sieht man den ausgeschilderten Weg, der uns zum Strand f\u00fchrt. Da es <strong>keinen Parkplatz <\/strong>gibt, m\u00fcssen Sie Ihr Auto auf dem Standstreifen oder am Stra\u00dfenrand abstellen und darauf achten, dass es nicht im Weg steht.<\/p>\n\n\n\n<p>Es gibt auch eine andere, aber exklusivere M\u00f6glichkeit, Cala Mitjana zu erreichen, sich ein Boot in <a href=\"https:\/\/www.click-mallorca.com\/de\/reiseziele\/cala-dor\/\">Cala Dor<\/a> zu mieten, einen Tag auf dem Meer zu verbringen und Buchten wie diese zu besuchen.<\/p>\n\n\n<div class=\"wp-block-image wp-block-image aligncenter is-resized\">\n<figure class=\"\"><img loading=\"lazy\" decoding=\"async\" width=\"909\" height=\"412\" src=\"https:\/\/www.click-mallorca.com\/blog\/wp-content\/uploads\/2020\/05\/playa-de-cala-mitjana-mallorca.jpg\" alt=\"cala mitjana strand  mallorca\" class=\"wp-image-3349\" srcset=\"https:\/\/www.click-mallorca.com\/blog\/wp-content\/uploads\/2020\/05\/playa-de-cala-mitjana-mallorca.jpg 909w, https:\/\/www.click-mallorca.com\/blog\/wp-content\/uploads\/2020\/05\/playa-de-cala-mitjana-mallorca-300x136.jpg 300w, https:\/\/www.click-mallorca.com\/blog\/wp-content\/uploads\/2020\/05\/playa-de-cala-mitjana-mallorca-768x348.jpg 768w\" sizes=\"auto, (max-width: 909px) 100vw, 909px\" \/><\/figure><\/div>\n\n\n<h2 class=\"wp-block-heading parrafo-azul\" id=\"was-kann-man-in-der-umgebung-unternehmen\"><span class=\"ez-toc-section\" id=\"was-kann-man-in-der-umgebung-unternehmen\"><\/span>Was kann man in der Umgebung unternehmen?<span class=\"ez-toc-section-end\"><\/span><\/h2>\n\n\n\n<p>Cala Mitjana liegt ganz <strong>in der N\u00e4he <\/strong>der Touristenorte <strong>Cala Do<\/strong>r und <strong>Calas de Mallorca,<\/strong> so dass Sie einen Besuch der Bucht mit einigen touristischen Besichtigungen oder Aktivit\u00e4ten verbinden k\u00f6nnen. Einige Vorschl\u00e4ge f\u00fcr Aktivit\u00e4ten in der N\u00e4he von Cala Mitjana sind:<\/p>\n\n\n\n<ul class=\"wp-block-list\">\n<li>Machen Sie eine Bootsfahrt von Porto Colom aus.<\/li>\n\n\n\n<li>Machen Sie zuerst in Porto Cristo Halt, um <a href=\"https:\/\/www.click-mallorca.com\/de\/ausfluge\/hohlen-hams-mallorca-ticket-eintrittskarte\/\" target=\"_blank\" rel=\"noreferrer noopener\">die Hams-H\u00f6hlen zu besichtigen.<\/a><\/li>\n\n\n\n<li>Besuchen Sie den Naturpark von Mondrago.<\/li>\n<\/ul>\n\n\n\n<p>Wir hoffen, dass Ihnen unser Artikel \u00fcber Cala Mitjana gefallen hat und w\u00fcrden uns freuen, wenn Sie uns Ihre Meinung und Ihre Erfahrungen mitteilen.<\/p>\n\n\n\n<p>Wenn Sie die Insel, das gute Wetter, die Str\u00e4nde genie\u00dfen m\u00f6chten&#8230; dann k\u00f6nnen Sie nicht aufh\u00f6ren, einen Blick auf all die Aktivit\u00e4ten zu werfen, die wir auf Mallorca anbieten:<\/p>\n\n\n<div class=\"n2-section-smartslider fitvidsignore  n2_clear\" data-ssid=\"8\" tabindex=\"0\" role=\"region\" aria-label=\"Slider\"><div id=\"n2-ss-8-align\" class=\"n2-ss-align\"><div class=\"n2-padding\"><div id=\"n2-ss-8\" data-creator=\"Smart Slider 3\" data-responsive=\"auto\" class=\"n2-ss-slider n2-ow n2-has-hover n2notransition  \">\n        <div class=\"n2-ss-slider-1 n2-ow\">\n            <div class=\"n2-ss-slider-2 n2-ow\">\n                <div class=\"n2-ss-slide-backgrounds n2-ow-all\"><div class=\"n2-ss-slide-background\" data-public-id=\"1\" data-mode=\"fill\"><div class=\"n2-ss-slide-background-image\" data-blur=\"0\" data-opacity=\"50\" data-x=\"35\" data-y=\"50\" data-alt=\"mallorca ausfluge\" data-title=\"mallorca ausfluge\" style=\"opacity:0.5;--ss-o-pos-x:35%\"><picture class=\"skip-lazy\" data-skip-lazy=\"1\"><img decoding=\"async\" src=\"\/\/www.click-mallorca.com\/blog\/wp-content\/uploads\/2022\/12\/mallorca.jpg\" alt=\"mallorca ausfluge\" title=\"mallorca ausfluge\" loading=\"lazy\" class=\"skip-lazy\" data-skip-lazy=\"1\"><\/picture><\/div><div data-color=\"RGBA(60,60,60,1)\" style=\"background-color: RGBA(60,60,60,1);\" class=\"n2-ss-slide-background-color\"><\/div><\/div><\/div>                <div class=\"n2-ss-slider-3 n2-ow\">\n                    <svg xmlns=\"http:\/\/www.w3.org\/2000\/svg\" viewBox=\"0 0 1220 312\" data-related-device=\"desktopPortrait\" class=\"n2-ow n2-ss-preserve-size n2-ss-preserve-size--slider n2-ss-slide-limiter\"><\/svg><div data-first=\"1\" data-slide-duration=\"0\" data-id=\"9\" data-slide-public-id=\"1\" data-title=\"canoeing\" class=\"n2-ss-slide n2-ow  n2-ss-slide-9\"><div role=\"note\" class=\"n2-ss-slide--focus\" tabindex=\"-1\">canoeing<\/div><div class=\"n2-ss-layers-container n2-ss-slide-limiter n2-ow\"><div class=\"n2-ss-layer n2-ow n-uc-s1hbSchn9SPC\" data-sstype=\"slide\" data-pm=\"default\"><div class=\"n2-ss-layer n2-ow n-uc-SL3DjMWK1AMl\" data-pm=\"default\" data-sstype=\"content\" data-hasbackground=\"0\"><div class=\"n2-ss-section-main-content n2-ss-layer-with-background n2-ss-layer-content n2-ow n-uc-SL3DjMWK1AMl-inner\"><div class=\"n2-ss-layer n2-ow n-uc-FIrwpYv6nyW3\" data-pm=\"normal\" data-sstype=\"layer\"><div id=\"n2-ss-8item1\" class=\"n2-font-a5e2522f416001c57981fbde2ee9382f-hover   n2-ss-item-content n2-ss-text n2-ow\" style=\"display:block;\">A\u00fcsfluge auf Mallorca<\/div><\/div><div class=\"n2-ss-layer n2-ow n-uc-yWAdSJ3P1vpi\" data-pm=\"normal\" data-sstype=\"layer\"><div id=\"n2-ss-8item2\" class=\"n2-font-e444516f3cd201d3c6c7798a5ce0ed55-hover   n2-ss-item-content n2-ss-text n2-ow\" style=\"display:block;\">Die besten Ausfl\u00fcge und Top Sehensw\u00fcrdigkeiten<\/div><\/div><div class=\"n2-ss-layer n2-ow n-uc-AGCjJyjgiivP\" data-pm=\"normal\" data-sstype=\"layer\"><div class=\"n2-ss-button-container n2-ss-item-content n2-ow n2-font-aa17aaeef61b48c1ce9107526e93a5f5-link  n2-ss-nowrap\"><a class=\"n2-style-91de29be64dbe428acccb3b339585304-heading  n2-ow \" href=\"https:\/\/www.click-mallorca.com\/de\/\"><div><div>Mehr Info<\/div><\/div><\/a><\/div><\/div><\/div><\/div><\/div><\/div><\/div>                <\/div>\n                            <\/div>\n        <\/div>\n        <\/div><ss3-loader><\/ss3-loader><\/div><\/div><div class=\"n2_clear\"><\/div><\/div>\n\n\n<p>Auf dem obigen Banner finden Sie eine Vielzahl von Aktivit\u00e4ten und Ausfl\u00fcgen auf Mallorca: Bootsfahrten, gef\u00fchrte Touren, Reiten, Wasserparks&#8230; zu den besten Preisen und mit allen Informationen.<\/p>\n\n\n\n<hr class=\"wp-block-separator has-text-color has-vivid-cyan-blue-color has-css-opacity has-vivid-cyan-blue-background-color has-background is-style-wide\"\/>\n\n\n\n<p><strong><em>Wir hoffen, dieser Artikel hat Ihnen geholfen, Ihren Besuch in Cala Mitjana zu planen. Wenn Sie es bereits besucht haben, hat es Ihnen gefallen? habt ihr irgendwelche empfehlungen? Hinterlassen Sie uns Ihren Kommentar. Wenn Ihnen der Beitrag gefallen hat, teilen Sie ihn in Ihren sozialen Netzwerken\u2026 <\/em><\/strong><\/p>\n\n\n\n<hr class=\"wp-block-separator has-text-color has-vivid-cyan-blue-color has-css-opacity has-vivid-cyan-blue-background-color has-background is-style-wide\"\/>\n\n\n<div class=\"su-box su-box-style-default\" id=\"\" style=\"border-color:#0055cc;border-radius:3px;\"><div class=\"su-box-title\" style=\"background-color:#1188ff;color:#FFFFFF;border-top-left-radius:1px;border-top-right-radius:1px\">Planen Sie Ihren Kurzurlaub auf Mallorca<\/div><div class=\"su-box-content su-u-clearfix su-u-trim\" style=\"border-bottom-left-radius:1px;border-bottom-right-radius:1px\">\n<div class=\"content-box-area\">\n<div class=\"content-item\">\n        <span class=\"c-icon\"><i class=\"fas fa-camera\"><\/i><\/span><br \/>\n<span>Die besten Optionen, um eine gute Zeit auf Mallorca zu verbringen: <a href=\"https:\/\/www.click-mallorca.com\/de\/\">Aktivit\u00e4ten auf Mallorca<\/a><\/span><\/div>\n<div class=\"content-item\">\n        <span class=\"c-icon\"><i class=\"fas fa-bed\"><\/i><\/span><br \/>\n<span>Hotel Angebote mit kostenloser Stornierung und zum besten Preis: <a href=\"https:\/\/expedia.com\/affiliate\/RrhNCLb\" rel=\"nofollow\">Hotels aufMallorca<\/a><\/span><\/div>\n<div class=\"content-item\">\n        <span class=\"c-icon\"><i class=\"fas fa-car\"><\/i><\/span><br \/>\n<span>Mietwagen zu den besten Preisen. <a href=\"https:\/\/www.rentcars.com\/de-de\/?requestorid=5324&amp;utm_source=www.click-mallorca.com&amp;utm_medium=afiliado-link\" rel=\"nofollow\">Autovermietung auf Mallorca<\/a><\/span><\/div>\n<div class=\"content-item\">\n        <span class=\"c-icon\"><i class=\"fas fa-plane\"><\/i><\/span><br \/>\n<span>Finden Sie Fl\u00fcge zum besten Preis nach Mallorca: <a href=\"https:\/\/skyscanner.pxf.io\/c\/3171348\/1027991\/13416?associateid=AFF_TRA_19354_00001\" rel=\"nofollow\">Fl\u00fcge nach Mallorca<\/a><\/span><\/div>\n<div class=\"content-item\">\n        <span class=\"c-icon\"><i class=\"fas fa-ship\"><\/i><\/span><br \/>\n<span>Bootsfahrten und Touren mit Boot und Katamaran: <a href=\"https:\/\/www.click-mallorca.com\/de\/aktivitaeten\/boot-und-katamaran-ausfluge\/\">Bootsausfl\u00fcge<\/a><\/span><\/div>\n<div class=\"content-item\">\n        <span class=\"c-icon\"><i class=\"fas fa-map\"><\/i><\/span><br \/>\n<span>Reiseversicherung: <a href=\"http:\/\/www.iatiseguros.com\/?r=67694918520896\">5 % Rabatt auf Ihre IATI-Versicherung<\/a><\/span><\/div>\n<\/div>\n<\/div><\/div>\n<!-- AddThis Advanced Settings generic via filter on the_content --><!-- AddThis Share Buttons generic via filter on the_content -->","protected":false},"excerpt":{"rendered":"<p>In unserem Abschnitt der Str\u00e4nde und Buchten auf Mallorca, die Sie besuchen k\u00f6nnen, fahren wir heute an die Ostk\u00fcste Mallorcas, in die N\u00e4he des Touristenzentrums Cala Dor, wo wir eine Traumbucht finden. Dies ist Cala Mitjana, die nicht mit Cala Mitjana in der Gegend von Arta oder Cala Mitjana auf Menorca verwechselt werden sollte.<!-- AddThis Advanced Settings generic via filter on get_the_excerpt --><!-- AddThis Share Buttons generic via filter on get_the_excerpt --><\/p>\n","protected":false},"author":2,"featured_media":10064,"comment_status":"open","ping_status":"open","sticky":false,"template":"","format":"standard","meta":{"footnotes":""},"categories":[260],"tags":[],"class_list":["post-10049","post","type-post","status-publish","format-standard","has-post-thumbnail","hentry","category-mallorca-strand"],"lang":"de","translations":{"de":10049,"es":2916},"pll_sync_post":[],"_links":{"self":[{"href":"https:\/\/www.click-mallorca.com\/blog\/wp-json\/wp\/v2\/posts\/10049","targetHints":{"allow":["GET"]}}],"collection":[{"href":"https:\/\/www.click-mallorca.com\/blog\/wp-json\/wp\/v2\/posts"}],"about":[{"href":"https:\/\/www.click-mallorca.com\/blog\/wp-json\/wp\/v2\/types\/post"}],"author":[{"embeddable":true,"href":"https:\/\/www.click-mallorca.com\/blog\/wp-json\/wp\/v2\/users\/2"}],"replies":[{"embeddable":true,"href":"https:\/\/www.click-mallorca.com\/blog\/wp-json\/wp\/v2\/comments?post=10049"}],"version-history":[{"count":18,"href":"https:\/\/www.click-mallorca.com\/blog\/wp-json\/wp\/v2\/posts\/10049\/revisions"}],"predecessor-version":[{"id":18510,"href":"https:\/\/www.click-mallorca.com\/blog\/wp-json\/wp\/v2\/posts\/10049\/revisions\/18510"}],"wp:featuredmedia":[{"embeddable":true,"href":"https:\/\/www.click-mallorca.com\/blog\/wp-json\/wp\/v2\/media\/10064"}],"wp:attachment":[{"href":"https:\/\/www.click-mallorca.com\/blog\/wp-json\/wp\/v2\/media?parent=10049"}],"wp:term":[{"taxonomy":"category","embeddable":true,"href":"https:\/\/www.click-mallorca.com\/blog\/wp-json\/wp\/v2\/categories?post=10049"},{"taxonomy":"post_tag","embeddable":true,"href":"https:\/\/www.click-mallorca.com\/blog\/wp-json\/wp\/v2\/tags?post=10049"}],"curies":[{"name":"wp","href":"https:\/\/api.w.org\/{rel}","templated":true}]}}