{"id":10882,"date":"2024-04-24T06:14:41","date_gmt":"2024-04-24T06:14:41","guid":{"rendered":"https:\/\/www.click-mallorca.com\/blog\/?p=10882"},"modified":"2025-09-16T10:17:16","modified_gmt":"2025-09-16T10:17:16","slug":"cami-des-correu-von-esporles-nach-banyalbufar","status":"publish","type":"post","link":"https:\/\/www.click-mallorca.com\/blog\/de\/sehenswurdigkeiten-mallorca\/cami-des-correu-von-esporles-nach-banyalbufar\/","title":{"rendered":"Cam\u00ed des Correu von Esporles nach Banyalbufar"},"content":{"rendered":"\n<p>Der Cami des Correu ist eine wunderbare Route durch Mallorca auf einem historischen Weg, die es verdient, auf unserer <a href=\"https:\/\/www.click-mallorca.com\/de\/\">Ausflugsliste auf Mallorca<\/a> zu stehen. Der Ausflug Es Cami des Correu beginnt in der Stadt Esporles und f\u00fchrt uns auf einem perfekt markierten Weg in die wundersch\u00f6ne Stadt Banyalbufar. Die Route ist sehr angenehm und verbindet Wald, Berge und Meerblick.<\/p>\n\n\n<div class=\"wp-block-image wp-block-image aligncenter size-large is-resized\">\n<figure class=\"\"><img loading=\"lazy\" decoding=\"async\" width=\"1024\" height=\"615\" src=\"https:\/\/www.click-mallorca.com\/blog\/wp-content\/uploads\/2021\/05\/banyalbufar-1024x615.jpg\" alt=\"Bamyalbufar, Endpunkt des Cami des Correu\" class=\"wp-image-5519\" srcset=\"https:\/\/www.click-mallorca.com\/blog\/wp-content\/uploads\/2021\/05\/banyalbufar-1024x615.jpg 1024w, https:\/\/www.click-mallorca.com\/blog\/wp-content\/uploads\/2021\/05\/banyalbufar-300x180.jpg 300w, https:\/\/www.click-mallorca.com\/blog\/wp-content\/uploads\/2021\/05\/banyalbufar-768x461.jpg 768w, https:\/\/www.click-mallorca.com\/blog\/wp-content\/uploads\/2021\/05\/banyalbufar-150x90.jpg 150w, https:\/\/www.click-mallorca.com\/blog\/wp-content\/uploads\/2021\/05\/banyalbufar.jpg 1251w\" sizes=\"auto, (max-width: 1024px) 100vw, 1024px\" \/><\/figure><\/div>\n\n\n<p>Wir beginnen mit einem kurzen technischen Datenblatt des Ausflugs zum <a href=\"file:\/\/\/C:\/Users\/nofri\/Downloads\/It._Es_Correu_CAT%20(2).pdf\">Cami des Correu<\/a>, dann mit der Beschreibung der Reiseroute mit Fotos und enden mit einer Karte der Route auf Wikiloc. <\/p>\n\n\n\n<div id=\"ez-toc-container\" class=\"ez-toc-v2_0_72 counter-hierarchy ez-toc-counter ez-toc-light-blue ez-toc-container-direction\">\n<label for=\"ez-toc-cssicon-toggle-item-69f2aa76d54b8\" class=\"ez-toc-cssicon-toggle-label\"><span class=\"\"><span class=\"eztoc-hide\" style=\"display:none;\">Toggle<\/span><span class=\"ez-toc-icon-toggle-span\"><svg style=\"fill: #999;color:#999\" xmlns=\"http:\/\/www.w3.org\/2000\/svg\" class=\"list-377408\" width=\"20px\" height=\"20px\" viewBox=\"0 0 24 24\" fill=\"none\"><path d=\"M6 6H4v2h2V6zm14 0H8v2h12V6zM4 11h2v2H4v-2zm16 0H8v2h12v-2zM4 16h2v2H4v-2zm16 0H8v2h12v-2z\" fill=\"currentColor\"><\/path><\/svg><svg style=\"fill: #999;color:#999\" class=\"arrow-unsorted-368013\" xmlns=\"http:\/\/www.w3.org\/2000\/svg\" width=\"10px\" height=\"10px\" viewBox=\"0 0 24 24\" version=\"1.2\" baseProfile=\"tiny\"><path d=\"M18.2 9.3l-6.2-6.3-6.2 6.3c-.2.2-.3.4-.3.7s.1.5.3.7c.2.2.4.3.7.3h11c.3 0 .5-.1.7-.3.2-.2.3-.5.3-.7s-.1-.5-.3-.7zM5.8 14.7l6.2 6.3 6.2-6.3c.2-.2.3-.5.3-.7s-.1-.5-.3-.7c-.2-.2-.4-.3-.7-.3h-11c-.3 0-.5.1-.7.3-.2.2-.3.5-.3.7s.1.5.3.7z\"\/><\/svg><\/span><\/span><\/label><input type=\"checkbox\"  id=\"ez-toc-cssicon-toggle-item-69f2aa76d54b8\"  aria-label=\"Toggle\" \/><nav><ul class='ez-toc-list ez-toc-list-level-1 ' ><li class='ez-toc-page-1 ez-toc-heading-level-2'><a class=\"ez-toc-link ez-toc-heading-1\" href=\"https:\/\/www.click-mallorca.com\/blog\/de\/sehenswurdigkeiten-mallorca\/cami-des-correu-von-esporles-nach-banyalbufar\/#technische-details-der-route-von-esporles-nach-banyalbufar\" title=\"Technische Details der Route von Esporles nach Banyalbufar\">Technische Details der Route von Esporles nach Banyalbufar<\/a><\/li><li class='ez-toc-page-1 ez-toc-heading-level-2'><a class=\"ez-toc-link ez-toc-heading-2\" href=\"https:\/\/www.click-mallorca.com\/blog\/de\/sehenswurdigkeiten-mallorca\/cami-des-correu-von-esporles-nach-banyalbufar\/#ausflugsroute\" title=\"Ausflugsroute\">Ausflugsroute<\/a><\/li><li class='ez-toc-page-1 ez-toc-heading-level-2'><a class=\"ez-toc-link ez-toc-heading-3\" href=\"https:\/\/www.click-mallorca.com\/blog\/de\/sehenswurdigkeiten-mallorca\/cami-des-correu-von-esporles-nach-banyalbufar\/#karte-der-route-des-cami-des-correu\" title=\"Karte der Route des Cami des Correu\">Karte der Route des Cami des Correu<\/a><\/li><\/ul><\/nav><\/div>\n<h2 class=\"wp-block-heading parrafo-azul\" id=\"technische-details-der-route-von-esporles-nach-banyalbufar\"><span class=\"ez-toc-section\" id=\"technische-details-der-route-von-esporles-nach-banyalbufar\"><\/span>Technische Details der Route von Esporles nach Banyalbufar <span class=\"ez-toc-section-end\"><\/span><\/h2>\n\n\n\n<ul class=\"wp-block-list\">\n<li><strong>Dauer: <\/strong>Es handelt sich um einen kurzen Ausflug, wir ben\u00f6tigen etwa 2,5 Stunden.<\/li>\n\n\n\n<li><strong>Schwierigkeitsgrad:<\/strong> Es handelt sich \u00fcberhaupt nicht um einen schwierigen Ausflug, da es kaum Anstiege gibt und der Weg perfekt markiert ist. Ja, das Tragen von Bergschuhen ist erforderlich. Wir k\u00f6nnen die Route sowohl im Sommer als auch im Winter begehen, und sie ist problemlos mit Kindern machbar.<\/li>\n\n\n\n<li><strong>Entfernung:<\/strong> ca. 8 Kilometer auf einer Strecke, die uns mit wundersch\u00f6nen Ausblicken, sehr ruhigen Gegenden, einem Wald mit Schatten- und Sonnenbereich belohnt. Der h\u00f6chste Punkt ist 450 Meter hoch, der niedrigste 110 Meter.<\/li>\n\n\n\n<li><strong>Art des Ausflugs:<\/strong> Wanderroute, die nicht kreisf\u00f6rmig ist, da wir hin und zur\u00fcck den gleichen Weg nutzen. Aber von Banyalbufar aus k\u00f6nnen wir mit dem \u00f6ffentlichen Bus nach Esporles zur\u00fcckkehren.<\/li>\n\n\n\n<li><strong>Ort:<\/strong> Der Ausgangspunkt des Ausflugs ist die Stadt Esporles. Wenn wir die Route abk\u00fcrzen m\u00f6chten, k\u00f6nnen wir auch in La Granja beginnen<\/li>\n<\/ul>\n\n\n<div class=\"wp-block-image wp-block-image aligncenter size-large is-resized\">\n<figure class=\"\"><img loading=\"lazy\" decoding=\"async\" width=\"995\" height=\"553\" src=\"https:\/\/www.click-mallorca.com\/blog\/wp-content\/uploads\/2021\/05\/ruta-cami-des-correu.jpg\" alt=\"Route des Cami des Correu\" class=\"wp-image-5523\" srcset=\"https:\/\/www.click-mallorca.com\/blog\/wp-content\/uploads\/2021\/05\/ruta-cami-des-correu.jpg 995w, https:\/\/www.click-mallorca.com\/blog\/wp-content\/uploads\/2021\/05\/ruta-cami-des-correu-300x167.jpg 300w, https:\/\/www.click-mallorca.com\/blog\/wp-content\/uploads\/2021\/05\/ruta-cami-des-correu-768x427.jpg 768w, https:\/\/www.click-mallorca.com\/blog\/wp-content\/uploads\/2021\/05\/ruta-cami-des-correu-150x83.jpg 150w\" sizes=\"auto, (max-width: 995px) 100vw, 995px\" \/><\/figure><\/div>\n\n\n<h2 class=\"wp-block-heading parrafo-azul\" id=\"ausflugsroute\"><span class=\"ez-toc-section\" id=\"ausflugsroute\"><\/span>Ausflugsroute <span class=\"ez-toc-section-end\"><\/span><\/h2>\n\n\n\n<p><strong>Wir beginnen unseren Ausflug zum Cami des Correu<\/strong> vor dem Rathaus von Esporles und machen uns auf den Weg zur Kirche. Auf dem Platz sehen wir ein Schild \u2013 eine Karte mit der Route \u2013 und gehen die K\u00fcste von Sant Pere hinauf, um die Stadt zu verlassen. Die ersten 15 Minuten der Route f\u00fchren bergauf zwischen Mauern und mit Blick auf die Stadt. Etwas weiter \u00fcberqueren wir die Br\u00fccke Sa Turbina, an der der Wildbach Esporles vorbeiflie\u00dft, und wandern weiter parallel zur Stra\u00dfe und zum Wildbach durch eine typische Landschaft mit Wildbachufern.<\/p>\n\n\n<div class=\"wp-block-image wp-block-image aligncenter size-large is-resized\">\n<figure class=\"\"><img loading=\"lazy\" decoding=\"async\" width=\"1024\" height=\"593\" src=\"https:\/\/www.click-mallorca.com\/blog\/wp-content\/uploads\/2021\/05\/inicio-ruta-cami-correu-1024x593.jpg\" alt=\"Anfang des Ausflugs in Esporles\" class=\"wp-image-5520\" srcset=\"https:\/\/www.click-mallorca.com\/blog\/wp-content\/uploads\/2021\/05\/inicio-ruta-cami-correu-1024x593.jpg 1024w, https:\/\/www.click-mallorca.com\/blog\/wp-content\/uploads\/2021\/05\/inicio-ruta-cami-correu-300x174.jpg 300w, https:\/\/www.click-mallorca.com\/blog\/wp-content\/uploads\/2021\/05\/inicio-ruta-cami-correu-768x445.jpg 768w, https:\/\/www.click-mallorca.com\/blog\/wp-content\/uploads\/2021\/05\/inicio-ruta-cami-correu-150x87.jpg 150w, https:\/\/www.click-mallorca.com\/blog\/wp-content\/uploads\/2021\/05\/inicio-ruta-cami-correu.jpg 1272w\" sizes=\"auto, (max-width: 1024px) 100vw, 1024px\" \/><\/figure><\/div>\n\n\n<p>Etwas weiter, an der Granja de Esporles, \u00fcberqueren wir die Stra\u00dfe und gelangen in einen alten Olivenhain, der heute von Pinien bewachsen ist. Hier sehen wir \u00dcberreste der alten gepflasterten Correu-Stra\u00dfe sowie Steinmauern und \u201eR\u00e4nder\u201c. Wir werden einige Barrieren finden, die wir versuchen m\u00fcssen, gleich zu lassen, da sie das Entkommen des Viehs verhindern sollen und stets das Privateigentum respektieren. Jetzt steigt die Route an und wir befinden uns im Besitz von Son Moragues, bereits in der Gegend von Banyalbufar. Weiter unten betreten wir einen Steineichenwald mit zahlreichen Erdbeerb\u00e4umen. <\/p>\n\n\n\n<p>Als n\u00e4chstes folgt der beste Abschnitt des Cami des Correu. Es handelt sich um einen vom Landgut Son Valenti gepflasterten Abschnitt, der uns daran erinnert, wie diese Stra\u00dfe im Mittelalter aussah. Der Cami des Correu ist ein bereits 1401 dokumentierter Weg, der die St\u00e4dte Esporles und Banyalbufar verband. Tats\u00e4chlich war sie bis zum Bau der heutigen Autobahn die einzige Stra\u00dfe, die beide St\u00e4dte verband. Es wurde 1999 vom Consell de Mallorca restauriert, um Teil der Trockenmauerroute und des GR-221 zu werden. Diese Route bietet Wanderern die M\u00f6glichkeit, die Trockensteinlandschaften des Tramuntana-Gebirges zu entdecken, das Port Andratx mit Pollensa verbindet.<\/p>\n\n\n<div class=\"wp-block-image wp-block-image aligncenter size-large is-resized\">\n<figure class=\"\"><img loading=\"lazy\" decoding=\"async\" width=\"1024\" height=\"597\" src=\"https:\/\/www.click-mallorca.com\/blog\/wp-content\/uploads\/2021\/05\/cami-des-correu-1024x597.jpg\" alt=\"Auf der Route des cami des Correu\" class=\"wp-image-5521\" srcset=\"https:\/\/www.click-mallorca.com\/blog\/wp-content\/uploads\/2021\/05\/cami-des-correu-1024x597.jpg 1024w, https:\/\/www.click-mallorca.com\/blog\/wp-content\/uploads\/2021\/05\/cami-des-correu-300x175.jpg 300w, https:\/\/www.click-mallorca.com\/blog\/wp-content\/uploads\/2021\/05\/cami-des-correu-768x448.jpg 768w, https:\/\/www.click-mallorca.com\/blog\/wp-content\/uploads\/2021\/05\/cami-des-correu-150x87.jpg 150w, https:\/\/www.click-mallorca.com\/blog\/wp-content\/uploads\/2021\/05\/cami-des-correu.jpg 1235w\" sizes=\"auto, (max-width: 1024px) 100vw, 1024px\" \/><\/figure><\/div>\n\n\n<p>Der h\u00f6chste Punkt des Cami des Correu-Ausflugs ist der Coll del Pi, und von hier aus beginnt der Abstieg nach Banyalbufar. Wir finden einen Asphaltweg, der uns zwischen Pinien und Olivenhainen in Richtung Banyalbufar f\u00fchrt. Obwohl wir auf einer asphaltierten Stra\u00dfe unterwegs sind, ist dies aufgrund der Landschaft, die wir sehen werden, ein wundersch\u00f6ner Teil des Ausflugs. Nach und nach werden wir Ausblicke auf das Meer und die kleine Stadt Banyalbufar genie\u00dfen. Wir werden auch das alte System arabischen Ursprungs kennenlernen, bei dem Anbauterrassen mit Steinmauern angelegt wurden, um jeden Meter Land optimal zu nutzen. Obstg\u00e4rten, St\u00e4lle, Getreidefelder \u2026 bilden den perfekten Abschluss dieses Ausflugs und der Ankunft in Banyalbufar.<\/p>\n\n\n\n<p>Wenn wir den Ausflug verl\u00e4ngern m\u00f6chten, k\u00f6nnen wir nach unserer Ankunft in Banyalbufar die Route fortsetzen und nach Cala Banyalbufar hinunterfahren. Dies ist besonders im Sommer eine empfehlenswerte Option, um ein Bad im Wasser zu nehmen.<\/p>\n\n\n<div class=\"wp-block-image wp-block-image aligncenter size-large is-resized\">\n<figure class=\"\"><img loading=\"lazy\" decoding=\"async\" width=\"1024\" height=\"659\" src=\"https:\/\/www.click-mallorca.com\/blog\/wp-content\/uploads\/2021\/05\/cala-banyalbufar-1024x659.jpg\" alt=\"Cala Banyalbufar\" class=\"wp-image-5522\" srcset=\"https:\/\/www.click-mallorca.com\/blog\/wp-content\/uploads\/2021\/05\/cala-banyalbufar-1024x659.jpg 1024w, https:\/\/www.click-mallorca.com\/blog\/wp-content\/uploads\/2021\/05\/cala-banyalbufar-300x193.jpg 300w, https:\/\/www.click-mallorca.com\/blog\/wp-content\/uploads\/2021\/05\/cala-banyalbufar-768x494.jpg 768w, https:\/\/www.click-mallorca.com\/blog\/wp-content\/uploads\/2021\/05\/cala-banyalbufar-150x96.jpg 150w, https:\/\/www.click-mallorca.com\/blog\/wp-content\/uploads\/2021\/05\/cala-banyalbufar.jpg 1247w\" sizes=\"auto, (max-width: 1024px) 100vw, 1024px\" \/><\/figure><\/div>\n\n<div class=\"su-animate\" style=\"opacity:0;-webkit-animation-duration:1s;-webkit-animation-delay:0s;animation-duration:1s;animation-delay:0s;\" data-animation=\"bounceIn\" data-duration=\"1\" data-delay=\"0\"><div class=\"su-box su-box-style-default\" id=\"\" style=\"border-color:#282828 ;border-radius:3px;\"><div class=\"su-box-title\" style=\"background-color:#282828 ;color:#FFFFFF;border-top-left-radius:1px;border-top-right-radius:1px\">\u00a1Si te gusta el senderismo, tenemos algo para ti!<\/div><div class=\"su-box-content su-u-clearfix su-u-trim\" style=\"border-bottom-left-radius:1px;border-bottom-right-radius:1px\"> Para ti explorador de experiencias y actividades, queremos que saques tu lado aventurero, que sientas emociones \u00fanicas. \u00bfTe atreves?<\/p>\n<div class=\"su-image-carousel  su-image-carousel-columns-5 su-image-carousel-has-spacing su-image-carousel-crop su-image-carousel-crop-2-3 su-image-carousel-has-outline su-image-carousel-slides-style-default su-image-carousel-controls-style-dark su-image-carousel-align-center\" style=\"max-width:600px\" data-flickity-options='{\"groupCells\":true,\"cellSelector\":\".su-image-carousel-item\",\"adaptiveHeight\":false,\"cellAlign\":\"left\",\"prevNextButtons\":true,\"pageDots\":true,\"autoPlay\":2000,\"imagesLoaded\":true,\"contain\":true,\"selectedAttraction\":0.025,\"friction\":0.28}' id=\"su_image_carousel_69f2aa76cd2aa\"><div class=\"su-image-carousel-item\"><div class=\"su-image-carousel-item-content\"><img loading=\"lazy\" decoding=\"async\" width=\"558\" height=\"747\" src=\"https:\/\/www.click-mallorca.com\/blog\/wp-content\/uploads\/2021\/04\/excursiones-mallorca-aventura-4.jpg\" class=\"\" alt=\"excursiones mallorca de aventura\" srcset=\"https:\/\/www.click-mallorca.com\/blog\/wp-content\/uploads\/2021\/04\/excursiones-mallorca-aventura-4.jpg 558w, https:\/\/www.click-mallorca.com\/blog\/wp-content\/uploads\/2021\/04\/excursiones-mallorca-aventura-4-224x300.jpg 224w, https:\/\/www.click-mallorca.com\/blog\/wp-content\/uploads\/2021\/04\/excursiones-mallorca-aventura-4-150x201.jpg 150w\" sizes=\"auto, (max-width: 558px) 100vw, 558px\" \/><\/div><\/div><div class=\"su-image-carousel-item\"><div class=\"su-image-carousel-item-content\"><img loading=\"lazy\" decoding=\"async\" width=\"543\" height=\"749\" src=\"https:\/\/www.click-mallorca.com\/blog\/wp-content\/uploads\/2021\/04\/excursiones-mallorca-aventura-3.jpg\" class=\"\" alt=\"excursiones mallorca\" srcset=\"https:\/\/www.click-mallorca.com\/blog\/wp-content\/uploads\/2021\/04\/excursiones-mallorca-aventura-3.jpg 543w, https:\/\/www.click-mallorca.com\/blog\/wp-content\/uploads\/2021\/04\/excursiones-mallorca-aventura-3-217x300.jpg 217w, https:\/\/www.click-mallorca.com\/blog\/wp-content\/uploads\/2021\/04\/excursiones-mallorca-aventura-3-150x207.jpg 150w\" sizes=\"auto, (max-width: 543px) 100vw, 543px\" \/><\/div><\/div><div class=\"su-image-carousel-item\"><div class=\"su-image-carousel-item-content\"><img loading=\"lazy\" decoding=\"async\" width=\"838\" height=\"844\" src=\"https:\/\/www.click-mallorca.com\/blog\/wp-content\/uploads\/2021\/04\/excursiones-mallorca-aventura-2.jpg\" class=\"\" alt=\"cueva coloms excursion\" srcset=\"https:\/\/www.click-mallorca.com\/blog\/wp-content\/uploads\/2021\/04\/excursiones-mallorca-aventura-2.jpg 838w, https:\/\/www.click-mallorca.com\/blog\/wp-content\/uploads\/2021\/04\/excursiones-mallorca-aventura-2-298x300.jpg 298w, https:\/\/www.click-mallorca.com\/blog\/wp-content\/uploads\/2021\/04\/excursiones-mallorca-aventura-2-150x151.jpg 150w, https:\/\/www.click-mallorca.com\/blog\/wp-content\/uploads\/2021\/04\/excursiones-mallorca-aventura-2-768x773.jpg 768w, https:\/\/www.click-mallorca.com\/blog\/wp-content\/uploads\/2021\/04\/excursiones-mallorca-aventura-2-160x160.jpg 160w, https:\/\/www.click-mallorca.com\/blog\/wp-content\/uploads\/2021\/04\/excursiones-mallorca-aventura-2-96x96.jpg 96w\" sizes=\"auto, (max-width: 838px) 100vw, 838px\" \/><\/div><\/div><div class=\"su-image-carousel-item\"><div class=\"su-image-carousel-item-content\"><img loading=\"lazy\" decoding=\"async\" width=\"552\" height=\"751\" src=\"https:\/\/www.click-mallorca.com\/blog\/wp-content\/uploads\/2021\/04\/excursiones-mallorca-aventura-1.jpg\" class=\"\" alt=\"excursiones mallorca\" srcset=\"https:\/\/www.click-mallorca.com\/blog\/wp-content\/uploads\/2021\/04\/excursiones-mallorca-aventura-1.jpg 552w, https:\/\/www.click-mallorca.com\/blog\/wp-content\/uploads\/2021\/04\/excursiones-mallorca-aventura-1-221x300.jpg 221w, https:\/\/www.click-mallorca.com\/blog\/wp-content\/uploads\/2021\/04\/excursiones-mallorca-aventura-1-150x204.jpg 150w\" sizes=\"auto, (max-width: 552px) 100vw, 552px\" \/><\/div><\/div><\/div><script id=\"su_image_carousel_69f2aa76cd2aa_script\">if(window.SUImageCarousel){setTimeout(function() {window.SUImageCarousel.initGallery(document.getElementById(\"su_image_carousel_69f2aa76cd2aa\"))}, 0);}var su_image_carousel_69f2aa76cd2aa_script=document.getElementById(\"su_image_carousel_69f2aa76cd2aa_script\");if(su_image_carousel_69f2aa76cd2aa_script){su_image_carousel_69f2aa76cd2aa_script.parentNode.removeChild(su_image_carousel_69f2aa76cd2aa_script);}<\/script>\n<div class=\"su-button-center\"><a href=\"https:\/\/www.click-mallorca.com\/actividades\/gente-joven\/\" class=\"su-button su-button-style-flat su-button-wide\" style=\"color:#FFFFFF;background-color:#1188ff;border-color:#0e6dcc;border-radius:5px\" target=\"_blank\" rel=\"noopener noreferrer\" id=\"RegistroAnunciante\"><span style=\"color:#FFFFFF;padding:8px 26px;font-size:20px;line-height:30px;border-color:#59acff;border-radius:5px;text-shadow:none\"><i class=\"sui sui-hand-o-right\" style=\"font-size:20px;color:#FFFFFF\"><\/i> Descubre aventuras \u00fanicas<\/span><\/a><\/div><\/div><\/div><\/div>\n\n\n\n<h2 class=\"wp-block-heading parrafo-azul\" id=\"karte-der-route-des-cami-des-correu\"><span class=\"ez-toc-section\" id=\"karte-der-route-des-cami-des-correu\"><\/span>Karte der Route des Cami des Correu<span class=\"ez-toc-section-end\"><\/span><\/h2>\n\n\n\n<p>Unten sehen Sie das Profil der Route dieses Ausflugs entlang des Cami des Correu. Sie haben auch den Link zu Wikiloc. Denken Sie daran, dass Sie die App kostenlos herunterladen und die Route mit Ihrem Smartphone verfolgen k\u00f6nnen.<\/p>\n\n\n\n<iframe loading=\"lazy\" frameBorder=\"0\" scrolling=\"no\" src=\"https:\/\/es.wikiloc.com\/wikiloc\/embedv2.do?id=35602670&#038;elevation=off&#038;images=off&#038;maptype=H\" width=\"600\" height=\"500\"><\/iframe><div style=\"color:#777;font-size:11px;line-height:16px;\">Powered by&nbsp;<a style=\"color:#4C8C2B;font-size:11px;line-height:16px;\" target=\"_blank\" href=\"https:\/\/es.wikiloc.com\">Wikiloc<\/a><\/div>\n\n\n\n<hr class=\"wp-block-separator has-text-color has-vivid-cyan-blue-color has-css-opacity has-vivid-cyan-blue-background-color has-background is-style-wide\"\/>\n\n\n\n<p><strong>Wir hoffen, Ihnen hat diese neue Ausflugs-\/Wanderroute durch Mallorca gefallen. <\/strong><\/p>\n\n\n\n<ul class=\"wp-block-list\">\n<li><strong>Haben Sie die Route Cami des Correu schon gemacht? <\/strong>Hinterlassen Sie uns Ihren Kommentar zu Ihrer Meinung<\/li>\n\n\n\n<li><strong>Hat Ihnen der Artikel gefallen? <\/strong>Teilen Sie es auf Facebook ha gustado el art\u00edculo? <\/li>\n<\/ul>\n\n\n\n<hr class=\"wp-block-separator has-text-color has-vivid-cyan-blue-color has-css-opacity has-vivid-cyan-blue-background-color has-background is-style-wide\"\/>\n\n\n<div class=\"su-box su-box-style-default\" id=\"\" style=\"border-color:#0055cc;border-radius:3px;\"><div class=\"su-box-title\" style=\"background-color:#1188ff;color:#FFFFFF;border-top-left-radius:1px;border-top-right-radius:1px\">Planen Sie Ihren Kurzurlaub auf Mallorca<\/div><div class=\"su-box-content su-u-clearfix su-u-trim\" style=\"border-bottom-left-radius:1px;border-bottom-right-radius:1px\">\n<div class=\"content-box-area\">\n<div class=\"content-item\">\n        <span class=\"c-icon\"><i class=\"fas fa-camera\"><\/i><\/span><br \/>\n<span>Die besten Optionen, um eine gute Zeit auf Mallorca zu verbringen: <a href=\"https:\/\/www.click-mallorca.com\/de\/\">Aktivit\u00e4ten auf Mallorca<\/a><\/span><\/div>\n<div class=\"content-item\">\n        <span class=\"c-icon\"><i class=\"fas fa-bed\"><\/i><\/span><br \/>\n<span>Hotel Angebote mit kostenloser Stornierung und zum besten Preis: <a href=\"https:\/\/expedia.com\/affiliate\/RrhNCLb\" rel=\"nofollow\">Hotels aufMallorca<\/a><\/span><\/div>\n<div class=\"content-item\">\n        <span class=\"c-icon\"><i class=\"fas fa-car\"><\/i><\/span><br \/>\n<span>Mietwagen zu den besten Preisen. <a href=\"https:\/\/www.rentcars.com\/de-de\/?requestorid=5324&amp;utm_source=www.click-mallorca.com&amp;utm_medium=afiliado-link\" rel=\"nofollow\">Autovermietung auf Mallorca<\/a><\/span><\/div>\n<div class=\"content-item\">\n        <span class=\"c-icon\"><i class=\"fas fa-plane\"><\/i><\/span><br \/>\n<span>Finden Sie Fl\u00fcge zum besten Preis nach Mallorca: <a href=\"https:\/\/skyscanner.pxf.io\/c\/3171348\/1027991\/13416?associateid=AFF_TRA_19354_00001\" rel=\"nofollow\">Fl\u00fcge nach Mallorca<\/a><\/span><\/div>\n<div class=\"content-item\">\n        <span class=\"c-icon\"><i class=\"fas fa-ship\"><\/i><\/span><br \/>\n<span>Bootsfahrten und Touren mit Boot und Katamaran: <a href=\"https:\/\/www.click-mallorca.com\/de\/aktivitaeten\/boot-und-katamaran-ausfluge\/\">Bootsausfl\u00fcge<\/a><\/span><\/div>\n<div class=\"content-item\">\n        <span class=\"c-icon\"><i class=\"fas fa-map\"><\/i><\/span><br \/>\n<span>Reiseversicherung: <a href=\"http:\/\/www.iatiseguros.com\/?r=67694918520896\">5 % Rabatt auf Ihre IATI-Versicherung<\/a><\/span><\/div>\n<\/div>\n<\/div><\/div>\n<!-- AddThis Advanced Settings generic via filter on the_content --><!-- AddThis Share Buttons generic via filter on the_content -->","protected":false},"excerpt":{"rendered":"<p>Der Ausflug Cami des Correu ist einer der besten Wanderausfl\u00fcge auf Mallorca und ideal zu jeder Jahreszeit. In diesem Artikel erkl\u00e4ren wir Ihnen den Ursprung des Cami des Correu und alle Informationen f\u00fcr diese Route.<!-- AddThis Advanced Settings generic via filter on get_the_excerpt --><!-- AddThis Share Buttons generic via filter on get_the_excerpt --><\/p>\n","protected":false},"author":2,"featured_media":5525,"comment_status":"open","ping_status":"open","sticky":false,"template":"","format":"standard","meta":{"footnotes":""},"categories":[266],"tags":[],"class_list":["post-10882","post","type-post","status-publish","format-standard","has-post-thumbnail","hentry","category-sehenswurdigkeiten-mallorca"],"lang":"de","translations":{"de":10882,"es":5514},"pll_sync_post":[],"_links":{"self":[{"href":"https:\/\/www.click-mallorca.com\/blog\/wp-json\/wp\/v2\/posts\/10882","targetHints":{"allow":["GET"]}}],"collection":[{"href":"https:\/\/www.click-mallorca.com\/blog\/wp-json\/wp\/v2\/posts"}],"about":[{"href":"https:\/\/www.click-mallorca.com\/blog\/wp-json\/wp\/v2\/types\/post"}],"author":[{"embeddable":true,"href":"https:\/\/www.click-mallorca.com\/blog\/wp-json\/wp\/v2\/users\/2"}],"replies":[{"embeddable":true,"href":"https:\/\/www.click-mallorca.com\/blog\/wp-json\/wp\/v2\/comments?post=10882"}],"version-history":[{"count":9,"href":"https:\/\/www.click-mallorca.com\/blog\/wp-json\/wp\/v2\/posts\/10882\/revisions"}],"predecessor-version":[{"id":19117,"href":"https:\/\/www.click-mallorca.com\/blog\/wp-json\/wp\/v2\/posts\/10882\/revisions\/19117"}],"wp:featuredmedia":[{"embeddable":true,"href":"https:\/\/www.click-mallorca.com\/blog\/wp-json\/wp\/v2\/media\/5525"}],"wp:attachment":[{"href":"https:\/\/www.click-mallorca.com\/blog\/wp-json\/wp\/v2\/media?parent=10882"}],"wp:term":[{"taxonomy":"category","embeddable":true,"href":"https:\/\/www.click-mallorca.com\/blog\/wp-json\/wp\/v2\/categories?post=10882"},{"taxonomy":"post_tag","embeddable":true,"href":"https:\/\/www.click-mallorca.com\/blog\/wp-json\/wp\/v2\/tags?post=10882"}],"curies":[{"name":"wp","href":"https:\/\/api.w.org\/{rel}","templated":true}]}}