{"id":10931,"date":"2025-02-14T13:18:09","date_gmt":"2025-02-14T13:18:09","guid":{"rendered":"https:\/\/www.click-mallorca.com\/blog\/?p=10931"},"modified":"2025-06-30T13:21:46","modified_gmt":"2025-06-30T13:21:46","slug":"puig-des-teix-wanderroute-auf-mallorca","status":"publish","type":"post","link":"https:\/\/www.click-mallorca.com\/blog\/de\/wandern\/puig-des-teix-wanderroute-auf-mallorca\/","title":{"rendered":"Puig des Teix: Wanderroute auf Mallorca"},"content":{"rendered":"\n<p><strong>Heute reisen wir f\u00fcr eine Wanderroute in eine der sch\u00f6nsten St\u00e4dte Mallorcas, Valldemossa: den Ausflug zum Puig des Teix.<\/strong> Dies ist ein Ausflug auf einen der \u00fcber 1000 Meter hohen Berge Mallorcas und eine der beliebtesten Wanderrouten auf Mallorca. <\/p>\n\n\n<div class=\"wp-block-image wp-block-image aligncenter size-large is-resized\">\n<figure class=\"\"><img loading=\"lazy\" decoding=\"async\" width=\"1024\" height=\"657\" src=\"https:\/\/www.click-mallorca.com\/blog\/wp-content\/uploads\/2021\/04\/PUIG-DES-TEIX-1024x657.jpg\" alt=\"puig des teix\" class=\"wp-image-5350\" srcset=\"https:\/\/www.click-mallorca.com\/blog\/wp-content\/uploads\/2021\/04\/PUIG-DES-TEIX-1024x657.jpg 1024w, https:\/\/www.click-mallorca.com\/blog\/wp-content\/uploads\/2021\/04\/PUIG-DES-TEIX-300x193.jpg 300w, https:\/\/www.click-mallorca.com\/blog\/wp-content\/uploads\/2021\/04\/PUIG-DES-TEIX-768x493.jpg 768w, https:\/\/www.click-mallorca.com\/blog\/wp-content\/uploads\/2021\/04\/PUIG-DES-TEIX-150x96.jpg 150w, https:\/\/www.click-mallorca.com\/blog\/wp-content\/uploads\/2021\/04\/PUIG-DES-TEIX.jpg 1228w\" sizes=\"auto, (max-width: 1024px) 100vw, 1024px\" \/><\/figure><\/div>\n\n\n<p>Wir beginnen mit einer kurzen technischen Beschreibung des Ausflugs zum Puig des Teix, dann mit der Beschreibung der Reiseroute mit Fotos, einer Karte der Route auf Wikiloc und f\u00fcgen auch ein paar Informationen zu einigen der Sehensw\u00fcrdigkeiten hinzu, die wir w\u00e4hrend des Ausflugs sehen werden der Weg zum Puig des Teix.  <\/p>\n\n\n\n<p><\/p>\n\n\n\n<div id=\"ez-toc-container\" class=\"ez-toc-v2_0_72 counter-hierarchy ez-toc-counter ez-toc-light-blue ez-toc-container-direction\">\n<label for=\"ez-toc-cssicon-toggle-item-69f4638e2ccbe\" class=\"ez-toc-cssicon-toggle-label\"><span class=\"\"><span class=\"eztoc-hide\" style=\"display:none;\">Toggle<\/span><span class=\"ez-toc-icon-toggle-span\"><svg style=\"fill: #999;color:#999\" xmlns=\"http:\/\/www.w3.org\/2000\/svg\" class=\"list-377408\" width=\"20px\" height=\"20px\" viewBox=\"0 0 24 24\" fill=\"none\"><path d=\"M6 6H4v2h2V6zm14 0H8v2h12V6zM4 11h2v2H4v-2zm16 0H8v2h12v-2zM4 16h2v2H4v-2zm16 0H8v2h12v-2z\" fill=\"currentColor\"><\/path><\/svg><svg style=\"fill: #999;color:#999\" class=\"arrow-unsorted-368013\" xmlns=\"http:\/\/www.w3.org\/2000\/svg\" width=\"10px\" height=\"10px\" viewBox=\"0 0 24 24\" version=\"1.2\" baseProfile=\"tiny\"><path d=\"M18.2 9.3l-6.2-6.3-6.2 6.3c-.2.2-.3.4-.3.7s.1.5.3.7c.2.2.4.3.7.3h11c.3 0 .5-.1.7-.3.2-.2.3-.5.3-.7s-.1-.5-.3-.7zM5.8 14.7l6.2 6.3 6.2-6.3c.2-.2.3-.5.3-.7s-.1-.5-.3-.7c-.2-.2-.4-.3-.7-.3h-11c-.3 0-.5.1-.7.3-.2.2-.3.5-.3.7s.1.5.3.7z\"\/><\/svg><\/span><\/span><\/label><input type=\"checkbox\"  id=\"ez-toc-cssicon-toggle-item-69f4638e2ccbe\"  aria-label=\"Toggle\" \/><nav><ul class='ez-toc-list ez-toc-list-level-1 ' ><li class='ez-toc-page-1 ez-toc-heading-level-2'><a class=\"ez-toc-link ez-toc-heading-1\" href=\"https:\/\/www.click-mallorca.com\/blog\/de\/wandern\/puig-des-teix-wanderroute-auf-mallorca\/#technische-details-der-route-zum-puig-des-teix\" title=\"Technische Details der Route zum Puig des Teix\">Technische Details der Route zum Puig des Teix<\/a><\/li><li class='ez-toc-page-1 ez-toc-heading-level-2'><a class=\"ez-toc-link ez-toc-heading-2\" href=\"https:\/\/www.click-mallorca.com\/blog\/de\/wandern\/puig-des-teix-wanderroute-auf-mallorca\/#reiseroute-der-route-zum-puig-des-teix\" title=\"Reiseroute der Route zum Puig des Teix\">Reiseroute der Route zum Puig des Teix<\/a><\/li><li class='ez-toc-page-1 ez-toc-heading-level-2'><a class=\"ez-toc-link ez-toc-heading-3\" href=\"https:\/\/www.click-mallorca.com\/blog\/de\/wandern\/puig-des-teix-wanderroute-auf-mallorca\/#karte-der-route-zum-puig-des-teix\" title=\"Karte der Route zum Puig des Teix\">Karte der Route zum Puig des Teix<\/a><\/li><\/ul><\/nav><\/div>\n<h2 class=\"wp-block-heading parrafo-azul\" id=\"technische-details-der-route-zum-puig-des-teix\"><span class=\"ez-toc-section\" id=\"technische-details-der-route-zum-puig-des-teix\"><\/span>Technische Details der Route zum Puig des Teix<span class=\"ez-toc-section-end\"><\/span><\/h2>\n\n\n\n<ul class=\"wp-block-list\">\n<li><strong>Dauer:<\/strong> Es handelt sich um einen langen Ausflug, da wir zwischen der Route und den Haltestellen etwa sechs Stunden daf\u00fcr einplanen m\u00fcssen. <\/li>\n\n\n\n<li><strong>Schwierigkeitsgrad:<\/strong> Es handelt sich um einen Ausflug mit einigen Schwierigkeiten im Sinne einer langen Strecke und einem Abschnitt mit steilem Gef\u00e4lle. Ansonsten sind die Route und die Wanderwege leicht zu befolgen. Allerdings muss man in Form sein, denn der Puig des Teix ist \u00fcber tausend Meter hoch.<\/li>\n\n\n\n<li><strong>Entfernung:<\/strong> ca. 14 Kilometer<\/li>\n\n\n\n<li><strong>Art des Ausflugs: <\/strong>Wanderroute, die nicht kreisf\u00f6rmig ist, da wir hin und zur\u00fcck den gleichen Weg nutzen. Wir werden den Puig des Teix \u00fcber Es Cairats besteigen.<\/li>\n\n\n\n<li><strong>Ort: Der Ausgangspunkt des Ausflugs ist in Valldemossa. <\/strong>Wer in den Urlaub kommt und kein Auto gemietet hat, kann von Palma aus mit dem Bus nach Valldemossa oder von Palma aus mit dem Auto nach Valldemossa gelangen<strong>.<\/strong><\/li>\n<\/ul>\n\n\n\n<h2 class=\"wp-block-heading parrafo-azul\" id=\"reiseroute-der-route-zum-puig-des-teix\"><span class=\"ez-toc-section\" id=\"reiseroute-der-route-zum-puig-des-teix\"><\/span>Reiseroute der Route zum Puig des Teix <span class=\"ez-toc-section-end\"><\/span><\/h2>\n\n\n\n<p><strong>Wir beginnen unseren Ausflug zum Puig des Teix in der Urbanisation S&#8217;Arxiduc<\/strong>, genauer gesagt in der Stra\u00dfe Xesc Forteza, wo der Cami de Son Moragues beginnt, der uns auf den Gipfel des <a href=\"https:\/\/de.wikipedia.org\/wiki\/Puig_des_Teix\">Puig des Teix<\/a> f\u00fchrt. Der Karrenweg ist sehr einfach zu begehen und wir werden zwei Hindernisse \u00fcberwinden. Bei der letzten davon handelt es sich um eine Vieh\u00fcbergangsbarriere mit einem Gitter aus Gitterst\u00e4ben auf dem Boden. Hier sehen wir, dass sich der Weg gabelt und wir m\u00fcssen links entlang der Coma dels Cairats weitergehen. <\/p>\n\n\n<div class=\"wp-block-image wp-block-image aligncenter size-large is-resized\">\n<figure class=\"\"><img loading=\"lazy\" decoding=\"async\" width=\"800\" height=\"536\" src=\"https:\/\/www.click-mallorca.com\/blog\/wp-content\/uploads\/2021\/04\/puig-des-teix-1.jpg\" alt=\"Beginn der Route zum Puig des Teix\" class=\"wp-image-5345\" srcset=\"https:\/\/www.click-mallorca.com\/blog\/wp-content\/uploads\/2021\/04\/puig-des-teix-1.jpg 800w, https:\/\/www.click-mallorca.com\/blog\/wp-content\/uploads\/2021\/04\/puig-des-teix-1-300x201.jpg 300w, https:\/\/www.click-mallorca.com\/blog\/wp-content\/uploads\/2021\/04\/puig-des-teix-1-768x515.jpg 768w, https:\/\/www.click-mallorca.com\/blog\/wp-content\/uploads\/2021\/04\/puig-des-teix-1-150x101.jpg 150w\" sizes=\"auto, (max-width: 800px) 100vw, 800px\" \/><\/figure><\/div>\n\n\n<p>Und so erreichen wir nach einigen Kurven das <strong>Eingangstor zum Anwesen Son Moragues<\/strong>. Auf der rechten Seite haben wir einen Steinwerfer gefunden. Ab diesem Punkt der Reiseroute wird die Route komplizierter. Wir werden nach und nach einen Weg mit ziemlich steilem Gef\u00e4lle hinauffgehen. Trotz allem ist dieser Teil des Weges wundersch\u00f6n, denn wir werden Elemente der Popul\u00e4rkultur finden, die wichtige traditionelle Aktivit\u00e4ten waren. Beispielsweise f\u00fchrt Sie fast direkt nach dem Start auf der linken Seite ein kleiner Weg zu einem Kalkofen. Weiter unten finden wir eine Darstellung des Steinkohlenbergbaus mit seinem \u201eSitja Rottlo\u201c, seiner H\u00fctte und sogar seinem Brotbackofen. <\/p>\n\n\n<div class=\"wp-block-image wp-block-image aligncenter size-large is-resized\">\n<figure class=\"\"><img loading=\"lazy\" decoding=\"async\" width=\"800\" height=\"536\" src=\"https:\/\/www.click-mallorca.com\/blog\/wp-content\/uploads\/2021\/04\/puig-des-teix-4.jpg\" alt=\"Rastplatz vor dem Puig des Teix\" class=\"wp-image-5347\" srcset=\"https:\/\/www.click-mallorca.com\/blog\/wp-content\/uploads\/2021\/04\/puig-des-teix-4.jpg 800w, https:\/\/www.click-mallorca.com\/blog\/wp-content\/uploads\/2021\/04\/puig-des-teix-4-300x201.jpg 300w, https:\/\/www.click-mallorca.com\/blog\/wp-content\/uploads\/2021\/04\/puig-des-teix-4-768x515.jpg 768w, https:\/\/www.click-mallorca.com\/blog\/wp-content\/uploads\/2021\/04\/puig-des-teix-4-150x101.jpg 150w\" sizes=\"auto, (max-width: 800px) 100vw, 800px\" \/><\/figure><\/div>\n\n\n<p>Etwa drei Kilometer sp\u00e4ter<strong> erreichen wir die Fuente dels Polls<\/strong> (Pappeln, B\u00e4ume, die diesem Brunnen seinen Namen geben), ein guter Ort, um einen kurzen Stopp einzulegen, um neue Energie zu tanken, bevor wir den Aufstieg zum Puig des Teix fortsetzen. Wir sagen kurz, weil wir noch den schwierigsten Teil des Aufstiegs vor uns haben, etwa 600 Meter bis zur Schutzh\u00fctte Son Moragues. Auf der rechten Seite finden wir eines der am niedrigsten gelegenen Schneeh\u00e4user in der Sierra de Tramuntana, in einem unschlagbaren Zustand. Vergessen Sie also nicht, es zu besuchen. Au\u00dferdem endet hier der Forstweg.<\/p>\n\n\n\n<p>Wir sind auf halbem Weg zum Puig des Teix. Nun geht es weiter auf einem Reitweg, der sehr gut zu begehen ist. Etwa 20 Minuten sp\u00e4ter <strong>m\u00fcssen wir auf die Abzweigung achten, die uns zum Puig des Teix f\u00fchrt.<\/strong> Wir werden sehen, dass es einen gro\u00dfen \u201eFita\u201c (Steinmeilenstein) gibt und dass der Weg von dort in Richtung Puig des Teix f\u00fchrt. Wenn wir weiter nach links gingen, w\u00fcrden wir \u00fcber den Arxiduc-Pfad in Richtung Pla de Pouet gehen. <\/p>\n\n\n<div class=\"wp-block-image wp-block-image aligncenter size-large is-resized\">\n<figure class=\"\"><img loading=\"lazy\" decoding=\"async\" width=\"800\" height=\"536\" src=\"https:\/\/www.click-mallorca.com\/blog\/wp-content\/uploads\/2021\/04\/puig-des-teix-3.jpg\" alt=\"Ansichten von oben\" class=\"wp-image-5346\" srcset=\"https:\/\/www.click-mallorca.com\/blog\/wp-content\/uploads\/2021\/04\/puig-des-teix-3.jpg 800w, https:\/\/www.click-mallorca.com\/blog\/wp-content\/uploads\/2021\/04\/puig-des-teix-3-300x201.jpg 300w, https:\/\/www.click-mallorca.com\/blog\/wp-content\/uploads\/2021\/04\/puig-des-teix-3-768x515.jpg 768w, https:\/\/www.click-mallorca.com\/blog\/wp-content\/uploads\/2021\/04\/puig-des-teix-3-150x101.jpg 150w\" sizes=\"auto, (max-width: 800px) 100vw, 800px\" \/><\/figure><\/div>\n\n\n<p>Dieser Weg ist schmal und etwas weiter f\u00fchrt er an einem Abhang in Form einer Felsstufe vorbei, die ein einfaches Klettern mit den H\u00e4nden erfordert. Etwa f\u00fcnf Minuten sp\u00e4ter erreichten wir eine Trockenmauer, die das Ende des Anwesens Son Moragues und den Eingang zum Teix Possessi\u00f3 markiert. Wir \u00fcberqueren diese Mauer \u00fcber eine Holztreppe und gehen weiter durch ein flaches Gebiet, den Pla de la Serp. Wir sind jetzt im letzten Teil und bereit f\u00fcr den letzten Anstieg zum Puig des Teix. <strong>Als wir eine Art Kreuzung erreichen, haben wir Puig Teix vor uns.<\/strong> Zum Abschluss gehen wir nach links und folgen einigen steinernen Meilensteinen, um in 15 Minuten den Gipfel des Puig des Teix auf 1.058 Metern H\u00f6he zu erreichen. Auf seinem Gipfel finden wir einen geod\u00e4tischen Scheitelpunkt und ein Metallkreuz, die 1987 von der Voltors-Gruppe installiert wurden. <\/p>\n\n\n<div class=\"wp-block-image wp-block-image aligncenter size-large is-resized\">\n<figure class=\"\"><img loading=\"lazy\" decoding=\"async\" width=\"800\" height=\"536\" src=\"https:\/\/www.click-mallorca.com\/blog\/wp-content\/uploads\/2021\/04\/puig-des-teix-2.jpg\" alt=\"Puig des Teix\" class=\"wp-image-5348\" srcset=\"https:\/\/www.click-mallorca.com\/blog\/wp-content\/uploads\/2021\/04\/puig-des-teix-2.jpg 800w, https:\/\/www.click-mallorca.com\/blog\/wp-content\/uploads\/2021\/04\/puig-des-teix-2-300x201.jpg 300w, https:\/\/www.click-mallorca.com\/blog\/wp-content\/uploads\/2021\/04\/puig-des-teix-2-768x515.jpg 768w, https:\/\/www.click-mallorca.com\/blog\/wp-content\/uploads\/2021\/04\/puig-des-teix-2-150x101.jpg 150w\" sizes=\"auto, (max-width: 800px) 100vw, 800px\" \/><\/figure><\/div>\n\n\n<p>Von der Spitze des Puig des Teix aus k\u00f6nnen wir einen weiten Panoramablick auf die K\u00fcste von Deia, den Puig Galtazo, das Rateta-Gebirge und den Puig Massanella genie\u00dfen. Es ist einer der klassischen Berge Mallorcas, und trotz der H\u00e4rte des Aufstiegs , die Aussicht von oben macht das mehr als wett. Seinen Namen verdankt er den Eiben (B\u00e4umen), die sich in der N\u00e4he der Spitze befanden und von denen es auf Mallorca nur noch wenige Exemplare gibt. <\/p>\n\n\n<div class=\"n2-section-smartslider fitvidsignore  n2_clear\" data-ssid=\"8\" tabindex=\"0\" role=\"region\" aria-label=\"Slider\"><div id=\"n2-ss-8-align\" class=\"n2-ss-align\"><div class=\"n2-padding\"><div id=\"n2-ss-8\" data-creator=\"Smart Slider 3\" data-responsive=\"auto\" class=\"n2-ss-slider n2-ow n2-has-hover n2notransition  \">\n        <div class=\"n2-ss-slider-1 n2-ow\">\n            <div class=\"n2-ss-slider-2 n2-ow\">\n                <div class=\"n2-ss-slide-backgrounds n2-ow-all\"><div class=\"n2-ss-slide-background\" data-public-id=\"1\" data-mode=\"fill\"><div class=\"n2-ss-slide-background-image\" data-blur=\"0\" data-opacity=\"50\" data-x=\"35\" data-y=\"50\" data-alt=\"mallorca ausfluge\" data-title=\"mallorca ausfluge\" style=\"opacity:0.5;--ss-o-pos-x:35%\"><picture class=\"skip-lazy\" data-skip-lazy=\"1\"><img decoding=\"async\" src=\"\/\/www.click-mallorca.com\/blog\/wp-content\/uploads\/2022\/12\/mallorca.jpg\" alt=\"mallorca ausfluge\" title=\"mallorca ausfluge\" loading=\"lazy\" class=\"skip-lazy\" data-skip-lazy=\"1\"><\/picture><\/div><div data-color=\"RGBA(60,60,60,1)\" style=\"background-color: RGBA(60,60,60,1);\" class=\"n2-ss-slide-background-color\"><\/div><\/div><\/div>                <div class=\"n2-ss-slider-3 n2-ow\">\n                    <svg xmlns=\"http:\/\/www.w3.org\/2000\/svg\" viewBox=\"0 0 1220 312\" data-related-device=\"desktopPortrait\" class=\"n2-ow n2-ss-preserve-size n2-ss-preserve-size--slider n2-ss-slide-limiter\"><\/svg><div data-first=\"1\" data-slide-duration=\"0\" data-id=\"9\" data-slide-public-id=\"1\" data-title=\"canoeing\" class=\"n2-ss-slide n2-ow  n2-ss-slide-9\"><div role=\"note\" class=\"n2-ss-slide--focus\" tabindex=\"-1\">canoeing<\/div><div class=\"n2-ss-layers-container n2-ss-slide-limiter n2-ow\"><div class=\"n2-ss-layer n2-ow n-uc-Cv2aSe9YcLe0\" data-sstype=\"slide\" data-pm=\"default\"><div class=\"n2-ss-layer n2-ow n-uc-SL3DjMWK1AMl\" data-pm=\"default\" data-sstype=\"content\" data-hasbackground=\"0\"><div class=\"n2-ss-section-main-content n2-ss-layer-with-background n2-ss-layer-content n2-ow n-uc-SL3DjMWK1AMl-inner\"><div class=\"n2-ss-layer n2-ow n-uc-FIrwpYv6nyW3\" data-pm=\"normal\" data-sstype=\"layer\"><div id=\"n2-ss-8item1\" class=\"n2-font-a5e2522f416001c57981fbde2ee9382f-hover   n2-ss-item-content n2-ss-text n2-ow\" style=\"display:block;\">A\u00fcsfluge auf Mallorca<\/div><\/div><div class=\"n2-ss-layer n2-ow n-uc-yWAdSJ3P1vpi\" data-pm=\"normal\" data-sstype=\"layer\"><div id=\"n2-ss-8item2\" class=\"n2-font-e444516f3cd201d3c6c7798a5ce0ed55-hover   n2-ss-item-content n2-ss-text n2-ow\" style=\"display:block;\">Die besten Ausfl\u00fcge und Top Sehensw\u00fcrdigkeiten<\/div><\/div><div class=\"n2-ss-layer n2-ow n-uc-AGCjJyjgiivP\" data-pm=\"normal\" data-sstype=\"layer\"><div class=\"n2-ss-button-container n2-ss-item-content n2-ow n2-font-aa17aaeef61b48c1ce9107526e93a5f5-link  n2-ss-nowrap\"><a class=\"n2-style-91de29be64dbe428acccb3b339585304-heading  n2-ow \" href=\"https:\/\/www.click-mallorca.com\/de\/\"><div><div>Mehr Info<\/div><\/div><\/a><\/div><\/div><\/div><\/div><\/div><\/div><\/div>                <\/div>\n                            <\/div>\n        <\/div>\n        <\/div><ss3-loader><\/ss3-loader><\/div><\/div><div class=\"n2_clear\"><\/div><\/div>\n\n\n<h2 class=\"wp-block-heading parrafo-azul\" id=\"karte-der-route-zum-puig-des-teix\"><span class=\"ez-toc-section\" id=\"karte-der-route-zum-puig-des-teix\"><\/span>Karte der Route zum Puig des Teix <span class=\"ez-toc-section-end\"><\/span><\/h2>\n\n\n\n<p>Unten sehen Sie das Routenprofil dieses Ausflugs zum Puig des Teix. Sie haben auch den Link zu Wikiloc. Denken Sie daran, dass Sie die App kostenlos herunterladen und die Route mit Ihrem Smartphone verfolgen k\u00f6nnen. <\/p>\n\n\n\n<iframe loading=\"lazy\" frameborder=\"0\" scrolling=\"no\" src=\"https:\/\/es.wikiloc.com\/wikiloc\/spatialArtifacts.do?event=view&amp;id=12430768&amp;measures=off&amp;title=on&amp;near=off&amp;images=off&amp;maptype=H\" width=\"700\" height=\"550\"><\/iframe><div style=\"color:#777;font-size:11px;line-height:16px;\">Powered by <a style=\"color:#06d;font-size:11px;line-height:16px;\" target=\"_blank\" href=\"https:\/\/es.wikiloc.com\" rel=\"noopener noreferrer\">Wikiloc<\/a><\/div>\n\n\n\n<hr class=\"wp-block-separator has-text-color has-vivid-cyan-blue-color has-css-opacity has-vivid-cyan-blue-background-color has-background is-style-wide\"\/>\n\n\n\n<p><strong>Wir hoffen, Ihnen hat diese neue Ausflugs-\/Wanderroute durch Mallorca gefallen. <\/strong><\/p>\n\n\n\n<ul class=\"wp-block-list\">\n<li><strong>Haben Sie die Route zum Puig des <\/strong>Teix schon gemacht? Hinterlassen Sie uns Ihren Kommentar zu Ihrer Meinung <\/li>\n\n\n\n<li> <strong>Hat Ihnen der Artikel gefallen? <\/strong>Teilen Sie es auf Facebook<\/li>\n<\/ul>\n\n\n<div class=\"su-box su-box-style-default\" id=\"\" style=\"border-color:#0055cc;border-radius:3px;\"><div class=\"su-box-title\" style=\"background-color:#1188ff;color:#FFFFFF;border-top-left-radius:1px;border-top-right-radius:1px\">Planen Sie Ihren Kurzurlaub auf Mallorca<\/div><div class=\"su-box-content su-u-clearfix su-u-trim\" style=\"border-bottom-left-radius:1px;border-bottom-right-radius:1px\">\n<div class=\"content-box-area\">\n<div class=\"content-item\">\n        <span class=\"c-icon\"><i class=\"fas fa-camera\"><\/i><\/span><br \/>\n<span>Die besten Optionen, um eine gute Zeit auf Mallorca zu verbringen: <a href=\"https:\/\/www.click-mallorca.com\/de\/\">Aktivit\u00e4ten auf Mallorca<\/a><\/span><\/div>\n<div class=\"content-item\">\n        <span class=\"c-icon\"><i class=\"fas fa-bed\"><\/i><\/span><br \/>\n<span>Hotel Angebote mit kostenloser Stornierung und zum besten Preis: <a href=\"https:\/\/expedia.com\/affiliate\/RrhNCLb\" rel=\"nofollow\">Hotels aufMallorca<\/a><\/span><\/div>\n<div class=\"content-item\">\n        <span class=\"c-icon\"><i class=\"fas fa-car\"><\/i><\/span><br \/>\n<span>Mietwagen zu den besten Preisen. <a href=\"https:\/\/www.rentcars.com\/de-de\/?requestorid=5324&amp;utm_source=www.click-mallorca.com&amp;utm_medium=afiliado-link\" rel=\"nofollow\">Autovermietung auf Mallorca<\/a><\/span><\/div>\n<div class=\"content-item\">\n        <span class=\"c-icon\"><i class=\"fas fa-plane\"><\/i><\/span><br \/>\n<span>Finden Sie Fl\u00fcge zum besten Preis nach Mallorca: <a href=\"https:\/\/skyscanner.pxf.io\/c\/3171348\/1027991\/13416?associateid=AFF_TRA_19354_00001\" rel=\"nofollow\">Fl\u00fcge nach Mallorca<\/a><\/span><\/div>\n<div class=\"content-item\">\n        <span class=\"c-icon\"><i class=\"fas fa-ship\"><\/i><\/span><br \/>\n<span>Bootsfahrten und Touren mit Boot und Katamaran: <a href=\"https:\/\/www.click-mallorca.com\/de\/aktivitaeten\/boot-und-katamaran-ausfluge\/\">Bootsausfl\u00fcge<\/a><\/span><\/div>\n<div class=\"content-item\">\n        <span class=\"c-icon\"><i class=\"fas fa-map\"><\/i><\/span><br \/>\n<span>Reiseversicherung: <a href=\"http:\/\/www.iatiseguros.com\/?r=67694918520896\">5 % Rabatt auf Ihre IATI-Versicherung<\/a><\/span><\/div>\n<\/div>\n<\/div><\/div>\n<!-- AddThis Advanced Settings generic via filter on the_content --><!-- AddThis Share Buttons generic via filter on the_content -->","protected":false},"excerpt":{"rendered":"<p>In unserem neuen Artikel schlagen wir eine neue Wanderroute auf Mallorca vor, den Ausflug zum Puig des Teix in Valldemossa. Mit allen Informationen, die Sie ben\u00f6tigen, um Ihre Route zu planen und einen angenehmen Ausflug durch Mallorca zu genie\u00dfen.<!-- AddThis Advanced Settings generic via filter on get_the_excerpt --><!-- AddThis Share Buttons generic via filter on get_the_excerpt --><\/p>\n","protected":false},"author":2,"featured_media":5350,"comment_status":"open","ping_status":"open","sticky":false,"template":"","format":"standard","meta":{"footnotes":""},"categories":[262],"tags":[],"class_list":["post-10931","post","type-post","status-publish","format-standard","has-post-thumbnail","hentry","category-wandern"],"lang":"de","translations":{"de":10931,"es":5343},"pll_sync_post":[],"_links":{"self":[{"href":"https:\/\/www.click-mallorca.com\/blog\/wp-json\/wp\/v2\/posts\/10931","targetHints":{"allow":["GET"]}}],"collection":[{"href":"https:\/\/www.click-mallorca.com\/blog\/wp-json\/wp\/v2\/posts"}],"about":[{"href":"https:\/\/www.click-mallorca.com\/blog\/wp-json\/wp\/v2\/types\/post"}],"author":[{"embeddable":true,"href":"https:\/\/www.click-mallorca.com\/blog\/wp-json\/wp\/v2\/users\/2"}],"replies":[{"embeddable":true,"href":"https:\/\/www.click-mallorca.com\/blog\/wp-json\/wp\/v2\/comments?post=10931"}],"version-history":[{"count":6,"href":"https:\/\/www.click-mallorca.com\/blog\/wp-json\/wp\/v2\/posts\/10931\/revisions"}],"predecessor-version":[{"id":18474,"href":"https:\/\/www.click-mallorca.com\/blog\/wp-json\/wp\/v2\/posts\/10931\/revisions\/18474"}],"wp:featuredmedia":[{"embeddable":true,"href":"https:\/\/www.click-mallorca.com\/blog\/wp-json\/wp\/v2\/media\/5350"}],"wp:attachment":[{"href":"https:\/\/www.click-mallorca.com\/blog\/wp-json\/wp\/v2\/media?parent=10931"}],"wp:term":[{"taxonomy":"category","embeddable":true,"href":"https:\/\/www.click-mallorca.com\/blog\/wp-json\/wp\/v2\/categories?post=10931"},{"taxonomy":"post_tag","embeddable":true,"href":"https:\/\/www.click-mallorca.com\/blog\/wp-json\/wp\/v2\/tags?post=10931"}],"curies":[{"name":"wp","href":"https:\/\/api.w.org\/{rel}","templated":true}]}}