{"id":1112,"date":"2014-01-23T09:00:00","date_gmt":"2014-01-23T09:00:00","guid":{"rendered":"https:\/\/www.click-mallorca.com\/blog\/?p=1112"},"modified":"2024-12-22T08:53:01","modified_gmt":"2024-12-22T08:53:01","slug":"funicular-mallorca-puig-mayor","status":"publish","type":"post","link":"https:\/\/www.click-mallorca.com\/blog\/rincones\/funicular-mallorca-puig-mayor\/","title":{"rendered":"Un proyecto de funicular en Mallorca"},"content":{"rendered":"\n<p>Hoy en nuestra secci\u00f3n &#8220;sab\u00edas que?&#8221; nos vamos hasta el a\u00f1o 1928, y compartimos con vosotros una de las curiosidades que m\u00e1s llama la atenci\u00f3n a los clientes que hacen con nosotros la excursi\u00f3n a <a href=\"https:\/\/www.click-mallorca.com\/blog\/sitios\/soller\/\">Soller<\/a> y la <a href=\"https:\/\/www.click-mallorca.com\/excursiones\/excusion-en-barca-a-sa-calobra\/\">Calobra<\/a>. Se trata del antiguo proyecto de construir un funicular hasta el Puig Mayor.<\/p>\n\n\n\n<!--more-->\n\n\n\n<p>A continuaci\u00f3n os explicamos unos cuantos detalles de tan ambicioso proyecto, del que apenas muchos mallorquines conocen su historia.<\/p>\n\n\n\n<div id=\"ez-toc-container\" class=\"ez-toc-v2_0_72 counter-hierarchy ez-toc-counter ez-toc-light-blue ez-toc-container-direction\">\n<label for=\"ez-toc-cssicon-toggle-item-69f4e889c0b6c\" class=\"ez-toc-cssicon-toggle-label\"><span class=\"\"><span class=\"eztoc-hide\" style=\"display:none;\">Toggle<\/span><span class=\"ez-toc-icon-toggle-span\"><svg style=\"fill: #999;color:#999\" xmlns=\"http:\/\/www.w3.org\/2000\/svg\" class=\"list-377408\" width=\"20px\" height=\"20px\" viewBox=\"0 0 24 24\" fill=\"none\"><path d=\"M6 6H4v2h2V6zm14 0H8v2h12V6zM4 11h2v2H4v-2zm16 0H8v2h12v-2zM4 16h2v2H4v-2zm16 0H8v2h12v-2z\" fill=\"currentColor\"><\/path><\/svg><svg style=\"fill: #999;color:#999\" class=\"arrow-unsorted-368013\" xmlns=\"http:\/\/www.w3.org\/2000\/svg\" width=\"10px\" height=\"10px\" viewBox=\"0 0 24 24\" version=\"1.2\" baseProfile=\"tiny\"><path d=\"M18.2 9.3l-6.2-6.3-6.2 6.3c-.2.2-.3.4-.3.7s.1.5.3.7c.2.2.4.3.7.3h11c.3 0 .5-.1.7-.3.2-.2.3-.5.3-.7s-.1-.5-.3-.7zM5.8 14.7l6.2 6.3 6.2-6.3c.2-.2.3-.5.3-.7s-.1-.5-.3-.7c-.2-.2-.4-.3-.7-.3h-11c-.3 0-.5.1-.7.3-.2.2-.3.5-.3.7s.1.5.3.7z\"\/><\/svg><\/span><\/span><\/label><input type=\"checkbox\"  id=\"ez-toc-cssicon-toggle-item-69f4e889c0b6c\"  aria-label=\"Toggle\" \/><nav><ul class='ez-toc-list ez-toc-list-level-1 ' ><li class='ez-toc-page-1 ez-toc-heading-level-2'><a class=\"ez-toc-link ez-toc-heading-1\" href=\"https:\/\/www.click-mallorca.com\/blog\/rincones\/funicular-mallorca-puig-mayor\/#antecedentes-del-funicular-del-puig-mayor-en-mallorca\" title=\"Antecedentes del funicular del Puig Mayor en Mallorca\">Antecedentes del funicular del Puig Mayor en Mallorca<\/a><ul class='ez-toc-list-level-3' ><li class='ez-toc-heading-level-3'><a class=\"ez-toc-link ez-toc-heading-2\" href=\"https:\/\/www.click-mallorca.com\/blog\/rincones\/funicular-mallorca-puig-mayor\/#la-historia-del-funicular-del-puig-mayor-en-mallorca\" title=\"La historia del funicular del Puig Mayor en Mallorca\">La historia del funicular del Puig Mayor en Mallorca<\/a><\/li><li class='ez-toc-page-1 ez-toc-heading-level-3'><a class=\"ez-toc-link ez-toc-heading-3\" href=\"https:\/\/www.click-mallorca.com\/blog\/rincones\/funicular-mallorca-puig-mayor\/#-\" title=\"&nbsp;\">&nbsp;<\/a><\/li><li class='ez-toc-page-1 ez-toc-heading-level-3'><a class=\"ez-toc-link ez-toc-heading-4\" href=\"https:\/\/www.click-mallorca.com\/blog\/rincones\/funicular-mallorca-puig-mayor\/#que-queda-del-funicular-del-puig-mayor-en-mallorca\" title=\"Que queda del funicular del puig mayor en Mallorca\">Que queda del funicular del puig mayor en Mallorca<\/a><\/li><li class='ez-toc-page-1 ez-toc-heading-level-3'><a class=\"ez-toc-link ez-toc-heading-5\" href=\"https:\/\/www.click-mallorca.com\/blog\/rincones\/funicular-mallorca-puig-mayor\/#links-de-interes\" title=\"Links de inter\u00e9s:\">Links de inter\u00e9s:<\/a><\/li><\/ul><\/li><\/ul><\/nav><\/div>\n<h2 class=\"wp-block-heading\" id=\"antecedentes-del-funicular-del-puig-mayor-en-mallorca\"><span class=\"ez-toc-section\" id=\"antecedentes-del-funicular-del-puig-mayor-en-mallorca\"><\/span><span style=\"text-decoration: underline;\"><b>Antecedentes del funicular del Puig Mayor en Mallorca<\/b><\/span><span class=\"ez-toc-section-end\"><\/span><\/h2>\n\n\n\n<p>Hablar del proyecto del funicular al Puig Mayor es hablar de la carretera a la Calobra, y del ingeniero que la llevo a cabo: Antonio Parietti y Coll, quien fue un visionario de su \u00e9poca, construyendo carreteras como la de Formentor o la de la Calobra, y que tuvo una gran visi\u00f3n tur\u00edstica de lo que iba a ser la isla en el futuro.<\/p>\n\n\n\n<p>Fue en 1925 cuando empezaron las obras de la carretera que llevar\u00eda al Puig Mayor, y que posteriormente en 1928, le llevar\u00edan a concebir la idea de construir un funicular que ir\u00eda desde la zona cercana al Coll de Cals Re\u00eds hasta la cima de la monta\u00f1a m\u00e1s alta de Mallorca.<\/p>\n\n\n\n<h3 class=\"wp-block-heading\" id=\"la-historia-del-funicular-del-puig-mayor-en-mallorca\"><span class=\"ez-toc-section\" id=\"la-historia-del-funicular-del-puig-mayor-en-mallorca\"><\/span><span style=\"text-decoration: underline;\"><b>La historia del funicular del Puig Mayor en Mallorca<\/b><\/span><b><\/b><span class=\"ez-toc-section-end\"><\/span><\/h3>\n\n\n\n<p>Fue en 1934 cuando Parietti presento su proyecto, la construcci\u00f3n de un funicular que en unos doce minutos ir\u00eda desde la plataforma en el Coll de Cals Re\u00eds hasta la cima del puig Mayor transportando unas 25 personas por viaje, cubriendo una distancia de dos kil\u00f3metros y salvando un desnivel de 715 metros.<\/p>\n\n\n\n<p>El coste de la obra era de dos millones de pesetas, y seg\u00fan sus c\u00e1lculos, en un a\u00f1o y con 12000 visitas se cubrir\u00eda la inversi\u00f3n. Pero adem\u00e1s, ten\u00eda previsto construir un rstaurante, un hotel, un observatorio astron\u00f3mico, un aer\u00f3grafo e instalaciones para deportes de nieve.<\/p>\n\n\n\n<p>Las obras empezaron en 1936 con la construcci\u00f3n de la plataforma en la estaci\u00f3n inferior, pero apenas un mes despu\u00e9s se paralizaron debido al incio de la guerra civil.<\/p>\n\n\n\n<p>En 1939, se intent\u00f3 reanudar el proyecto, con la empresa alemana Bleichord-Zueg, que en aquellos tiempos dispon\u00eda de la tecnolog\u00eda y conocimientos para llevar a cabo tan dif\u00edcil proyecto, pero la II Guerra Mundial volvi\u00f3 a suspenderlo.<\/p>\n\n\n\n<p>El ingeniero sigui\u00f3 insistiendo, pues deseaba convertir en accesible aquel punto virgen, y logr\u00f3 transformar la concesi\u00f3n del funicular a una carretera de peaje hasta el Puig Major. De nuevo el ej\u00e9rcito \u2013esta vez un tratado entre Espa\u00f1a y Estados Unidos en 1953\u2013 paralizaba sus obras. Su proyecto, eso s\u00ed, fue adquirido por el Estado Mayor para construir la actual carretera que lleva a las instalaciones militares.<\/p>\n\n\n\n<h3 class=\"wp-block-heading\"><span class=\"ez-toc-section\" id=\"-\"><\/span><span style=\"text-decoration: underline;\">&nbsp;<\/span><span class=\"ez-toc-section-end\"><\/span><\/h3>\n\n\n\n<h3 class=\"wp-block-heading\" id=\"que-queda-del-funicular-del-puig-mayor-en-mallorca\"><span class=\"ez-toc-section\" id=\"que-queda-del-funicular-del-puig-mayor-en-mallorca\"><\/span><span style=\"text-decoration: underline;\"><b>Que queda del funicular del puig mayor en Mallorca<\/b><\/span><b><\/b><span class=\"ez-toc-section-end\"><\/span><\/h3>\n\n\n\n<p>Lo \u00fanico que queda de tan ambicioso proyecto es este muro de piedra que veis en la foto, el cual para muchos es simplemente un muro de piedra, pero que como hab\u00e9is le\u00eddo, tiene mucha historia, la historia de un gran proyecto y de un gran hombre. Y cuando lo explicamos en el autocar, es uno de esos detalles que nos gusta contar, porque pocos lo conocen (incluso mallorquines), y el cliente lo agradece!<\/p>\n\n\n\n<h3 class=\"wp-block-heading\" id=\"links-de-interes\"><span class=\"ez-toc-section\" id=\"links-de-interes\"><\/span><span style=\"text-decoration: underline;\"><b>Links de inter\u00e9s:<\/b><\/span><span class=\"ez-toc-section-end\"><\/span><\/h3>\n\n\n\n<ul class=\"wp-block-list\"><li><a title=\"link\" href=\"http:\/\/lamarplana.blogspot.com.es\/2009\/09\/el-ingeniero-de-las-utopias-antonio.html\" target=\"_blank\" rel=\"nofollow noopener\">http:\/\/lamarplana.blogspot.com.es\/2009\/09\/el-ingeniero-de-las-utopias-antonio.html<\/a><\/li><li><a title=\"link\" href=\"http:\/\/histories.serradetramuntana.net\/es\/antoni_parietti_y_el_funicular_del_puig_major\/\" target=\"_blank\" rel=\"nofollow noopener\">http:\/\/histories.serradetramuntana.net\/es\/antoni_parietti_y_el_funicular_del_puig_major\/<\/a><\/li><li><a title=\"link\" href=\"http:\/\/www.diariodemallorca.es\/actual\/2009\/04\/19\/funicular-puig-major-cumple-75-anos\/455703.html\" target=\"_blank\" rel=\"nofollow noopener\">Art\u00edculo Diario de Mallorca<\/a><\/li><li><a href=\"http:\/\/lesfinestresdeltemps.balearweb.net\/post\/101489\" rel=\"nofollow\">http:\/\/lesfinestresdeltemps.balearweb.net\/post\/101489<\/a><\/li><\/ul>\n\n\n\n<p><\/p>\n\n\n\n<p><\/p>\n<!-- AddThis Advanced Settings generic via filter on the_content --><!-- AddThis Share Buttons generic via filter on the_content -->","protected":false},"excerpt":{"rendered":"<p>Hoy en nuestra secci\u00f3n &#8220;sab\u00edas que?&#8221; nos vamos hasta el a\u00f1o 1928, y compartimos con vosotros una de las curiosidades que m\u00e1s llama la atenci\u00f3n a los clientes que hacen con nosotros la excursi\u00f3n&#46;&#46;&#46;<!-- AddThis Advanced Settings generic via filter on get_the_excerpt --><!-- AddThis Share Buttons generic via filter on get_the_excerpt --><\/p>\n","protected":false},"author":2,"featured_media":6280,"comment_status":"open","ping_status":"open","sticky":false,"template":"","format":"standard","meta":{"footnotes":""},"categories":[41],"tags":[],"class_list":["post-1112","post","type-post","status-publish","format-standard","has-post-thumbnail","hentry","category-rincones"],"lang":"es","translations":{"es":1112},"pll_sync_post":[],"_links":{"self":[{"href":"https:\/\/www.click-mallorca.com\/blog\/wp-json\/wp\/v2\/posts\/1112","targetHints":{"allow":["GET"]}}],"collection":[{"href":"https:\/\/www.click-mallorca.com\/blog\/wp-json\/wp\/v2\/posts"}],"about":[{"href":"https:\/\/www.click-mallorca.com\/blog\/wp-json\/wp\/v2\/types\/post"}],"author":[{"embeddable":true,"href":"https:\/\/www.click-mallorca.com\/blog\/wp-json\/wp\/v2\/users\/2"}],"replies":[{"embeddable":true,"href":"https:\/\/www.click-mallorca.com\/blog\/wp-json\/wp\/v2\/comments?post=1112"}],"version-history":[{"count":19,"href":"https:\/\/www.click-mallorca.com\/blog\/wp-json\/wp\/v2\/posts\/1112\/revisions"}],"predecessor-version":[{"id":16089,"href":"https:\/\/www.click-mallorca.com\/blog\/wp-json\/wp\/v2\/posts\/1112\/revisions\/16089"}],"wp:featuredmedia":[{"embeddable":true,"href":"https:\/\/www.click-mallorca.com\/blog\/wp-json\/wp\/v2\/media\/6280"}],"wp:attachment":[{"href":"https:\/\/www.click-mallorca.com\/blog\/wp-json\/wp\/v2\/media?parent=1112"}],"wp:term":[{"taxonomy":"category","embeddable":true,"href":"https:\/\/www.click-mallorca.com\/blog\/wp-json\/wp\/v2\/categories?post=1112"},{"taxonomy":"post_tag","embeddable":true,"href":"https:\/\/www.click-mallorca.com\/blog\/wp-json\/wp\/v2\/tags?post=1112"}],"curies":[{"name":"wp","href":"https:\/\/api.w.org\/{rel}","templated":true}]}}