{"id":11706,"date":"2025-02-11T08:15:00","date_gmt":"2025-02-11T08:15:00","guid":{"rendered":"https:\/\/www.click-mallorca.com\/blog\/?p=11706"},"modified":"2025-09-26T18:21:18","modified_gmt":"2025-09-26T18:21:18","slug":"mallorca-en-junio","status":"publish","type":"post","link":"https:\/\/www.click-mallorca.com\/blog\/vacaciones\/mallorca-en-junio\/","title":{"rendered":"\u00bfQu\u00e9 hacer y qu\u00e9 ver en Mallorca en junio?"},"content":{"rendered":"\n<p>Mallorca en junio es un destino perfecto para quienes buscan una combinaci\u00f3n de <strong>clima c\u00e1lido, playas paradis\u00edacas y eventos vibrantes<\/strong>. Este mes marca el inicio del verano, pero a\u00fan sin las multitudes de julio y agosto, permitiendo disfrutar de la isla con un ambiente m\u00e1s relajado.<\/p>\n\n\n\n<p>Si est\u00e1s planificando tu <a href=\"https:\/\/www.click-mallorca.com\/blog\/vacaciones\/viaje-a-mallorca\/\">viaje en Mallorca<\/a>, te contamos las <strong>mejores experiencias que no te puedes perder<\/strong>: desde <strong>excursiones en catamar\u00e1n y festivales \u00fanicos<\/strong>, hasta degustaciones gastron\u00f3micas y visitas culturales. Disfruta de largas jornadas de sol, aguas cristalinas y noches llenas de magia en Mallorca.<\/p>\n\n\n<div class=\"wp-block-image\">\n<figure class=\"aligncenter size-full\"><img loading=\"lazy\" decoding=\"async\" width=\"955\" height=\"493\" src=\"https:\/\/www.click-mallorca.com\/blog\/wp-content\/uploads\/2023\/11\/mallorca-en-junio.jpg\" alt=\"mallorca en junio\" class=\"wp-image-12666\" srcset=\"https:\/\/www.click-mallorca.com\/blog\/wp-content\/uploads\/2023\/11\/mallorca-en-junio.jpg 955w, https:\/\/www.click-mallorca.com\/blog\/wp-content\/uploads\/2023\/11\/mallorca-en-junio-300x155.jpg 300w, https:\/\/www.click-mallorca.com\/blog\/wp-content\/uploads\/2023\/11\/mallorca-en-junio-768x396.jpg 768w\" sizes=\"auto, (max-width: 955px) 100vw, 955px\" \/><\/figure><\/div>\n\n\n<p>En este art\u00edculo, elaborado por los expertos en excursiones de&nbsp;<strong>Click Mallorca<\/strong>, hemos recopilado todo lo que necesitas saber para aprovechar al m\u00e1ximo tu visita a Mallorca en junio. Desde las mejores actividades y planes que hacer durante esta temporada, hasta informaci\u00f3n detallada sobre el clima, festividades \u00fanicas y consejos pr\u00e1cticos para organizar tu viaje.<\/p>\n\n\n\n<div id=\"ez-toc-container\" class=\"ez-toc-v2_0_72 counter-hierarchy ez-toc-counter ez-toc-light-blue ez-toc-container-direction\">\n<label for=\"ez-toc-cssicon-toggle-item-69f3f8a75e7ac\" class=\"ez-toc-cssicon-toggle-label\"><span class=\"\"><span class=\"eztoc-hide\" style=\"display:none;\">Toggle<\/span><span class=\"ez-toc-icon-toggle-span\"><svg style=\"fill: #999;color:#999\" xmlns=\"http:\/\/www.w3.org\/2000\/svg\" class=\"list-377408\" width=\"20px\" height=\"20px\" viewBox=\"0 0 24 24\" fill=\"none\"><path d=\"M6 6H4v2h2V6zm14 0H8v2h12V6zM4 11h2v2H4v-2zm16 0H8v2h12v-2zM4 16h2v2H4v-2zm16 0H8v2h12v-2z\" fill=\"currentColor\"><\/path><\/svg><svg style=\"fill: #999;color:#999\" class=\"arrow-unsorted-368013\" xmlns=\"http:\/\/www.w3.org\/2000\/svg\" width=\"10px\" height=\"10px\" viewBox=\"0 0 24 24\" version=\"1.2\" baseProfile=\"tiny\"><path d=\"M18.2 9.3l-6.2-6.3-6.2 6.3c-.2.2-.3.4-.3.7s.1.5.3.7c.2.2.4.3.7.3h11c.3 0 .5-.1.7-.3.2-.2.3-.5.3-.7s-.1-.5-.3-.7zM5.8 14.7l6.2 6.3 6.2-6.3c.2-.2.3-.5.3-.7s-.1-.5-.3-.7c-.2-.2-.4-.3-.7-.3h-11c-.3 0-.5.1-.7.3-.2.2-.3.5-.3.7s.1.5.3.7z\"\/><\/svg><\/span><\/span><\/label><input type=\"checkbox\"  id=\"ez-toc-cssicon-toggle-item-69f3f8a75e7ac\"  aria-label=\"Toggle\" \/><nav><ul class='ez-toc-list ez-toc-list-level-1 ' ><li class='ez-toc-page-1 ez-toc-heading-level-2'><a class=\"ez-toc-link ez-toc-heading-1\" href=\"https:\/\/www.click-mallorca.com\/blog\/vacaciones\/mallorca-en-junio\/#excursion-en-catamaran\" title=\"Excursi\u00f3n en catamar\u00e1n\">Excursi\u00f3n en catamar\u00e1n<\/a><\/li><li class='ez-toc-page-1 ez-toc-heading-level-2'><a class=\"ez-toc-link ez-toc-heading-2\" href=\"https:\/\/www.click-mallorca.com\/blog\/vacaciones\/mallorca-en-junio\/#feria-de-la-patata-en-sa-pobla\" title=\"Feria de la patata en Sa Pobla\">Feria de la patata en Sa Pobla<\/a><\/li><li class='ez-toc-page-1 ez-toc-heading-level-2'><a class=\"ez-toc-link ez-toc-heading-3\" href=\"https:\/\/www.click-mallorca.com\/blog\/vacaciones\/mallorca-en-junio\/#palma-de-mallorca-en-junio-entre-historia-cultura-y-vistas-al-mar\" title=\"Palma de Mallorca en junio: entre historia, cultura y vistas al mar\">Palma de Mallorca en junio: entre historia, cultura y vistas al mar<\/a><\/li><li class='ez-toc-page-1 ez-toc-heading-level-2'><a class=\"ez-toc-link ez-toc-heading-4\" href=\"https:\/\/www.click-mallorca.com\/blog\/vacaciones\/mallorca-en-junio\/#visitar-marineland\" title=\"Visitar Marineland\">Visitar Marineland<\/a><\/li><li class='ez-toc-page-1 ez-toc-heading-level-2'><a class=\"ez-toc-link ez-toc-heading-5\" href=\"https:\/\/www.click-mallorca.com\/blog\/vacaciones\/mallorca-en-junio\/#noche-de-san-juan\" title=\"Noche de San Juan\">Noche de San Juan<\/a><\/li><li class='ez-toc-page-1 ez-toc-heading-level-2'><a class=\"ez-toc-link ez-toc-heading-6\" href=\"https:\/\/www.click-mallorca.com\/blog\/vacaciones\/mallorca-en-junio\/#una-actividad-multiaventura-con-kayak-trekking-y-snorkel\" title=\"Una actividad multiaventura con kayak, trekking y snorkel\">Una actividad multiaventura con kayak, trekking y snorkel<\/a><\/li><li class='ez-toc-page-1 ez-toc-heading-level-2'><a class=\"ez-toc-link ez-toc-heading-7\" href=\"https:\/\/www.click-mallorca.com\/blog\/vacaciones\/mallorca-en-junio\/#tour-gastronomico-por-palma-de-mallorca\" title=\"Tour gastron\u00f3mico por Palma de Mallorca\">Tour gastron\u00f3mico por Palma de Mallorca<\/a><\/li><li class='ez-toc-page-1 ez-toc-heading-level-2'><a class=\"ez-toc-link ez-toc-heading-8\" href=\"https:\/\/www.click-mallorca.com\/blog\/vacaciones\/mallorca-en-junio\/#visitar-una-bodega-joven\" title=\"Visitar una bodega joven\">Visitar una bodega joven<\/a><\/li><li class='ez-toc-page-1 ez-toc-heading-level-2'><a class=\"ez-toc-link ez-toc-heading-9\" href=\"https:\/\/www.click-mallorca.com\/blog\/vacaciones\/mallorca-en-junio\/#mallorca-live-festival\" title=\"Mallorca Live Festival\">Mallorca Live Festival<\/a><\/li><li class='ez-toc-page-1 ez-toc-heading-level-2'><a class=\"ez-toc-link ez-toc-heading-10\" href=\"https:\/\/www.click-mallorca.com\/blog\/vacaciones\/mallorca-en-junio\/#el-tiempo-en-mallorca-en-junio\" title=\"El tiempo en Mallorca en junio\">El tiempo en Mallorca en junio<\/a><\/li><li class='ez-toc-page-1 ez-toc-heading-level-2'><a class=\"ez-toc-link ez-toc-heading-11\" href=\"https:\/\/www.click-mallorca.com\/blog\/vacaciones\/mallorca-en-junio\/#consejos-para-viajar-a-mallorca-en-junio\" title=\"Consejos para viajar a Mallorca en junio\">Consejos para viajar a Mallorca en junio<\/a><\/li><li class='ez-toc-page-1 ez-toc-heading-level-2'><a class=\"ez-toc-link ez-toc-heading-12\" href=\"https:\/\/www.click-mallorca.com\/blog\/vacaciones\/mallorca-en-junio\/#encuentra-aqui-mas-cosas-que-hacer-en-mallorca-en-junio\" title=\"Encuentra aqu\u00ed m\u00e1s cosas que hacer en Mallorca en junio\">Encuentra aqu\u00ed m\u00e1s cosas que hacer en Mallorca en junio<\/a><\/li><\/ul><\/nav><\/div>\n<h2 class=\"wp-block-heading parrafo-azul\" id=\"excursion-en-catamaran\"><span class=\"ez-toc-section\" id=\"excursion-en-catamaran\"><\/span>Excursi\u00f3n en catamar\u00e1n<span class=\"ez-toc-section-end\"><\/span><\/h2>\n\n\n\n<p>Junio es un mes perfecto para <strong>disfrutar del mar<\/strong> y explorar la costa de Mallorca a bordo de un catamar\u00e1n. Con temperaturas c\u00e1lidas y <strong>aguas cristalinas<\/strong>, esta experiencia te permitir\u00e1 descubrir rincones espectaculares de la isla.<\/p>\n\n\n<div class=\"wp-block-image is-resized\">\n<figure class=\"aligncenter size-full\"><img loading=\"lazy\" decoding=\"async\" width=\"875\" height=\"407\" src=\"https:\/\/www.click-mallorca.com\/blog\/wp-content\/uploads\/2018\/05\/excursion-catamaran-mallorca-1.png\" alt=\"excursi\u00f3n catamaran mallorca en junio\" class=\"wp-image-1912\" srcset=\"https:\/\/www.click-mallorca.com\/blog\/wp-content\/uploads\/2018\/05\/excursion-catamaran-mallorca-1.png 875w, https:\/\/www.click-mallorca.com\/blog\/wp-content\/uploads\/2018\/05\/excursion-catamaran-mallorca-1-300x140.png 300w, https:\/\/www.click-mallorca.com\/blog\/wp-content\/uploads\/2018\/05\/excursion-catamaran-mallorca-1-768x357.png 768w\" sizes=\"auto, (max-width: 875px) 100vw, 875px\" \/><figcaption class=\"wp-element-caption\">Excursi\u00f3n en catamar\u00e1n<\/figcaption><\/figure><\/div>\n\n\n<p>Mientras el catamar\u00e1n navega por aguas cristalinas, podr\u00e1s disfrutar de las impresionantes vistas de la bah\u00eda y los espectaculares acantilados de la costa norte de Mallorca. El catamar\u00e1n realiza una parada para un ba\u00f1o en el Coll Baix y en otras peque\u00f1as calas, pasa por Alcanada y se dirige al impresionante Faro de Formentor. Una excursi\u00f3n muy completa de 5 horas que tambi\u00e9n incluye la comida. Puedes <a href=\"https:\/\/www.click-mallorca.com\/excursiones\/excursion-maritima-bahia-de-alcudia\/\" target=\"_blank\" rel=\"noreferrer noopener\">reservar la excursi\u00f3n en catamar\u00e1n <\/a>en nuestra web click-mallorca.<\/p>\n\n\n\n<h2 class=\"wp-block-heading parrafo-azul\" id=\"feria-de-la-patata-en-sa-pobla\"><span class=\"ez-toc-section\" id=\"feria-de-la-patata-en-sa-pobla\"><\/span>Feria de la patata en Sa Pobla<span class=\"ez-toc-section-end\"><\/span><\/h2>\n\n\n\n<p>Uno de los eventos m\u00e1s esperados de junio en Mallorca es la <strong>Feria Nocturna de la Patata en Sa Pobla<\/strong>. Este encantador pueblo, conocido por su tradici\u00f3n agr\u00edcola, <strong>rinde homenaje a la patata<\/strong> con un festival donde los bares y restaurantes locales crean platos innovadores y tradicionales con este ingrediente estrella.<\/p>\n\n\n\n<p>\ud83e\udd54 <strong>\u00bfQu\u00e9 puedes encontrar en la feria?<\/strong><br>\u2705 M\u00e1s de <strong>90 platos diferentes<\/strong> elaborados con patatas.<br>\u2705 Tapas creativas, frito mallorqu\u00edn y recetas gourmet.<br>\u2705 <strong>M\u00fasica en vivo y ambiente festivo<\/strong> en las calles del pueblo.<br>\u2705 Maridaje con los mejores vinos de Mallorca.<\/p>\n\n\n<div class=\"wp-block-image is-resized\">\n<figure class=\"aligncenter size-full\"><img loading=\"lazy\" decoding=\"async\" width=\"603\" height=\"407\" src=\"https:\/\/www.click-mallorca.com\/blog\/wp-content\/uploads\/2023\/11\/feria-de-la-patata-en-sa-pobla.jpg\" alt=\"feria nocturna de la patata en mallorca en junio\" class=\"wp-image-11711\" srcset=\"https:\/\/www.click-mallorca.com\/blog\/wp-content\/uploads\/2023\/11\/feria-de-la-patata-en-sa-pobla.jpg 603w, https:\/\/www.click-mallorca.com\/blog\/wp-content\/uploads\/2023\/11\/feria-de-la-patata-en-sa-pobla-300x202.jpg 300w\" sizes=\"auto, (max-width: 603px) 100vw, 603px\" \/><figcaption class=\"wp-element-caption\">Feria de la patata<\/figcaption><\/figure><\/div>\n\n\n<p>\ud83d\udcc5 <strong>Cu\u00e1ndo<\/strong>: Primera quincena de junio.<br>\ud83d\udccd <strong>D\u00f3nde<\/strong>: Sa Pobla.<\/p>\n\n\n\n<h2 class=\"wp-block-heading parrafo-azul\" id=\"palma-de-mallorca-en-junio-entre-historia-cultura-y-vistas-al-mar\"><span class=\"ez-toc-section\" id=\"palma-de-mallorca-en-junio-entre-historia-cultura-y-vistas-al-mar\"><\/span><strong>Palma de Mallorca en junio: entre historia, cultura y vistas al mar<\/strong><span class=\"ez-toc-section-end\"><\/span><\/h2>\n\n\n\n<p>Palma de Mallorca en junio <strong>se llena de vida con la llegada de m\u00e1s turistas<\/strong> que buscan descubrir la belleza de la capital balear. Las calles del casco hist\u00f3rico cobran un ambiente vibrante, con visitantes recorriendo sus monumentos m\u00e1s emblem\u00e1ticos y disfrutando de su encanto mediterr\u00e1neo.<\/p>\n\n\n<div class=\"wp-block-image is-resized\">\n<figure class=\"aligncenter size-full\"><img loading=\"lazy\" decoding=\"async\" width=\"826\" height=\"487\" src=\"https:\/\/www.click-mallorca.com\/blog\/wp-content\/uploads\/2023\/11\/palma-de-mallorca-free-tour.jpg\" alt=\"palma de mallorca free tour en junio\" class=\"wp-image-11725\" srcset=\"https:\/\/www.click-mallorca.com\/blog\/wp-content\/uploads\/2023\/11\/palma-de-mallorca-free-tour.jpg 826w, https:\/\/www.click-mallorca.com\/blog\/wp-content\/uploads\/2023\/11\/palma-de-mallorca-free-tour-300x177.jpg 300w, https:\/\/www.click-mallorca.com\/blog\/wp-content\/uploads\/2023\/11\/palma-de-mallorca-free-tour-768x453.jpg 768w\" sizes=\"auto, (max-width: 826px) 100vw, 826px\" \/><figcaption class=\"wp-element-caption\">Catedral de Palma<\/figcaption><\/figure><\/div>\n\n\n<p>Si es tu primera vez en Palma, <strong>los<\/strong><a href=\"https:\/\/www.click-mallorca.com\/blog\/visitar\/que-ver-en-palma-de-mallorca\/\"><strong> imprescindibles<\/strong> que ver en Palma<\/a> incluyen:<br>\ud83c\udff0 <strong>La Catedral de Mallorca (La Seu)<\/strong>, un icono g\u00f3tico con impresionantes vidrieras.<br>\ud83c\udfdb\ufe0f <strong>El Palacio de la Almudaina<\/strong>, la antigua residencia real con vistas al mar.<br>\ud83d\udccd <strong>Plaza de Cort<\/strong>, donde se encuentra el ayuntamiento y el hist\u00f3rico olivo centenario.<br>\ud83d\udee1\ufe0f <strong>Las murallas de Palma<\/strong>, que ofrecen un paseo con vistas panor\u00e1micas de la bah\u00eda.<\/p>\n\n\n\n<p>\ud83d\udca1 <strong>Escapando de las multitudes:<\/strong> Si prefieres un recorrido m\u00e1s tranquilo, te recomendamos explorar <strong>el barrio de la Calatrava<\/strong>, donde se encontraba la antigua juder\u00eda de Palma. Sus callejuelas estrechas, patios escondidos y el ambiente sereno te transportar\u00e1n a otra \u00e9poca. Otra alternativa es perderse entre <strong>la iglesia de Santa Eulalia y la Bas\u00edlica de Sant Francesc<\/strong>, donde encontrar\u00e1s preciosos patios medievales y rincones con mucha historia.<\/p>\n\n\n\n<p>\ud83c\udf0a <strong>Para terminar el d\u00eda<\/strong>, nada mejor que un paseo por el <strong>Paseo Mar\u00edtimo<\/strong>, disfrutando de la brisa marina y las vistas a los barcos que atracan en el puerto. Este recorrido al atardecer es perfecto para relajarse y tomar algo en una terraza con vistas al Mediterr\u00e1neo.<\/p>\n\n\n\n<p>\ud83d\udccc <strong>Consejo:<\/strong> En junio, las temperaturas empiezan a subir, as\u00ed que lo mejor es explorar Palma por la ma\u00f1ana o al final de la tarde, cuando el calor es m\u00e1s llevadero. \u00a1No olvides tu c\u00e1mara para capturar la esencia de esta hermosa ciudad!<\/p>\n\n\n\n<p><\/p>\n\n\n\n<p><\/p>\n\n\n\n<h2 class=\"wp-block-heading parrafo-azul\" id=\"visitar-marineland\"><span class=\"ez-toc-section\" id=\"visitar-marineland\"><\/span>Visitar Marineland<span class=\"ez-toc-section-end\"><\/span><\/h2>\n\n\n\n<p>Una visita a Marineland es una experiencia fascinante que combina <strong>entretenimiento y conciencia marina<\/strong>. Este parque tem\u00e1tico en Mallorca ofrece un espect\u00e1culo cautivador que presenta la inteligencia y la destreza de los leones marines y los delfines. En un escenario vibrante, los visitantes son testigos de incre\u00edbles acrobacias y demostraciones de habilidades por parte de estos animales marinos, destacando la importancia de la conservaci\u00f3n y el respeto por la vida marina.<\/p>\n\n\n<div class=\"wp-block-image is-resized\">\n<figure class=\"aligncenter size-full\"><img loading=\"lazy\" decoding=\"async\" width=\"870\" height=\"400\" src=\"https:\/\/www.click-mallorca.com\/blog\/wp-content\/uploads\/2018\/04\/marineland-mallorca-6.jpg\" alt=\"marineland mallorca en junio\" class=\"wp-image-1838\" srcset=\"https:\/\/www.click-mallorca.com\/blog\/wp-content\/uploads\/2018\/04\/marineland-mallorca-6.jpg 870w, https:\/\/www.click-mallorca.com\/blog\/wp-content\/uploads\/2018\/04\/marineland-mallorca-6-300x138.jpg 300w, https:\/\/www.click-mallorca.com\/blog\/wp-content\/uploads\/2018\/04\/marineland-mallorca-6-768x353.jpg 768w, https:\/\/www.click-mallorca.com\/blog\/wp-content\/uploads\/2018\/04\/marineland-mallorca-6-980x450.jpg 980w\" sizes=\"auto, (max-width: 870px) 100vw, 870px\" \/><figcaption class=\"wp-element-caption\">Marineland<\/figcaption><\/figure><\/div>\n\n\n<p>Adem\u00e1s de los impresionantes shows acu\u00e1ticos, Marineland ofrece un espect\u00e1culo de loros lleno de color y diversi\u00f3n. Estos p\u00e1jaros inteligentes realizan acrobacias y trucos sorprendentes, proporcionando a los espectadores momentos de alegr\u00eda y asombro. La visita a Marineland no solo ofrece entretenimiento inolvidable, sino que tambi\u00e9n educa sobre la importancia de preservar el mundo marino y la necesidad de conciencia ambiental. <strong>Un d\u00eda en Marineland es una experiencia que deleita a toda la familia<\/strong> mientras fomenta el respeto y la admiraci\u00f3n por la incre\u00edble diversidad de la vida marina. En nuestra web click-mallorca puedes <a href=\"https:\/\/www.click-mallorca.com\/excursiones\/ticket-entrada-marineland\/\" target=\"_blank\" rel=\"noreferrer noopener\">comprar tus entradas a Marineland <\/a>con un 10% de descuento.<\/p>\n\n\n\n<h2 class=\"wp-block-heading parrafo-azul\" id=\"noche-de-san-juan\"><span class=\"ez-toc-section\" id=\"noche-de-san-juan\"><\/span>Noche de San Juan<span class=\"ez-toc-section-end\"><\/span><\/h2>\n\n\n\n<p>La celebraci\u00f3n de la <strong>Noche de San Juan en Mallorca<\/strong> es una experiencia m\u00e1gica que une a la comunidad en una festividad llena de tradici\u00f3n y alegr\u00eda. Cada a\u00f1o, el 23 de junio, las playas de la isla se iluminan con hogueras y la gente se re\u00fane para dar la <strong>bienvenida al solsticio de verano<\/strong>. La playa se convierte en el escenario de rituales encantadores, donde las personas saltan sobre las olas, encienden hogueras y participan en actividades festivas que marcan el comienzo de la temporada estival. <\/p>\n\n\n<div class=\"wp-block-image is-resized\">\n<figure class=\"aligncenter size-full\"><img loading=\"lazy\" decoding=\"async\" width=\"956\" height=\"668\" src=\"https:\/\/www.click-mallorca.com\/blog\/wp-content\/uploads\/2023\/11\/noche-de-san-juan-en-mallorca.jpg\" alt=\"noche de san juan\" class=\"wp-image-11737\" srcset=\"https:\/\/www.click-mallorca.com\/blog\/wp-content\/uploads\/2023\/11\/noche-de-san-juan-en-mallorca.jpg 956w, https:\/\/www.click-mallorca.com\/blog\/wp-content\/uploads\/2023\/11\/noche-de-san-juan-en-mallorca-300x210.jpg 300w, https:\/\/www.click-mallorca.com\/blog\/wp-content\/uploads\/2023\/11\/noche-de-san-juan-en-mallorca-768x537.jpg 768w\" sizes=\"auto, (max-width: 956px) 100vw, 956px\" \/><\/figure><\/div>\n\n\n<p>La Noche de San Juan en Mallorca es una celebraci\u00f3n en la que se mezclan la espiritualidad y la diversi\u00f3n, con la creencia de que el fuego purifica y renueva. Los lugare\u00f1os y visitantes se unen para disfrutar de m\u00fasica, bailes, y una atm\u00f3sfera llena de energ\u00eda positiva. Las hogueras, las luces parpadeantes y el sonido de las olas rompiendo en la costa crean un ambiente m\u00e1gico y festivo que hace de esta celebraci\u00f3n una experiencia \u00fanica y emocionante en la que se celebra la llegada del verano en la hermosa isla de Mallorca en junio.<\/p>\n\n\n\n<h2 class=\"wp-block-heading parrafo-azul\" id=\"una-actividad-multiaventura-con-kayak-trekking-y-snorkel\"><span class=\"ez-toc-section\" id=\"una-actividad-multiaventura-con-kayak-trekking-y-snorkel\"><\/span>Una actividad multiaventura con kayak, trekking y snorkel<span class=\"ez-toc-section-end\"><\/span><\/h2>\n\n\n\n<p>La actividad multiaventura que combina trekking, kayak y snorkel es una emocionante experiencia que <strong>permite a los aventureros explorar la belleza de Mallorca desde diversas perspectivas<\/strong>. La actividad incluye <strong>coast trekkin<\/strong>g revelando paisajes de gran belleza y una<strong> ruta en kayak<\/strong> en aguas cristalinas remando entre calas escondidas y acantilados imponentes que incluye la <strong>entrada en una cueva marina.<\/strong> Tambi\u00e9n, para los que quieran, incluye <strong>cliff jumping<\/strong>, adem\u00e1s de una emocionante <strong>aventura en snorkel para encontrar un tesoro escondido<\/strong>.<\/p>\n\n\n<div class=\"wp-block-image is-resized\">\n<figure class=\"aligncenter size-full\"><img loading=\"lazy\" decoding=\"async\" width=\"712\" height=\"435\" src=\"https:\/\/www.click-mallorca.com\/blog\/wp-content\/uploads\/2023\/11\/the-challenge-mallorca.jpg\" alt=\"multiactividad trekking, snorkel, cliff jumping y kayaking en mallorca en junio\" class=\"wp-image-11746\" srcset=\"https:\/\/www.click-mallorca.com\/blog\/wp-content\/uploads\/2023\/11\/the-challenge-mallorca.jpg 712w, https:\/\/www.click-mallorca.com\/blog\/wp-content\/uploads\/2023\/11\/the-challenge-mallorca-300x183.jpg 300w\" sizes=\"auto, (max-width: 712px) 100vw, 712px\" \/><figcaption class=\"wp-element-caption\">Cliff jumping<\/figcaption><\/figure><\/div>\n\n\n<p>Esta fant\u00e1stica actividad guiada no solo ofrece un desaf\u00edo f\u00edsico y emocionante, sino tambi\u00e9n la posibilidad de conectarse \u00edntimamente con la naturaleza y disfrutar de la diversidad de ecosistemas que ofrece tanto en tierra como en el agua. Adem\u00e1s incluye el material, un tentempi\u00e9 y una bebida y recogida de trayecto ida y vuelta para los hoteles de la zona de Puerto Pollensa, Can Picafort y Puerto Alcudia.<\/p>\n\n\n\n<p>Si viajas a Mallorca en junio, no te pierdas esta fascinante aventura y <a href=\"https:\/\/www.click-mallorca.com\/excursiones\/the-challenge-mallorca\/\" target=\"_blank\" rel=\"noreferrer noopener\">reserva tus tickets para la multiactividad <\/a>en nuestra web click-mallorca.<\/p>\n\n\n\n<h2 class=\"wp-block-heading parrafo-azul\" id=\"tour-gastronomico-por-palma-de-mallorca\"><span class=\"ez-toc-section\" id=\"tour-gastronomico-por-palma-de-mallorca\"><\/span>Tour gastron\u00f3mico por Palma de Mallorca<span class=\"ez-toc-section-end\"><\/span><\/h2>\n\n\n\n<p>No existe mejor manera de explorar Palma de Mallorca y su gastronom\u00eda local que a trav\u00e9s de un<strong> tour gastron\u00f3mico guiado<\/strong>, un delicioso viaje culinario a trav\u00e9s de una experiencia que fusiona los sabores aut\u00e9nticos de la isla con la riqueza hist\u00f3rica de la ciudad. Durante este tour de dos horas y media, te sumergir\u00e1s en la esencia de la gastronom\u00eda mallorquina, explorando <strong>cuatro paradas cuidadosamente seleccionadas para degustar exquisitos productos locales<\/strong>. <\/p>\n\n\n<div class=\"wp-block-image is-resized\">\n<figure class=\"aligncenter size-full\"><img loading=\"lazy\" decoding=\"async\" width=\"848\" height=\"578\" src=\"https:\/\/www.click-mallorca.com\/blog\/wp-content\/uploads\/2023\/11\/foodie-tour.jpg\" alt=\"tour gastron\u00f3mico por palma de mallorca en junio\" class=\"wp-image-11753\" srcset=\"https:\/\/www.click-mallorca.com\/blog\/wp-content\/uploads\/2023\/11\/foodie-tour.jpg 848w, https:\/\/www.click-mallorca.com\/blog\/wp-content\/uploads\/2023\/11\/foodie-tour-300x204.jpg 300w, https:\/\/www.click-mallorca.com\/blog\/wp-content\/uploads\/2023\/11\/foodie-tour-768x523.jpg 768w\" sizes=\"auto, (max-width: 848px) 100vw, 848px\" \/><\/figure><\/div>\n\n\n<p>Durante el recorrido, se visitan lugares de inter\u00e9s hist\u00f3rico y cultural que cuentan la historia \u00fanica de la ciudad y se realiza una <strong>parada en un bullicioso mercado,<\/strong> donde podr\u00e1s palpar la frescura de los productos de temporada y experimentar la autenticidad de la vida diaria en Palma. Entre parada y parada, descubrir\u00e1s la arquitectura encantadora de la ciudad antigua y escuchar\u00e1s historias fascinantes narradas por nuestros gu\u00edas expertos. Las otras paradas te llevar\u00e1n a aut\u00e9nticos bares locales, donde probar\u00e1s la gastronom\u00eda local, un postre de convento y un licor de Mallorca. <\/p>\n\n\n\n<p><a href=\"https:\/\/www.click-mallorca.com\/excursiones\/foodie-tour-en-palma-de-mallorca\/\" target=\"_blank\" rel=\"noreferrer noopener\">Reservar un tour gastron\u00f3mico<\/a> es la manera perfecta de conocer Palma, disfrutando de su cultura, historia y, por supuesto, de su incre\u00edble oferta gastron\u00f3mica en un viaje que deleitar\u00e1 todos tus sentidos. <\/p>\n\n\n\n<h2 class=\"wp-block-heading parrafo-azul\" id=\"visitar-una-bodega-joven\"><span class=\"ez-toc-section\" id=\"visitar-una-bodega-joven\"><\/span>Visitar una bodega joven<span class=\"ez-toc-section-end\"><\/span><\/h2>\n\n\n\n<p>Otro plan ideal si vas a visitar Mallorca en junio es realizar una cata de vinos en una bodega. En Mallorca hay multitud de bodegas para visitar, pero si lo que buscas es una <strong>bodega m\u00e1s joven en la que se respira esp\u00edritu emprendedor<\/strong>, tenemos un plan ideal para sugerirte: una bodega cuyo vino posee atributos particulares al encontrarse casi a nivel del mar, benefici\u00e1ndose de un microclima distintivo. Al explorar la bodega, nos sumergimos en el descubrimiento de las variadas cepas de vino que elaboran, permiti\u00e9ndonos <strong>aprender de manera directa sobre cada fase del proceso de producci\u00f3n vin\u00edcola en estas instalaciones<\/strong>.<\/p>\n\n\n<div class=\"wp-block-image is-resized\">\n<figure class=\"aligncenter size-full\"><img loading=\"lazy\" decoding=\"async\" width=\"640\" height=\"480\" src=\"https:\/\/www.click-mallorca.com\/blog\/wp-content\/uploads\/2023\/11\/bodega-butxet.jpg\" alt=\"bodega butxet en mallorca en junio\" class=\"wp-image-11761\" srcset=\"https:\/\/www.click-mallorca.com\/blog\/wp-content\/uploads\/2023\/11\/bodega-butxet.jpg 640w, https:\/\/www.click-mallorca.com\/blog\/wp-content\/uploads\/2023\/11\/bodega-butxet-300x225.jpg 300w\" sizes=\"auto, (max-width: 640px) 100vw, 640px\" \/><figcaption class=\"wp-element-caption\">Bodega Butxet<\/figcaption><\/figure><\/div>\n\n\n<p><br>Durante la visita, <strong>degustar\u00e1s 5 vinos locales <\/strong>y tendr\u00e1s la oportunidad de probar <strong>dos aperitivos caracter\u00edsticos de la gastronom\u00eda local<\/strong>. Durante la cata, de manera amena y participativa, se revelan los detalles acerca del color del vino, sus aromas, el proceso de envejecimiento y otras curiosidades. Si el clima lo permite, se lleva a cabo la cata en los encantadores jardines exteriores: un escenario pintoresco en un rinc\u00f3n especial de la bodega. <a href=\"https:\/\/www.click-mallorca.com\/excursiones\/bodega-mallorca-cata-vinos\/\" target=\"_blank\" rel=\"noreferrer noopener\">Reserva tu cata de vinos<\/a> para vivir una experiencia \u00fanica de enoturismo.<\/p>\n\n\n\n<h2 class=\"wp-block-heading parrafo-azul\" id=\"mallorca-live-festival\"><span class=\"ez-toc-section\" id=\"mallorca-live-festival\"><\/span>Mallorca Live Festival<span class=\"ez-toc-section-end\"><\/span><\/h2>\n\n\n\n<p>El <strong>Mallorca Live Festival<\/strong> se ha consolidado como un destacado evento musical en la isla, atrayendo a amantes de la m\u00fasica con un cartel de primer nivel. Este vibrante festival se celebra en el antiguo Aquapark de Calvi\u00e0, ofreciendo una experiencia \u00fanica donde la m\u00fasica se fusiona con la energ\u00eda del verano mediterr\u00e1neo. Con actuaciones de <strong>grupos de renombre internacional<\/strong>, el festival crea un ambiente efervescente en el que los asistentes pueden disfrutar de una amplia variedad de g\u00e9neros musicales, desde rock y pop hasta electr\u00f3nica, todo enmarcado por la belleza de los alrededores y la atm\u00f3sfera festiva del antiguo parque acu\u00e1tico.<\/p>\n\n\n<div class=\"wp-block-image is-resized\">\n<figure class=\"aligncenter size-full\"><img loading=\"lazy\" decoding=\"async\" width=\"728\" height=\"567\" src=\"https:\/\/www.click-mallorca.com\/blog\/wp-content\/uploads\/2023\/11\/mallorca-live-festival.jpg\" alt=\"Mallorca Live festival en Mallorca en junio\" class=\"wp-image-12032\" srcset=\"https:\/\/www.click-mallorca.com\/blog\/wp-content\/uploads\/2023\/11\/mallorca-live-festival.jpg 728w, https:\/\/www.click-mallorca.com\/blog\/wp-content\/uploads\/2023\/11\/mallorca-live-festival-300x234.jpg 300w\" sizes=\"auto, (max-width: 728px) 100vw, 728px\" \/><figcaption class=\"wp-element-caption\">Mallorca Live Festival<\/figcaption><\/figure><\/div>\n\n\n<p>Con espacios para disfrutar de la gastronom\u00eda local y zonas de relax, el festival se convierte en una experiencia completa que celebra la m\u00fasica, la cultura y el esp\u00edritu festivo en el coraz\u00f3n de Calvi\u00e0. Este evento anual ha logrado consolidarse como una cita imprescindible para aquellos que buscan sumergirse en la escena musical contempor\u00e1nea mientras disfrutan de sus vacaciones en Mallorca en junio.<\/p>\n\n\n\n<hr class=\"wp-block-separator has-text-color has-vivid-cyan-blue-color has-css-opacity has-vivid-cyan-blue-background-color has-background\"\/>\n\n\n<div class=\"su-box su-box-style-default\" id=\"\" style=\"border-color:#0055cc;border-radius:3px;\"><div class=\"su-box-title\" style=\"background-color:#1188ff;color:#FFFFFF;border-top-left-radius:1px;border-top-right-radius:1px\">Planifica tu escapada a Mallorca<\/div><div class=\"su-box-content su-u-clearfix su-u-trim\" style=\"border-bottom-left-radius:1px;border-bottom-right-radius:1px\">\n<div class=\"content-box-area\">\n<div class=\"content-item\">\n        <span class=\"c-icon\"><i class=\"fas fa-camera\"><\/i><\/span><br \/>\n<span>Las mejores opciones para pasarlo bien en Mallorca: <a href=\"https:\/\/www.click-mallorca.com\/\">Excursiones en Mallorca<\/a><\/span><\/div>\n<div class=\"content-item\">\n        <span class=\"c-icon\"><i class=\"fas fa-bed\"><\/i><\/span><br \/>\n<span>Hoteles donde alojarte con cancelaci\u00f3n gratuita y al mejor precio: <a href=\"https:\/\/www.expedia.com\/affiliate\/RshNCLb region=767&amp;aid=2108356&amp;no_rooms=1&amp;group_adults=2\" rel=\"nofollow\">Hoteles en Mallorca<\/a><\/span><\/div>\n<div class=\"content-item\">\n        <span class=\"c-icon\"><i class=\"fas fa-car\"><\/i><\/span><br \/>\n<span>Alquila coches a los mejores precios. <a href=\"https:\/\/www.rentcars.com\/es\/?requestorid=5324&amp;utm_source=www.click-mallorca.com&amp;utm_medium=afiliado-link\" rel=\"nofollow\">Alquiler de coches en Mallorca<\/a><\/span><\/div>\n<div class=\"content-item\">\n        <span class=\"c-icon\"><i class=\"fas fa-plane\"><\/i><\/span><br \/>\n<span>Encuentra vuelos al mejor precio hacia Mallorca: <a href=\"https:\/\/skyscanner.pxf.io\/c\/3171348\/1027991\/13416?associateid=AFF_TRA_19354_00001\" rel=\"nofollow\">Vuelos a Mallorca<\/a><\/span><\/div>\n<div class=\"content-item\">\n        <span class=\"c-icon\"><i class=\"fas fa-ship\"><\/i><\/span><br \/>\n<span>Salidas y tours en barco y catamaran: <a href=\"https:\/\/www.click-mallorca.com\/actividades\/mallorca-paseos-barca-catamaran\/\">Excursiones en barco<\/a><\/span><\/div>\n<div class=\"content-item\">\n        <span class=\"c-icon\"><i class=\"fas fa-map\"><\/i><\/span><br \/>\n<span>Seguro de viaje: <a href=\"http:\/\/www.iatiseguros.com\/?r=67694918520896\">descuento en tu seguro IATI de un 5%<\/a><\/span><\/div>\n<\/div>\n<\/div><\/div>\n\n\n\n<hr class=\"wp-block-separator has-text-color has-vivid-cyan-blue-color has-css-opacity has-vivid-cyan-blue-background-color has-background\"\/>\n\n\n\n<h2 class=\"wp-block-heading parrafo-azul\" id=\"el-tiempo-en-mallorca-en-junio\"><span class=\"ez-toc-section\" id=\"el-tiempo-en-mallorca-en-junio\"><\/span>El tiempo en Mallorca en junio<span class=\"ez-toc-section-end\"><\/span><\/h2>\n\n\n\n<p><br>Las temperaturas suelen oscilar entre los agradables<strong> 20 y 30 grados Celsius<\/strong>, proporcionando un clima c\u00e1lido pero no abrasador. El sol se alza temprano, regalando <strong>largas jornadas de luz,<\/strong> y se pone alrededor de las 9 de la noche, brindando oportunidades para explorar la isla hasta tarde.<\/p>\n\n\n\n<p>Para aprovechar al m\u00e1ximo el clima en junio, se recomienda <strong>llevar ropa ligera y c\u00f3moda, como vestidos, camisas frescas y pantalones cortos<\/strong>. Adem\u00e1s, es esencial llevar protector solar, gafas de sol y sombrero para protegerse del sol durante las horas de mayor intensidad. Una chaqueta ligera para las noches frescas y calzado c\u00f3modo para explorar a pie son elementos clave para asegurar una experiencia confortable y placentera en la maravillosa Mallorca de junio.<\/p>\n\n\n\n<h2 class=\"wp-block-heading parrafo-azul\" id=\"consejos-para-viajar-a-mallorca-en-junio\"><span class=\"ez-toc-section\" id=\"consejos-para-viajar-a-mallorca-en-junio\"><\/span>Consejos para viajar a Mallorca en junio<span class=\"ez-toc-section-end\"><\/span><\/h2>\n\n\n\n<p><br>Viajar a Mallorca en junio es una elecci\u00f3n excelente, ya que el clima es agradable y la isla ofrece una gran variedad de actividades y eventos. Con el clima favorable, <strong>disfruta de las hermosas playas y calas de la isla.<\/strong> Explora la costa en barco, practica deportes acu\u00e1ticos o simplemente rel\u00e1jate junto al mar.<\/p>\n\n\n\n<p><strong>Consulta el calendario local para eventos culturales y festivales<\/strong> que puedan estar ocurriendo durante tu visita, como la celebraci\u00f3n de la Noche de San Juan el 23 de junio, donde las playas se iluminan con hogueras.  <\/p>\n\n\n\n<p>Mallorca es conocida por sus vinos. Considera hacer una cata en alguna de las bodegas locales para probar las variedades aut\u00f3ctonas. Visita mercados locales como el de Sineu para probar productos frescos y sumergirte en la aut\u00e9ntica vida mallorquina. Adem\u00e1s, Mallorca ofrece una excelente oferta gastron\u00f3mica.<strong> Haz reservas en restaurantes locales para probar la deliciosa cocina mediterr\u00e1nea<\/strong>. Aunque es bueno tener un itinerario, deja espacio para la improvisaci\u00f3n y descubrimientos espont\u00e1neos. La flexibilidad puede llevarte a rincones inesperados de la isla.<\/p>\n\n\n\n<h2 class=\"wp-block-heading parrafo-azul\" id=\"encuentra-aqui-mas-cosas-que-hacer-en-mallorca-en-junio\"><span class=\"ez-toc-section\" id=\"encuentra-aqui-mas-cosas-que-hacer-en-mallorca-en-junio\"><\/span>Encuentra aqu\u00ed m\u00e1s cosas que hacer en Mallorca en junio<span class=\"ez-toc-section-end\"><\/span><\/h2>\n\n\n\n<p>Mallorca en junio es el destino perfecto para quienes buscan autenticidad, cultura y naturaleza en un ambiente relajado. Ya sea disfrutando de las fiestas tradicionales, explorando la Serra de Tramuntana o descubriendo la esencia de Palma, la isla ofrece experiencias \u00fanicas en esta \u00e9poca del a\u00f1o.&nbsp;<strong><em>\u00bfEst\u00e1s listo para vivir la magia del invierno en Mallorca?<\/em><\/strong><\/p>\n\n\n<div class=\"n2-section-smartslider fitvidsignore  n2_clear\" data-ssid=\"31\" tabindex=\"0\" role=\"region\" aria-label=\"Slider\"><div id=\"n2-ss-31-align\" class=\"n2-ss-align\"><div class=\"n2-padding\"><div id=\"n2-ss-31\" data-creator=\"Smart Slider 3\" data-responsive=\"auto\" class=\"n2-ss-slider n2-ow n2-has-hover n2notransition  \">\n        <div class=\"n2-ss-slider-1 n2-ow\">\n            <div class=\"n2-ss-slider-2 n2-ow\">\n                <div class=\"n2-ss-slide-backgrounds n2-ow-all\"><div class=\"n2-ss-slide-background\" data-public-id=\"1\" data-mode=\"fill\"><div class=\"n2-ss-slide-background-image\" data-blur=\"0\" data-opacity=\"50\" data-x=\"64\" data-y=\"76\" data-alt=\"actividades en mallorca\" data-title=\"actividades en mallorca\" style=\"opacity:0.5;--ss-o-pos-x:64%;--ss-o-pos-y:76%\"><picture class=\"skip-lazy\" data-skip-lazy=\"1\"><img decoding=\"async\" src=\"\/\/www.click-mallorca.com\/blog\/wp-content\/uploads\/2018\/09\/formentor-mallorca-3.jpg\" alt=\"actividades en mallorca\" title=\"actividades en mallorca\" loading=\"lazy\" class=\"skip-lazy\" data-skip-lazy=\"1\"><\/picture><\/div><div data-color=\"RGBA(60,60,60,1)\" style=\"background-color: RGBA(60,60,60,1);\" class=\"n2-ss-slide-background-color\"><\/div><\/div><\/div>                <div class=\"n2-ss-slider-3 n2-ow\">\n                    <svg xmlns=\"http:\/\/www.w3.org\/2000\/svg\" viewBox=\"0 0 1220 312\" data-related-device=\"desktopPortrait\" class=\"n2-ow n2-ss-preserve-size n2-ss-preserve-size--slider n2-ss-slide-limiter\"><\/svg><div data-first=\"1\" data-slide-duration=\"0\" data-id=\"32\" data-slide-public-id=\"1\" data-title=\"canoeing\" class=\"n2-ss-slide n2-ow  n2-ss-slide-32\"><div role=\"note\" class=\"n2-ss-slide--focus\" tabindex=\"-1\">canoeing<\/div><div class=\"n2-ss-layers-container n2-ss-slide-limiter n2-ow\"><div class=\"n2-ss-layer n2-ow n-uc-4CkoCXwQuZYY\" data-sstype=\"slide\" data-pm=\"default\"><div class=\"n2-ss-layer n2-ow n-uc-lblR8v3xQpSZ\" data-pm=\"default\" data-sstype=\"content\" data-hasbackground=\"0\"><div class=\"n2-ss-section-main-content n2-ss-layer-with-background n2-ss-layer-content n2-ow n-uc-lblR8v3xQpSZ-inner\"><div class=\"n2-ss-layer n2-ow n-uc-TksuStWzQYda\" data-pm=\"normal\" data-sstype=\"layer\"><div id=\"n2-ss-31item1\" class=\"n2-font-e9a4db3737553f617bc7781666873b58-hover n2-style-f77d9243d5756df16465dabef11c5487-heading   n2-ss-item-content n2-ss-text n2-ow\" style=\"display:block;\">Descuentos exclusivos<\/div><\/div><div class=\"n2-ss-layer n2-ow n-uc-AWTxqj8Ly289\" data-pm=\"normal\" data-sstype=\"layer\"><div id=\"n2-ss-31item2\" class=\"n2-font-a5e2522f416001c57981fbde2ee9382f-hover   n2-ss-item-content n2-ss-text n2-ow\" style=\"display:block;\">Actividades en Mallorca<\/div><\/div><div class=\"n2-ss-layer n2-ow n-uc-hMz02MZcTPLm\" data-pm=\"normal\" data-sstype=\"layer\"><div id=\"n2-ss-31item3\" class=\"n2-font-e444516f3cd201d3c6c7798a5ce0ed55-hover   n2-ss-item-content n2-ss-text n2-ow\" style=\"display:block;\">Excursiones, paseos en barco, visitas&#8230;<\/div><\/div><div class=\"n2-ss-layer n2-ow n-uc-xxvr6FhetUsK\" data-pm=\"normal\" data-sstype=\"layer\"><div class=\"n2-ss-button-container n2-ss-item-content n2-ow n2-font-aa17aaeef61b48c1ce9107526e93a5f5-link  n2-ss-nowrap\"><a class=\"n2-style-91de29be64dbe428acccb3b339585304-heading  n2-ow \" href=\"https:\/\/www.click-mallorca.com\/actividades\/\"><div><div>Reserva ahora!<\/div><\/div><\/a><\/div><\/div><\/div><\/div><\/div><\/div><\/div>                <\/div>\n                            <\/div>\n        <\/div>\n        <\/div><ss3-loader><\/ss3-loader><\/div><\/div><div class=\"n2_clear\"><\/div><\/div>\n\n\n<hr class=\"wp-block-separator has-css-opacity\"\/>\n\n\n<div class=\"su-box su-box-style-default\" id=\"\" style=\"border-color:#0055cc;border-radius:3px;\"><div class=\"su-box-title\" style=\"background-color:#1188ff;color:#FFFFFF;border-top-left-radius:1px;border-top-right-radius:1px\">\u00bfQu\u00e9 hacer en Mallorca cada mes del a\u00f1o?<\/div><div class=\"su-box-content su-u-clearfix su-u-trim\" style=\"border-bottom-left-radius:1px;border-bottom-right-radius:1px\">\n<div class=\"content-box-area\">\n<div class=\"content-item\">\n        <span class=\"c-icon\"><i class=\"fas fa-camera\"><\/i><\/span><br \/>\n<span>Mallorca en Enero: <a href=\" https:\/\/www.click-mallorca.com\/blog\/vacaciones\/mallorca-en-enero\/\">Mallorca en Enero<\/a><\/span><\/div>\n<div class=\"content-item\">\n        <span class=\"c-icon\"><i class=\"fas fa-camera\"><\/i><\/span><br \/>\n<span>Mallorca en Febrero: <a href=\" https:\/\/www.click-mallorca.com\/blog\/noticias\/excursiones-en-febrero-en-mallorca\/\">Mallorca en Febrero<\/a><\/span><\/div>\n<div class=\"content-item\">\n        <span class=\"c-icon\"><i class=\"fas fa-camera\"><\/i><\/span><br \/>\n<span>Mallorca en Marzo: <a href=\" https:\/\/www.click-mallorca.com\/blog\/noticias\/que-hacer-en-marzo-en-mallorca-2019\/\">Mallorca en Marzo<\/a><\/span><\/div>\n<div class=\"content-item\">\n        <span class=\"c-icon\"><i class=\"fas fa-camera\"><\/i><\/span><br \/>\n<span>Mallorca en Abril: <a href=\" https:\/\/www.click-mallorca.com\/blog\/vacaciones\/mallorca-en-abril\/\">Mallorca en Abril<\/a><\/span><\/div>\n<div class=\"content-item\">\n        <span class=\"c-icon\"><i class=\"fas fa-camera\"><\/i><\/span><br \/>\n<span>Mallorca en Mayo: <a href=\" https:\/\/www.click-mallorca.com\/blog\/vacaciones\/mallorca-en-mayo\/\">Mallorca en Mayo<\/a><\/span><\/div>\n<div class=\"content-item\">\n        <span class=\"c-icon\"><i class=\"fas fa-camera\"><\/i><\/span><br \/>\n<span>Mallorca en Junio: <a href=\" https:\/\/www.click-mallorca.com\/blog\/vacaciones\/mallorca-en-junio\/\">Mallorca en Junio<\/a><\/span><\/div>\n<div class=\"content-item\">\n        <span class=\"c-icon\"><i class=\"fas fa-camera\"><\/i><\/span><br \/>\n<span>Mallorca en Julio: <a href=\" https:\/\/www.click-mallorca.com\/blog\/vacaciones\/mallorca-en-julio\/\">Mallorca en Julio<\/a><\/span><\/div>\n<div class=\"content-item\">\n        <span class=\"c-icon\"><i class=\"fas fa-camera\"><\/i><\/span><br \/>\n<span>Mallorca en Agosto: <a href=\" https:\/\/www.click-mallorca.com\/blog\/vacaciones\/mallorca-en-agosto\/\">Mallorca en Agosto<\/a><\/span><\/div>\n<div class=\"content-item\">\n        <span class=\"c-icon\"><i class=\"fas fa-camera\"><\/i><\/span><br \/>\n<span>Mallorca en Septiembre: <a href=\" https:\/\/www.click-mallorca.com\/blog\/vacaciones\/mallorca-en-septiembre\/\">Mallorca en septiembre<\/a><\/span><\/div>\n<div class=\"content-item\">\n        <span class=\"c-icon\"><i class=\"fas fa-camera\"><\/i><\/span><br \/>\n<span>Mallorca en Octubre: <a href=\" https:\/\/www.click-mallorca.com\/blog\/vacaciones\/mallorca-en-octubre\/\">Mallorca en Octubre<\/a><\/span><\/div>\n<div class=\"content-item\">\n        <span class=\"c-icon\"><i class=\"fas fa-camera\"><\/i><\/span><br \/>\n<span>Mallorca en Noviembre: <a href=\" https:\/\/www.click-mallorca.com\/blog\/vacaciones\/mallorca-en-noviembre-excursiones-actividades\/\">Mallorca en Noviembre<\/a><\/span><\/div>\n<div class=\"content-item\">\n        <span class=\"c-icon\"><i class=\"fas fa-camera\"><\/i><\/span><br \/>\n<span>Mallorca en Diciembre: <a href=\" https:\/\/www.click-mallorca.com\/blog\/vacaciones\/mallorca-en-diciembre\/\">Mallorca en Diciembre<\/a><\/span><\/div>\n<\/div>\n<\/div><\/div>\n<!-- AddThis Advanced Settings generic via filter on the_content --><!-- AddThis Share Buttons generic via filter on the_content -->","protected":false},"excerpt":{"rendered":"<p>Visitar Mallorca en junio es sumergirse en la perfecta combinaci\u00f3n de sol radiante, playas doradas y el encanto de la isla en plena efervescencia primaveral.<!-- AddThis Advanced Settings generic via filter on get_the_excerpt --><!-- AddThis Share Buttons generic via filter on get_the_excerpt --><\/p>\n","protected":false},"author":2,"featured_media":12666,"comment_status":"open","ping_status":"open","sticky":false,"template":"","format":"standard","meta":{"footnotes":""},"categories":[45],"tags":[],"class_list":["post-11706","post","type-post","status-publish","format-standard","has-post-thumbnail","hentry","category-vacaciones"],"lang":"es","translations":{"es":11706,"en":14757,"de":14826},"pll_sync_post":[],"_links":{"self":[{"href":"https:\/\/www.click-mallorca.com\/blog\/wp-json\/wp\/v2\/posts\/11706","targetHints":{"allow":["GET"]}}],"collection":[{"href":"https:\/\/www.click-mallorca.com\/blog\/wp-json\/wp\/v2\/posts"}],"about":[{"href":"https:\/\/www.click-mallorca.com\/blog\/wp-json\/wp\/v2\/types\/post"}],"author":[{"embeddable":true,"href":"https:\/\/www.click-mallorca.com\/blog\/wp-json\/wp\/v2\/users\/2"}],"replies":[{"embeddable":true,"href":"https:\/\/www.click-mallorca.com\/blog\/wp-json\/wp\/v2\/comments?post=11706"}],"version-history":[{"count":118,"href":"https:\/\/www.click-mallorca.com\/blog\/wp-json\/wp\/v2\/posts\/11706\/revisions"}],"predecessor-version":[{"id":19444,"href":"https:\/\/www.click-mallorca.com\/blog\/wp-json\/wp\/v2\/posts\/11706\/revisions\/19444"}],"wp:featuredmedia":[{"embeddable":true,"href":"https:\/\/www.click-mallorca.com\/blog\/wp-json\/wp\/v2\/media\/12666"}],"wp:attachment":[{"href":"https:\/\/www.click-mallorca.com\/blog\/wp-json\/wp\/v2\/media?parent=11706"}],"wp:term":[{"taxonomy":"category","embeddable":true,"href":"https:\/\/www.click-mallorca.com\/blog\/wp-json\/wp\/v2\/categories?post=11706"},{"taxonomy":"post_tag","embeddable":true,"href":"https:\/\/www.click-mallorca.com\/blog\/wp-json\/wp\/v2\/tags?post=11706"}],"curies":[{"name":"wp","href":"https:\/\/api.w.org\/{rel}","templated":true}]}}