{"id":13412,"date":"2025-11-24T12:22:57","date_gmt":"2025-11-24T12:22:57","guid":{"rendered":"https:\/\/www.click-mallorca.com\/blog\/?p=13412"},"modified":"2026-01-26T13:05:24","modified_gmt":"2026-01-26T13:05:24","slug":"encendido-luces-palma","status":"publish","type":"post","link":"https:\/\/www.click-mallorca.com\/blog\/sitios\/encendido-luces-palma\/","title":{"rendered":"Luces de Navidad en Palma 2026: encendido, horario y mapa"},"content":{"rendered":"\n<p>El encendido de las luces de Navidad en <strong>Palma de Mallorca <\/strong>2026 marca oficialmente el inicio de la Navidad en Mallorca. Cada a\u00f1o miles de personas se re\u00fanen en el centro para saber <strong>cu\u00e1ndo se encienden las luces<\/strong>, <strong>a qu\u00e9 hora empieza el espect\u00e1culo<\/strong> y <strong>d\u00f3nde tiene lugar el encendido<\/strong>. Es un plan imprescindible en estas fechas, que puedes complementar con una <strong><a href=\"https:\/\/www.click-mallorca.com\/blog\/rincones\/ruta-de-belenes-en-mallorca\/\">ruta de belenes<\/a><\/strong>, la visita a los <strong><a href=\"https:\/\/www.click-mallorca.com\/blog\/rincones\/mercadillos-de-navidad-en-mallorca\/\">mercadillos navide\u00f1os<\/a><\/strong> o alguno de los planes especiales que ofrece la ciudad durante diciembre.<\/p>\n\n\n<div class=\"wp-block-image is-resized\">\n<figure class=\"aligncenter size-large\"><img loading=\"lazy\" decoding=\"async\" width=\"1024\" height=\"510\" src=\"https:\/\/www.click-mallorca.com\/blog\/wp-content\/uploads\/2024\/11\/encendido-luces-de-navidad-en-palma-1-1024x510.jpg\" alt=\"encendido luces palma 2024\" class=\"wp-image-15702\" srcset=\"https:\/\/www.click-mallorca.com\/blog\/wp-content\/uploads\/2024\/11\/encendido-luces-de-navidad-en-palma-1-1024x510.jpg 1024w, https:\/\/www.click-mallorca.com\/blog\/wp-content\/uploads\/2024\/11\/encendido-luces-de-navidad-en-palma-1-300x149.jpg 300w, https:\/\/www.click-mallorca.com\/blog\/wp-content\/uploads\/2024\/11\/encendido-luces-de-navidad-en-palma-1-768x383.jpg 768w, https:\/\/www.click-mallorca.com\/blog\/wp-content\/uploads\/2024\/11\/encendido-luces-de-navidad-en-palma-1-1536x765.jpg 1536w, https:\/\/www.click-mallorca.com\/blog\/wp-content\/uploads\/2024\/11\/encendido-luces-de-navidad-en-palma-1.jpg 1568w\" sizes=\"auto, (max-width: 1024px) 100vw, 1024px\" \/><\/figure><\/div>\n\n\n<p>En este art\u00edculo encontrar\u00e1s <strong>toda la informaci\u00f3n pr\u00e1ctica sobre las luces de Navidad en Palma<\/strong>: fecha del encendido, horario, mejores lugares para verlas, actividades especiales y consejos para disfrutar del ambiente navide\u00f1o como un local.<\/p>\n\n\n\n<p><br>El <strong>encendido de las luces<\/strong> es mucho m\u00e1s que un acto simb\u00f3lico: es el momento en el que Palma se llena de color, m\u00fasica y proyecciones, convirtiendo sus plazas y avenidas en un espect\u00e1culo luminoso \u00fanico. La ciudad cobra vida con un ambiente festivo que contagia a todo el que pasea por el centro.<\/p>\n\n\n\n<p><br>Desde Click Mallorca, como expertos locales, te contamos <strong>todo lo que necesitas saber<\/strong> para vivir este m\u00e1gico evento que ilumina las noches de Palma.<\/p>\n\n\n\n<h2 class=\"wp-block-heading parrafo-azul\" id=\"cuando-encienden-las-luces-de-navidad-en-palma-en-2024\">\u00bfCu\u00e1ndo encienden las luces de Navidad en Palma en 2026?<\/h2>\n\n\n\n<p>El <strong>encendido de las luces de Navidad en Palma <\/strong>2026 es el <strong>s\u00e1bado 22 de noviembre<\/strong>, con espect\u00e1culo desde las <strong>19:00 h<\/strong> y <strong>encendido general sobre las 19:30 h<\/strong> en <strong>Plaza Espa\u00f1a<\/strong>, frente a la estatua de Jaume I.<\/p>\n\n\n\n<p>\ud83c\udf84 <strong>Datos del Encendido de Luces de Navidad en Palma 2026<\/strong><\/p>\n\n\n\n<p>\ud83d\udcc5 <strong>D\u00eda:<\/strong><br>S\u00e1bado 22 de noviembre de 2026<\/p>\n\n\n\n<p>\u23f0 <strong>Hora del espect\u00e1culo:<\/strong><br>19:00 h<\/p>\n\n\n\n<p>\u2728 <strong>Hora aproximada del encendido (cuenta atr\u00e1s):<\/strong><br>19:30 h<\/p>\n\n\n\n<p>\ud83d\udccd <strong>Lugar:<\/strong><br>Plaza Espa\u00f1a (Palma de Mallorca), junto a la estatua de Jaime I<\/p>\n\n\n\n<p>\ud83c\udfac <strong>Duraci\u00f3n del show:<\/strong><br>35\u201340 minutos<\/p>\n\n\n\n<p>\ud83d\udcb6 <strong>Precio:<\/strong><br>Gratis<\/p>\n\n\n\n<p>El <strong>Ayuntamiento de Palma<\/strong> ya ha publicado el programa oficial del <strong>encendido de luces de Navidad 2026<\/strong>, algo habitual, ya que en a\u00f1os anteriores los detalles se han hecho p\u00fablicos solo unos d\u00edas antes del evento. En este art\u00edculo iremos actualizando toda la informaci\u00f3n en cuanto se confirme el horario, las actividades y el formato del espect\u00e1culo, para que puedas organizar tu visita al <strong>encendido luces Navidad Palma 2026<\/strong> con tiempo.<\/p>\n\n\n\n<p>Para hacerte una idea de c\u00f3mo es el evento, aqu\u00ed puedes ver <strong>c\u00f3mo fue el encendido de las luces de Navidad en Palma 2026<\/strong>, con el espect\u00e1culo, las proyecciones y la cuenta atr\u00e1s del alumbrado.<\/p>\n\n\n\n<figure class=\"wp-block-embed is-type-video is-provider-youtube wp-block-embed-youtube wp-embed-aspect-16-9 wp-has-aspect-ratio\"><div class=\"wp-block-embed__wrapper\">\n<div class=\"video-container\"><iframe loading=\"lazy\" title=\"Encendido luces de Navidad Palma de Mallorca 2025-2026\" width=\"500\" height=\"281\" src=\"https:\/\/www.youtube.com\/embed\/PVeCONRa3qA?feature=oembed&#038;wmode=opaque&#038;enablejsapi=1&#038;origin=https:\/\/www.click-mallorca.com\" frameborder=\"0\" allow=\"accelerometer; autoplay; clipboard-write; encrypted-media; gyroscope; picture-in-picture; web-share\" referrerpolicy=\"strict-origin-when-cross-origin\" allowfullscreen><\/iframe><\/div>\n<\/div><\/figure>\n\n\n\n<p><\/p>\n\n\n\n<h2 class=\"wp-block-heading parrafo-azul\">\u00bfA qu\u00e9 hora se encienden las luces de Navidad en Palma?<\/h2>\n\n\n\n<p>El espect\u00e1culo del encendido de las luces de Navidad en Palma 2026 empieza <strong>a las 19:00 h<\/strong> en Plaza Espa\u00f1a. Tras las actuaciones y la m\u00fasica, la <strong>cuenta atr\u00e1s y el encendido simult\u00e1neo de las luces<\/strong> en toda la ciudad se realizan <strong>sobre las 19:30<\/strong>.<\/p>\n\n\n\n<p>\ud83d\udca1 <strong>Consejo local:<\/strong> Si quieres un buen sitio, llega al menos <strong>45\u201360 minutos antes<\/strong> y sit\u00faate cerca de la <strong>estatua de Jaime I en Plaza Espa\u00f1a<\/strong>, desde donde se ve muy bien el escenario y la cuenta atr\u00e1s.<\/p>\n\n\n\n<p><\/p>\n\n\n\n<h2 class=\"wp-block-heading parrafo-azul\">\u00bfHasta cu\u00e1ndo est\u00e1n las luces de Navidad en Palma encendidas?<\/h2>\n\n\n\n<p>Normalmente, las luces de Navidad en Palma permanecen encendidas <strong>hasta finales de enero<\/strong>, coincidiendo con las fiestas de <strong>Sant Sebasti\u00e0<\/strong>, patr\u00f3n de Palma. La iluminaci\u00f3n navide\u00f1a se mantiene durante todas las fiestas y se apaga una vez terminados los actos principales de Sant Sebasti\u00e0.<\/p>\n\n\n\n<p>Aunque cada a\u00f1o las fechas exactas pueden variar ligeramente, como referencia, puedes contar con que las <strong>luces de Navidad de Palma 2026 estar\u00e1n encendidas desde el 22 de noviembre hasta principios de enero de 2026<\/strong>.<\/p>\n\n\n\n<h2 class=\"wp-block-heading parrafo-azul\">Encendido de luces de Navidad en Palma 2026: lo que sabemos hasta ahora<\/h2>\n\n\n\n<p>El encendido de las luces de Navidad en Palma 2026 llega con <strong>novedades importantes<\/strong> y un formato renovado para mejorar la seguridad y la experiencia del p\u00fablico. Este a\u00f1o, el Ayuntamiento ha decidido trasladar el acto a <strong>Plaza Espa\u00f1a<\/strong>, un espacio mucho m\u00e1s amplio que permite acoger a miles de asistentes sin las aglomeraciones que se produjeron en 2024 en el centro de la ciudad.<\/p>\n\n\n\n<p>El espect\u00e1culo de este a\u00f1o tendr\u00e1 una <strong>duraci\u00f3n aproximada de 35\u201340 minutos<\/strong> y combinar\u00e1 m\u00fasica, proyecciones audiovisuales, juegos de luces y una puesta en escena totalmente inmersiva. Ser\u00e1 un homenaje a la luz y al arte, dise\u00f1ado para envolver al p\u00fablico en una atm\u00f3sfera festiva mientras se acerca el momento de la esperada <strong>cuenta atr\u00e1s del encendido<\/strong>.<\/p>\n\n\n\n<p>Seg\u00fan la Junta de Govern, la escenograf\u00eda incluir\u00e1 una <strong>plataforma central<\/strong>, una gran <strong>pantalla LED<\/strong> y diferentes elementos visuales sincronizados con el alumbrado navide\u00f1o de la ciudad. Todo ello culminar\u00e1 con el encendido simult\u00e1neo de miles de luces repartidas por el centro de Palma.<\/p>\n\n\n\n<p>El cambio de ubicaci\u00f3n responde a criterios de seguridad: en 2024 se reunieron cerca de <strong>20.000 personas<\/strong>, lo que provoc\u00f3 dificultades de movilidad en el Born y zonas cercanas. Con Plaza Espa\u00f1a como escenario del encendido 2026, se garantiza una mejor distribuci\u00f3n del p\u00fablico y una experiencia m\u00e1s c\u00f3moda para familias y visitantes.<\/p>\n\n\n\n<p>En total, el Ayuntamiento ha destinado un presupuesto de <strong>78.650 euros<\/strong>, consolidando este evento como uno de los grandes atractivos del invierno en Mallorca y el punto de partida oficial de la temporada navide\u00f1a en la ciudad.<\/p>\n\n\n\n<h2 class=\"wp-block-heading parrafo-azul\" id=\"programa-de-actividades-el-dia-del-encendido-de-las-luces-de-navidad\">Programa de Actividades el d\u00eda del encendido de las luces de Navidad <\/h2>\n\n\n\n<p>l d\u00eda principal del encendido de las luces en Palma, s\u00e1bado 22 de noviembre de 2026, estar\u00e1 acompa\u00f1ado por un amplio programa de actividades pensado para todas las edades y que arrancar\u00e1 ya por la tarde, antes del gran espect\u00e1culo en la Plaza Espa\u00f1a.<\/p>\n\n\n\n<p><strong>Cronolog\u00eda y puntos clave del programa:<\/strong><\/p>\n\n\n\n<ul class=\"wp-block-list\">\n<li>Desde <strong>las 17:30 h<\/strong>, varios pasacalles recorrer\u00e1n las principales calles del casco hist\u00f3rico de Palma, calentando el ambiente, con m\u00fasica y animaci\u00f3n en zonas como la Pla\u00e7a del Mercat y la Pla\u00e7a de Cort. <\/li>\n\n\n\n<li>A las <strong>18:30 h<\/strong>, en Plaza Espa\u00f1a, comenzar\u00e1 el espect\u00e1culo inaugural titulado El ball de les dues estrelles, a cargo del grupo art\u00edstico que interpretar\u00e1 una puesta en escena con m\u00fasica, proyecciones, acr\u00f3batas y efectos visuales. <\/li>\n\n\n\n<li>La gran cuenta atr\u00e1s del encendido se producir\u00e1 aproximadamente entre <strong>19:30 y 19:35 h<\/strong>, momento en el que miles de bombillas se iluminar\u00e1n simult\u00e1neamente en m\u00e1s de 200 calles de Palma. <\/li>\n<\/ul>\n\n\n\n<p><strong>Otras actividades destacadas y paralelas al evento central:<\/strong><\/p>\n\n\n\n<ul class=\"wp-block-list\">\n<li>Inauguraci\u00f3n, el viernes 21 de noviembre, del tradicional bel\u00e9n en el edificio del Ajuntament de Palma (\u201cBel\u00e9n de Cort\u201d) y apertura del buz\u00f3n real para los ni\u00f1os que quieran entregar sus cartas. <\/li>\n\n\n\n<li>M\u00e1s de <strong>300 actividades<\/strong> programadas para toda la temporada navide\u00f1a: belenes tradicionales, cuentacuentos, talleres de manualidades, photocalls, visitas de Pap\u00e1 Noel y \/o pajes reales, charangas itinerantes, actividades familiares y conciertos corales en espacios emblem\u00e1ticos de la ciudad. <\/li>\n\n\n\n<li>Una de las novedades de este a\u00f1o es la iniciativa Piano en Ciutat, que instalar\u00e1 pianos p\u00fablicos en distintos puntos del centro de Palma (por ejemplo, Cort, Jaume III, La Rambla, Born) para que cualquier persona pueda sentarse y tocar durante la temporada navide\u00f1a. <\/li>\n<\/ul>\n\n\n\n<p><strong>Consejos para disfrutar mejor del d\u00eda:<\/strong><\/p>\n\n\n\n<ul class=\"wp-block-list\">\n<li>Aprovecha el evento del encendido para planificar tambi\u00e9n otras actividades navide\u00f1as en Palma: bel\u00e9n de Cort, mercadillos, paseo por las calles iluminadas, etc., ya que muchas de ellas comienzan justo antes o justo despu\u00e9s del acto central.<\/li>\n\n\n\n<li>Llega con suficiente antelaci\u00f3n a Plaza Espa\u00f1a si quieres coger buen sitio, sobre todo si vas en familia o con ni\u00f1os.<\/li>\n\n\n\n<li>Ten en cuenta que habr\u00e1 restricciones de tr\u00e1fico y desv\u00edos en las calles aleda\u00f1as durante el evento, por lo que es recomendable acceder a pie o en transporte p\u00fablico. <\/li>\n<\/ul>\n\n\n\n<p><\/p>\n\n\n\n<p><strong>Otras actividades y cosas qu\u00e9 hacer en Palma en Navidad:<\/strong><\/p>\n\n\n\n<ul class=\"wp-block-list\">\n<li><a href=\"https:\/\/www.click-mallorca.com\/blog\/rincones\/ruta-de-belenes-en-mallorca\/\">Ruta de Belenes en Palma<\/a><\/li>\n\n\n\n<li><a href=\"https:\/\/www.click-mallorca.com\/blog\/rincones\/mercadillos-de-navidad-en-mallorca\/\">Mercadillos de Navidad en Palma<\/a><\/li>\n\n\n\n<li>Gu\u00eda de <a href=\"https:\/\/www.click-mallorca.com\/blog\/vacaciones\/mejores-planes-para-hacer-en-mallorca-durante-la-navidad-2\/\">Navidad en Mallorca <\/a>con multitud de planes<\/li>\n\n\n\n<li><a href=\"https:\/\/www.click-mallorca.com\/\">Excursiones en Mallorca<\/a> en Navidad<\/li>\n<\/ul>\n\n\n\n<h2 class=\"wp-block-heading\"><strong>D\u00f3nde ver las luces de Navidad en Palma: mejores zonas y calles iluminadas<\/strong><\/h2>\n\n\n\n<p>Si quieres disfrutar de las mejores iluminaciones navide\u00f1as de Palma, aqu\u00ed tienes un resumen r\u00e1pido de las zonas m\u00e1s destacadas:<\/p>\n\n\n\n<ul class=\"wp-block-list\">\n<li><strong>Paseo del Borne y Plaza de la Reina<\/strong><br>Uno de los puntos m\u00e1s ic\u00f3nicos, con pasillos de luz y ambiente muy festivo.<\/li>\n\n\n\n<li><strong>De Las Ramblas a Plaza de Espa\u00f1a<\/strong><br>Un recorrido lleno de guirnaldas, puestos navide\u00f1os y mucha vida durante diciembre.<\/li>\n\n\n\n<li><strong>Casco Antiguo y Plaza Mayor<\/strong><br>Calles estrechas iluminadas, mercados tradicionales y la plaza completamente decorada.<\/li>\n\n\n\n<li><strong>Parc de la Mar<\/strong><br>Aqu\u00ed encontrar\u00e1s el gran <strong>\u00e1rbol de Navidad<\/strong> y la famosa <strong>bola gigante iluminada<\/strong>, dos de los lugares m\u00e1s fotografiados.<\/li>\n\n\n\n<li><strong>Plaza de Cort y Ayuntamiento<\/strong><br>Uno de los rincones m\u00e1s bonitos del centro, con iluminaci\u00f3n especial y el tradicional Bel\u00e9n de Cort.<\/li>\n<\/ul>\n\n\n\n<p>Este 2026, han decidido iluminar m\u00e1s calles en Palma, algunas que no estaban planificadas el a\u00f1o pasado como la avenida Gapar Benn\u00e1zar (guirnaldas en 126 \u00e1rboles), Jacint Verdaguer (guirnaldas en 33 \u00e1rboles), Son Espanyol (20 nuevas banderolas) o plaza Patins (17 banderolas). En total se instalar\u00e1n 3.350 m\u00f3dulos de luz, 80 m\u00e1s que el a\u00f1o pasado. Tambi\u00e9n colocar\u00e1n 614.396 metros de guirnalda, 72.050 m\u00e1s que el a\u00f1o anterior, distribuidos en doscientas calles de Palma. El presupuesto total asciende a 1,9 millones de euros.<\/p>\n\n\n\n<p>En las fechas de Navidad, la ciudad de Palma se engalana con una exquisita exhibici\u00f3n de luces navide\u00f1as que iluminan distintos puntos emblem\u00e1ticos, creando un ambiente de ensue\u00f1o para todos los visitantes. Aqu\u00ed te recomendamos algunos lugares espec\u00edficos que no puedes perderte para ver lo mejor de las luces de Navidad en Palma:<\/p>\n\n\n\n<p><strong>Del Paseo del Borne a Plaza Espa\u00f1a<\/strong><\/p>\n\n\n\n<p>Se trata de uno de los recorridos m\u00e1s recomendados para disfrutar de las luces de Navidad. Empezamos en la plaza de la Reina, seguimos por el Borne, y desde all\u00ed nos dirigimos a las Ramblas. En Navidad, encontramos en las Ramblas un mercadillo con numerosos puestos de artesan\u00eda y de comida. Al final de las ramblas, cogemos la calle Oms hasta la plaza de Espa\u00f1a. Un recorrido en el que podr\u00e1s deleitarte con una magn\u00edfica exhibici\u00f3n de luces que iluminan el coraz\u00f3n de la ciudad.<\/p>\n\n\n\n<p><strong>Casco Antiguo y Plaza Mayor:<\/strong><\/p>\n\n\n\n<p>Ad\u00e9ntrate en el encantador Casco Antiguo de Palma y descubre la Plaza Mayor decorada con luces festivas que a\u00f1aden un toque m\u00e1gico a este rinc\u00f3n hist\u00f3rico. Calles adoquinadas y fachadas iluminadas te transportar\u00e1n a un ambiente navide\u00f1o \u00fanico.<\/p>\n\n\n\n<p><strong>Parc del Mar<\/strong><\/p>\n\n\n\n<p>En \u00e9poca navide\u00f1a, el parc del Mar se transforma con decoraciones luminosas y luces navide\u00f1as, ofreciendo espacios ideales para disfrutar en familia o dar un paseo nocturno envuelto en el esp\u00edritu navide\u00f1o. Cada a\u00f1o encontramos en este lugar un \u00e1rbol de Navidad y una gigante bola de Navidad, que se convierten en dos de los lugares m\u00e1s fotografiados.<\/p>\n\n\n<div class=\"wp-block-image\">\n<figure class=\"aligncenter size-large\"><img loading=\"lazy\" decoding=\"async\" width=\"1024\" height=\"674\" src=\"https:\/\/www.click-mallorca.com\/blog\/wp-content\/uploads\/2023\/12\/bola-de-navidad-iluminada-en-palma-1-1024x674.jpg\" alt=\"Bola de navidad en el parque del mar\" class=\"wp-image-13416\" srcset=\"https:\/\/www.click-mallorca.com\/blog\/wp-content\/uploads\/2023\/12\/bola-de-navidad-iluminada-en-palma-1-1024x674.jpg 1024w, https:\/\/www.click-mallorca.com\/blog\/wp-content\/uploads\/2023\/12\/bola-de-navidad-iluminada-en-palma-1-300x198.jpg 300w, https:\/\/www.click-mallorca.com\/blog\/wp-content\/uploads\/2023\/12\/bola-de-navidad-iluminada-en-palma-1-768x506.jpg 768w, https:\/\/www.click-mallorca.com\/blog\/wp-content\/uploads\/2023\/12\/bola-de-navidad-iluminada-en-palma-1.jpg 1092w\" sizes=\"auto, (max-width: 1024px) 100vw, 1024px\" \/><\/figure><\/div>\n\n\n<p><strong>Plaza de Cort y Ayuntamiento:<\/strong><\/p>\n\n\n\n<p>La Plaza de Cort, especialmente el imponente Ayuntamiento, se convierte en un foco de atracci\u00f3n con una decoraci\u00f3n navide\u00f1a que ilumina el centro neur\u00e1lgico de la ciudad. Un lugar perfecto para capturar el esp\u00edritu festivo y disfrutar de la belleza de la iluminaci\u00f3n nocturna. Adem\u00e1s, puedes completar tu recorrido con la visita al Bel\u00e9n del ayuntamiento, uno de los m\u00e1s visitados de la Ciudad.<\/p>\n\n\n\n<h2 class=\"wp-block-heading parrafo-azul\">Luces de Navidad en Mallorca 2026: otros pueblos y zonas<\/h2>\n\n\n\n<p>Aunque el encendido de luces de Palma es el m\u00e1s conocido de la isla, muchos municipios de <strong>Mallorca<\/strong> tambi\u00e9n celebran su propio inicio de la Navidad con iluminaciones, espect\u00e1culos y actividades familiares. Localidades como <strong>Inca, Manacor, Alc\u00fadia, Pollen\u00e7a, Calvi\u00e0, S\u00f3ller o Llucmajor<\/strong> suelen instalar cada a\u00f1o decoraciones navide\u00f1as en sus plazas principales, avenidas y cascos antiguos.<\/p>\n\n\n\n<p>En la mayor\u00eda de pueblos de Mallorca, las <strong>luces de Navidad 2026<\/strong> se suelen encender entre <strong>mediados y finales de noviembre<\/strong>, coincidiendo con la apertura de mercadillos, ferias locales o actos culturales propios de cada municipio. La iluminaci\u00f3n permanece encendida durante toda la temporada navide\u00f1a y normalmente se mantiene hasta despu\u00e9s de Reyes.<\/p>\n\n\n\n<p>Si te preguntas <strong>cu\u00e1ndo se encienden las luces de Navidad en Mallorca 2026<\/strong> fuera de Palma, es importante tener en cuenta que cada ayuntamiento publica sus fechas de manera independiente. Por eso, lo m\u00e1s recomendable es consultar la web municipal o sus redes sociales unos d\u00edas antes del <strong>puente de diciembre<\/strong>, que es cuando la mayor\u00eda confirma oficialmente el encendido.<\/p>\n\n\n\n<p>Estas iluminaciones navide\u00f1as repartidas por Mallorca son una excelente excusa para descubrir otros pueblos de la isla en un ambiente festivo, visitar sus mercados artesanales o combinar la salida con actividades t\u00edpicas de la \u00e9poca.<\/p>\n\n\n\n<h2 class=\"wp-block-heading parrafo-azul\">Preguntas frecuentes sobre las luces de Navidad en Palma<\/h2>\n\n\n\n<div class=\"schema-faq wp-block-yoast-faq-block\"><div class=\"schema-faq-section\" id=\"faq-question-1763974983122\"><strong class=\"schema-faq-question\">\u00bfCu\u00e1ndo se encienden las luces de Navidad en Palma 2026?<\/strong> <p class=\"schema-faq-answer\">El encendido de las luces de Navidad en Palma 2026 ser\u00e1 el <strong>s\u00e1bado 22 de noviembre<\/strong>. Ese d\u00eda se inaugura oficialmente la iluminaci\u00f3n navide\u00f1a de la ciudad con un espect\u00e1culo especial en Plaza Espa\u00f1a.<\/p> <\/div> <div class=\"schema-faq-section\" id=\"faq-question-1763975001274\"><strong class=\"schema-faq-question\">\u00bfA qu\u00e9 hora se encienden las luces de Navidad en Palma de Mallorca?<\/strong> <p class=\"schema-faq-answer\">El espect\u00e1culo comienza a las <strong>19:00 h<\/strong>, y la <strong>cuenta atr\u00e1s y encendido general<\/strong> de todas las luces se realiza aproximadamente a las <strong>19:30 h<\/strong>.<\/p> <\/div> <div class=\"schema-faq-section\" id=\"faq-question-1763975014715\"><strong class=\"schema-faq-question\">\u00bfD\u00f3nde es el encendido de las luces de Navidad en Palma 2026?<\/strong> <p class=\"schema-faq-answer\">El encendido de 2026 tendr\u00e1 lugar en <strong>Plaza Espa\u00f1a (Palma de Mallorca)<\/strong>, junto a la estatua de <strong>Jaime I<\/strong>, donde se instala el escenario principal del espect\u00e1culo.<\/p> <\/div> <div class=\"schema-faq-section\" id=\"faq-question-1763975045280\"><strong class=\"schema-faq-question\">\u00bfA qu\u00e9 hora se encienden las luces de Navidad cada d\u00eda?<\/strong> <p class=\"schema-faq-answer\">La iluminaci\u00f3n navide\u00f1a se enciende <strong>al anochecer<\/strong>, generalmente entre las <strong>18:00 y 18:30 h<\/strong> seg\u00fan la \u00e9poca del mes, y suele permanecer encendida hasta la noche, siguiendo los horarios establecidos por el Ayuntamiento.<\/p> <\/div> <div class=\"schema-faq-section\" id=\"faq-question-1763975070734\"><strong class=\"schema-faq-question\">\u00bfHay que pagar entrada para ver el encendido de luces en Palma?<\/strong> <p class=\"schema-faq-answer\">No. El encendido de las luces de Navidad en Palma es un <strong>evento totalmente gratuito<\/strong> y abierto al p\u00fablico.<\/p> <\/div> <\/div>\n\n\n\n<p><\/p>\n<!-- AddThis Advanced Settings generic via filter on the_content --><!-- AddThis Share Buttons generic via filter on the_content -->","protected":false},"excerpt":{"rendered":"<p>Palma se transforma en un escenario lleno de luz y color durante la Navidad. \u00a1No te pierdas la experiencia \u00fanica del encendido de luces de Navidad en Palma de Mallorca en 2024! Te contamos todo lo que necesitas saber.<!-- AddThis Advanced Settings generic via filter on get_the_excerpt --><!-- AddThis Share Buttons generic via filter on get_the_excerpt --><\/p>\n","protected":false},"author":2,"featured_media":13415,"comment_status":"open","ping_status":"open","sticky":false,"template":"","format":"standard","meta":{"footnotes":""},"categories":[40],"tags":[],"class_list":["post-13412","post","type-post","status-publish","format-standard","has-post-thumbnail","hentry","category-sitios"],"lang":"es","translations":{"es":13412},"pll_sync_post":[],"_links":{"self":[{"href":"https:\/\/www.click-mallorca.com\/blog\/wp-json\/wp\/v2\/posts\/13412","targetHints":{"allow":["GET"]}}],"collection":[{"href":"https:\/\/www.click-mallorca.com\/blog\/wp-json\/wp\/v2\/posts"}],"about":[{"href":"https:\/\/www.click-mallorca.com\/blog\/wp-json\/wp\/v2\/types\/post"}],"author":[{"embeddable":true,"href":"https:\/\/www.click-mallorca.com\/blog\/wp-json\/wp\/v2\/users\/2"}],"replies":[{"embeddable":true,"href":"https:\/\/www.click-mallorca.com\/blog\/wp-json\/wp\/v2\/comments?post=13412"}],"version-history":[{"count":28,"href":"https:\/\/www.click-mallorca.com\/blog\/wp-json\/wp\/v2\/posts\/13412\/revisions"}],"predecessor-version":[{"id":21624,"href":"https:\/\/www.click-mallorca.com\/blog\/wp-json\/wp\/v2\/posts\/13412\/revisions\/21624"}],"wp:featuredmedia":[{"embeddable":true,"href":"https:\/\/www.click-mallorca.com\/blog\/wp-json\/wp\/v2\/media\/13415"}],"wp:attachment":[{"href":"https:\/\/www.click-mallorca.com\/blog\/wp-json\/wp\/v2\/media?parent=13412"}],"wp:term":[{"taxonomy":"category","embeddable":true,"href":"https:\/\/www.click-mallorca.com\/blog\/wp-json\/wp\/v2\/categories?post=13412"},{"taxonomy":"post_tag","embeddable":true,"href":"https:\/\/www.click-mallorca.com\/blog\/wp-json\/wp\/v2\/tags?post=13412"}],"curies":[{"name":"wp","href":"https:\/\/api.w.org\/{rel}","templated":true}]}}