{"id":1524,"date":"2023-01-13T10:07:00","date_gmt":"2023-01-13T10:07:00","guid":{"rendered":"https:\/\/www.click-mallorca.com\/blog\/?p=1168"},"modified":"2025-09-18T13:40:07","modified_gmt":"2025-09-18T13:40:07","slug":"sabias-que-el-drac-de-na-coca-2","status":"publish","type":"post","link":"https:\/\/www.click-mallorca.com\/blog\/rincones\/sabias-que-el-drac-de-na-coca-2\/","title":{"rendered":"Drac de na Coca: leyenda y d\u00f3nde encontrarlo"},"content":{"rendered":"\n<p>Cuando hablamos de dragones, todos pensamos en Casa de Dragones, Juego de Tronos&#8230;y ahora en el Drac de Na Coca.<\/p>\n\n\n\n<p><strong>El Drac de Na Coca es uno de los protagonistas de las fiestas de Sant Sebasti\u00e0 en Palma<\/strong>, y desde 2019 se encarga de dar inicio a los foguerons de las fiestas. De hecho, en 2023 es el protagonista del cartel de las fiestas. Seguro que has o\u00eddo su nombre, y puede que incluso hayas escuchado algo sobre un cuento sobre su leyenda y secretos.<\/p>\n\n\n<div class=\"wp-block-image\">\n<figure class=\"aligncenter size-full\"><img loading=\"lazy\" decoding=\"async\" width=\"640\" height=\"200\" src=\"https:\/\/www.click-mallorca.com\/blog\/wp-content\/uploads\/2023\/01\/dragon-1.jpg\" alt=\"Dragones en Palma\" class=\"wp-image-8453\" srcset=\"https:\/\/www.click-mallorca.com\/blog\/wp-content\/uploads\/2023\/01\/dragon-1.jpg 640w, https:\/\/www.click-mallorca.com\/blog\/wp-content\/uploads\/2023\/01\/dragon-1-300x94.jpg 300w\" sizes=\"auto, (max-width: 640px) 100vw, 640px\" \/><\/figure><\/div>\n\n\n<p>Nuestro equipo de expertos en excursiones y actividades de click-mallorca.com ha preparado este art\u00edculo para que puedas conocer en detalle su origen, la leyenda, d\u00f3nde encontrarlo y muchas m\u00e1s curiosidades. A continuaci\u00f3n un resumen con todo lo que te contamos:<\/p>\n\n\n\n<p><\/p>\n\n\n\n<div id=\"ez-toc-container\" class=\"ez-toc-v2_0_72 counter-hierarchy ez-toc-counter ez-toc-light-blue ez-toc-container-direction\">\n<label for=\"ez-toc-cssicon-toggle-item-69f00811696d6\" class=\"ez-toc-cssicon-toggle-label\"><span class=\"\"><span class=\"eztoc-hide\" style=\"display:none;\">Toggle<\/span><span class=\"ez-toc-icon-toggle-span\"><svg style=\"fill: #999;color:#999\" xmlns=\"http:\/\/www.w3.org\/2000\/svg\" class=\"list-377408\" width=\"20px\" height=\"20px\" viewBox=\"0 0 24 24\" fill=\"none\"><path d=\"M6 6H4v2h2V6zm14 0H8v2h12V6zM4 11h2v2H4v-2zm16 0H8v2h12v-2zM4 16h2v2H4v-2zm16 0H8v2h12v-2z\" fill=\"currentColor\"><\/path><\/svg><svg style=\"fill: #999;color:#999\" class=\"arrow-unsorted-368013\" xmlns=\"http:\/\/www.w3.org\/2000\/svg\" width=\"10px\" height=\"10px\" viewBox=\"0 0 24 24\" version=\"1.2\" baseProfile=\"tiny\"><path d=\"M18.2 9.3l-6.2-6.3-6.2 6.3c-.2.2-.3.4-.3.7s.1.5.3.7c.2.2.4.3.7.3h11c.3 0 .5-.1.7-.3.2-.2.3-.5.3-.7s-.1-.5-.3-.7zM5.8 14.7l6.2 6.3 6.2-6.3c.2-.2.3-.5.3-.7s-.1-.5-.3-.7c-.2-.2-.4-.3-.7-.3h-11c-.3 0-.5.1-.7.3-.2.2-.3.5-.3.7s.1.5.3.7z\"\/><\/svg><\/span><\/span><\/label><input type=\"checkbox\"  id=\"ez-toc-cssicon-toggle-item-69f00811696d6\"  aria-label=\"Toggle\" \/><nav><ul class='ez-toc-list ez-toc-list-level-1 ' ><li class='ez-toc-page-1 ez-toc-heading-level-2'><a class=\"ez-toc-link ez-toc-heading-1\" href=\"https:\/\/www.click-mallorca.com\/blog\/rincones\/sabias-que-el-drac-de-na-coca-2\/#la-leyenda-del-drac-de-na-coca\" title=\"La leyenda del Drac de Na Coca\">La leyenda del Drac de Na Coca<\/a><\/li><li class='ez-toc-page-1 ez-toc-heading-level-2'><a class=\"ez-toc-link ez-toc-heading-2\" href=\"https:\/\/www.click-mallorca.com\/blog\/rincones\/sabias-que-el-drac-de-na-coca-2\/#actividad-guiada-y-gratis-por-los-misterios-de-palma\" title=\"Actividad guiada y gratis por los misterios de Palma\">Actividad guiada y gratis por los misterios de Palma<\/a><\/li><li class='ez-toc-page-1 ez-toc-heading-level-2'><a class=\"ez-toc-link ez-toc-heading-3\" href=\"https:\/\/www.click-mallorca.com\/blog\/rincones\/sabias-que-el-drac-de-na-coca-2\/#drac-de-na-coca-y-las-fiestas-de-sant-sebastian\" title=\"Drac de Na Coca y las Fiestas de Sant Sebastian\">Drac de Na Coca y las Fiestas de Sant Sebastian<\/a><\/li><li class='ez-toc-page-1 ez-toc-heading-level-2'><a class=\"ez-toc-link ez-toc-heading-4\" href=\"https:\/\/www.click-mallorca.com\/blog\/rincones\/sabias-que-el-drac-de-na-coca-2\/#%c2%bfdonde-encontrar-el-drac-de-na-coca\" title=\"\u00bfD\u00f3nde encontrar el Drac de na Coca?\">\u00bfD\u00f3nde encontrar el Drac de na Coca?<\/a><\/li><\/ul><\/nav><\/div>\n<h2 class=\"wp-block-heading parrafo-azul\" id=\"la-leyenda-del-drac-de-na-coca\"><span class=\"ez-toc-section\" id=\"la-leyenda-del-drac-de-na-coca\"><\/span>La leyenda del Drac de Na Coca<span class=\"ez-toc-section-end\"><\/span><\/h2>\n\n\n\n<p>El origen del Drac de na Coca nos lleva al siglo 17. En aquellos entonces, un terrible drag\u00f3n habitaba la zona de La Seu y la Portella. Viv\u00eda en las alcantarillas, y de noche sal\u00eda a comer , atemorizando a los habitantes de la zona. Se dijo que hasta ni\u00f1os hab\u00edan sido devorados por tan feroz drag\u00f3n.<\/p>\n\n\n\n<p>Y as\u00ed fue, que una noche el valeroso caballero Bartomeu Coc se dirig\u00eda por la calle de la Portella a ver a su prometida. De repente oy\u00f3 un extra\u00f1o ruido, siendo ni m\u00e1s ni menos que el Drac de na Coca, que estaba dispuesto a atacarlo. Pero el noble caballero, se defendi\u00f3 y con su espada mat\u00f3 al drag\u00f3n, que result\u00f3 ser un cocodrilo que se hab\u00eda criado en las alcantarillas de Palma de Mallorca.<\/p>\n\n\n\n<p>Como trofeo, el valiente capit\u00e1n regal\u00f3 el cuerpo del drag\u00f3n a su prometida, que lo hizo embalsamar y conservar. De hecho esta es la raz\u00f3n de su nombre, en honor a la propietaria, que despu\u00e9s se convertir\u00eda en &#8220;dona den Coc&#8221; (mujer del caballero Coc).&nbsp; <\/p>\n\n\n\n<p><strong>En este fabuloso v\u00eddeo del Canal Mallorca literaria os cuenta la leyenda del Drac de Na Coca:<\/strong><\/p>\n\n\n\n<figure class=\"wp-block-embed is-type-video is-provider-youtube wp-block-embed-youtube wp-embed-aspect-16-9 wp-has-aspect-ratio\"><div class=\"wp-block-embed__wrapper\">\n<div class=\"video-container\"><iframe loading=\"lazy\" title=\"EL DRAC DE NA COCA a l&#039;Illa dels Tresors\" width=\"500\" height=\"281\" src=\"https:\/\/www.youtube.com\/embed\/HGGoOwvuol8?feature=oembed&#038;wmode=opaque\" frameborder=\"0\" allow=\"accelerometer; autoplay; clipboard-write; encrypted-media; gyroscope; picture-in-picture; web-share\" referrerpolicy=\"strict-origin-when-cross-origin\" allowfullscreen><\/iframe><\/div>\n<\/div><\/figure>\n\n\n\n<p>Verdad o mentira, esta es la leyenda del Drac de na Coca, y esperamos que os haya gustado, y si visit\u00e1is la zona de la Seu, abrid bien los ojos porque puede estar en cualquiera de las fachadas \ud83d\ude09<\/p>\n\n\n\n<h2 class=\"wp-block-heading\" id=\"actividad-guiada-y-gratis-por-los-misterios-de-palma\"><span class=\"ez-toc-section\" id=\"actividad-guiada-y-gratis-por-los-misterios-de-palma\"><\/span>Actividad guiada y gratis por los misterios de Palma<span class=\"ez-toc-section-end\"><\/span><\/h2>\n\n\n\n<p>Seguro que has quedado fascinado con la historia del Drac de Na Coca. Es s\u00f3lo una de las leyendas y misterios que esconde la ciudad de Palma. Hay muchas m\u00e1s: <\/p>\n\n\n\n<p>Si quieres conocerlas, ap\u00fantate a un tour gratuito en el que de la mano de un gu\u00eda local vas a recorrer al anochecer la ciudad de Palma para descubrir leyendas y misterios de la ciudad. <\/p>\n\n\n<div class=\"n2-section-smartslider fitvidsignore  n2_clear\" data-ssid=\"68\" tabindex=\"0\" role=\"region\" aria-label=\"Slider\"><div id=\"n2-ss-68-align\" class=\"n2-ss-align\"><div class=\"n2-padding\"><div id=\"n2-ss-68\" data-creator=\"Smart Slider 3\" data-responsive=\"auto\" class=\"n2-ss-slider n2-ow n2-has-hover n2notransition  \">\n        <div class=\"n2-ss-slider-1 n2-ow\">\n            <div class=\"n2-ss-slider-2 n2-ow\">\n                <div class=\"n2-ss-slide-backgrounds n2-ow-all\"><div class=\"n2-ss-slide-background\" data-public-id=\"1\" data-mode=\"fill\"><div class=\"n2-ss-slide-background-image\" data-blur=\"0\" data-opacity=\"50\" data-x=\"64\" data-y=\"76\" data-alt=\"misterios de palma\" data-title=\"misterios de palma\" style=\"opacity:0.5;--ss-o-pos-x:64%;--ss-o-pos-y:76%\"><picture class=\"skip-lazy\" data-skip-lazy=\"1\"><img decoding=\"async\" src=\"\/\/www.click-mallorca.com\/blog\/wp-content\/uploads\/2023\/01\/misterios-de-palma.jpg\" alt=\"misterios de palma\" title=\"misterios de palma\" loading=\"lazy\" class=\"skip-lazy\" data-skip-lazy=\"1\"><\/picture><\/div><div data-color=\"RGBA(60,60,60,1)\" style=\"background-color: RGBA(60,60,60,1);\" class=\"n2-ss-slide-background-color\"><\/div><\/div><\/div>                <div class=\"n2-ss-slider-3 n2-ow\">\n                    <svg xmlns=\"http:\/\/www.w3.org\/2000\/svg\" viewBox=\"0 0 1220 312\" data-related-device=\"desktopPortrait\" class=\"n2-ow n2-ss-preserve-size n2-ss-preserve-size--slider n2-ss-slide-limiter\"><\/svg><div data-first=\"1\" data-slide-duration=\"0\" data-id=\"72\" data-slide-public-id=\"1\" data-title=\"canoeing\" class=\"n2-ss-slide n2-ow  n2-ss-slide-72\"><div role=\"note\" class=\"n2-ss-slide--focus\" tabindex=\"-1\">canoeing<\/div><div class=\"n2-ss-layers-container n2-ss-slide-limiter n2-ow\"><div class=\"n2-ss-layer n2-ow n-uc-0R9x87cATpDO\" data-sstype=\"slide\" data-pm=\"default\"><div class=\"n2-ss-layer n2-ow n-uc-pfxTsrwKtSvz\" data-pm=\"default\" data-sstype=\"content\" data-hasbackground=\"0\"><div class=\"n2-ss-section-main-content n2-ss-layer-with-background n2-ss-layer-content n2-ow n-uc-pfxTsrwKtSvz-inner\"><div class=\"n2-ss-layer n2-ow n-uc-yBYxRXemfCuf\" data-pm=\"normal\" data-sstype=\"layer\"><div id=\"n2-ss-68item1\" class=\"n2-font-a5e2522f416001c57981fbde2ee9382f-hover   n2-ss-item-content n2-ss-text n2-ow\" style=\"display:block;\">Tour gratis: Leyendas de Palma<\/div><\/div><div class=\"n2-ss-layer n2-ow n-uc-4zeEfJch3ktk\" data-pm=\"normal\" data-sstype=\"layer\"><div id=\"n2-ss-68item2\" class=\"n2-font-e444516f3cd201d3c6c7798a5ce0ed55-hover   n2-ss-item-content n2-ss-text n2-ow\" style=\"display:block;\">El Drac de Na Coca y muchas m\u00e1s leyendas<\/div><\/div><div class=\"n2-ss-layer n2-ow n-uc-hZkBtFYq1QBX\" data-pm=\"normal\" data-sstype=\"layer\"><div class=\"n2-ss-button-container n2-ss-item-content n2-ow n2-font-aa17aaeef61b48c1ce9107526e93a5f5-link  n2-ss-nowrap\"><a class=\"n2-style-91de29be64dbe428acccb3b339585304-heading  n2-ow \" href=\"https:\/\/www.click-mallorca.com\/excursiones\/palma-de-noche-tour-de-dos-horas-misterios-de-palma\/\"><div><div>Reservar ahora<\/div><\/div><\/a><\/div><\/div><\/div><\/div><\/div><\/div><\/div>                <\/div>\n                            <\/div>\n        <\/div>\n        <\/div><ss3-loader><\/ss3-loader><\/div><\/div><div class=\"n2_clear\"><\/div><\/div>\n\n\n<p>En cada parada el gu\u00eda te descubrir\u00e1&nbsp;<strong>an\u00e9cdotas, misterios y leyendas<\/strong>&nbsp;relacionados con los lugares que visitamos. Por poner algunos ejemplos, conoceremos la historia del cocodrilo m\u00e1s famoso de Palma, una mujer emparedada entre los muros de La Catedral y varios asesinatos a sangre fr\u00eda.<\/p>\n\n\n\n<p><\/p>\n\n\n\n<h2 class=\"wp-block-heading parrafo-azul\" id=\"drac-de-na-coca-y-las-fiestas-de-sant-sebastian\"><span class=\"ez-toc-section\" id=\"drac-de-na-coca-y-las-fiestas-de-sant-sebastian\"><\/span>Drac de Na Coca y las Fiestas de Sant Sebastian<span class=\"ez-toc-section-end\"><\/span><\/h2>\n\n\n\n<p>En 2011 el ayuntamiento de Palma decidi\u00f3&nbsp;<strong>&nbsp;<\/strong>construir esta bestia de fuego es la de dotar a Palma de un imaginario ligado con la tradici\u00f3n popular, que se sume a los elementos de los cuales disponemos actualmente, como los gigantes y los cabezudos.&nbsp;En las fiestas del patr\u00f3n de Palma, San Sebastian, se pasea con los gigantesdel Ayuntamiento de Palma, y participa en el correfoc. <\/p>\n\n\n\n<p>Este Drac de Coca tiene un peso de&nbsp;50 kilos, 1,80 metros de altura y mide casi dos metros. Para su construcci\u00f3n se utiliz\u00f3 c\u00f3mo material la fibra de vidrio, que provoca que su peso s\u00f3lo sea de 50 kilos. Tiene 7 puntos de fuego, que se instalan a trav\u00e9s de unas varillas enrroscables, aspecto novedoso y que permite que, cuando no participe en una fiesta de fuego, los puntos de fuego queden totalmente disimulados.<\/p>\n\n\n<div class=\"wp-block-image\">\n<figure class=\"aligncenter size-large\"><img loading=\"lazy\" decoding=\"async\" width=\"1024\" height=\"556\" src=\"https:\/\/www.click-mallorca.com\/blog\/wp-content\/uploads\/2023\/01\/drac-de-na-coca-disecado-1-1024x556.jpg\" alt=\"Drac de na Coca en el museo de arte sacro\" class=\"wp-image-8458\" srcset=\"https:\/\/www.click-mallorca.com\/blog\/wp-content\/uploads\/2023\/01\/drac-de-na-coca-disecado-1-1024x556.jpg 1024w, https:\/\/www.click-mallorca.com\/blog\/wp-content\/uploads\/2023\/01\/drac-de-na-coca-disecado-1-300x163.jpg 300w, https:\/\/www.click-mallorca.com\/blog\/wp-content\/uploads\/2023\/01\/drac-de-na-coca-disecado-1-768x417.jpg 768w, https:\/\/www.click-mallorca.com\/blog\/wp-content\/uploads\/2023\/01\/drac-de-na-coca-disecado-1.jpg 1126w\" sizes=\"auto, (max-width: 1024px) 100vw, 1024px\" \/><figcaption class=\"wp-element-caption\">Drac de Na Coca en el museo de Arte Sacro<\/figcaption><\/figure><\/div>\n\n\n<p id=\"su-escultor\"><strong>Su escultor<\/strong><\/p>\n\n\n\n<p>El Drac de na Coca es obra de&nbsp; Mari\u00e0 Portas que est\u00e1 graduado en la Escuela de artes y oficios de Palma en la especialidad de Dise\u00f1o Industrial. Tiene&nbsp;una amplia experiencia en la construcci\u00f3n de decorados escenogr\u00e1ficos, m\u00e1scaras, gigantes, cabezudos y bestias de fuego. Inici\u00f3 su actividad art\u00edstica en 1995 y en cuanto a la construcci\u00f3n de bestias de fuego, ha construido: &#8220;<em>Es Corb de Sant Nofre<\/em>&#8221; de San Juan, &#8220;<em>Na Marranxa<\/em>&#8221; y la bestia infantil &#8220;<em>Na Marranxeta<\/em>&#8221; de Alar\u00f3, &#8220;<em>Es Freu<\/em>&#8221; de Campos, y &#8220;<em>Es Boc de sa Vilanova<\/em>&#8221; de Esporles.<\/p>\n\n\n<div class=\"wp-block-image\">\n<figure class=\"aligncenter size-full\"><img loading=\"lazy\" decoding=\"async\" width=\"259\" height=\"194\" src=\"https:\/\/www.click-mallorca.com\/blog\/wp-content\/uploads\/2014\/01\/drac-de-na-coca.jpg\" alt=\"drac na coca\" class=\"wp-image-6289\" srcset=\"https:\/\/www.click-mallorca.com\/blog\/wp-content\/uploads\/2014\/01\/drac-de-na-coca.jpg 259w, https:\/\/www.click-mallorca.com\/blog\/wp-content\/uploads\/2014\/01\/drac-de-na-coca-150x112.jpg 150w\" sizes=\"auto, (max-width: 259px) 100vw, 259px\" \/><\/figure><\/div>\n\n\n<p>En esta foto podemos ver el actual Drac de Na Coca, que fue encargado por el ayuntamiento de Palma al escultor&nbsp;<a href=\"http:\/\/kakeportas.com\/\" target=\"_blank\" rel=\"noreferrer noopener\">Kake Porta<\/a>s, presentado en las fiestas de 2011, y que en la edici\u00f3n de 2014 se encargar\u00e1 de encender el foguer\u00f3n de la plaza de Cort para as\u00ed dar inicio a las verbenas de las fiestas de Sant Sebastia, patr\u00f3n de Palma de Mallorca.<\/p>\n\n\n\n<p><\/p>\n\n\n\n<p><\/p>\n\n\n\n<h2 class=\"wp-block-heading parrafo-azul\" id=\"donde-encontrar-el-drac-de-na-coca\"><span class=\"ez-toc-section\" id=\"%c2%bfdonde-encontrar-el-drac-de-na-coca\"><\/span>\u00bfD\u00f3nde encontrar el Drac de na Coca?<span class=\"ez-toc-section-end\"><\/span><\/h2>\n\n\n\n<p>Lo realmente curioso de este drag\u00f3n es que <strong>todav\u00eda hoy podemos encontrarlo<\/strong>. S\u00ed, tal y c\u00f3mo suena. Pero, disecado. En el siglo XX, su entonces propietario lo don\u00f3 al Museo de Arte Sacro de Mallorca, donde hoy podemos visitarlo.<\/p>\n\n\n\n<p>El museo de Arte Sacro est\u00e1 ubicado en el interior del palacio Episcopal en la calle Mirador 5, al lado de la Catedral. Al acceder al interior del palacio, en uno de los laterales del patio veremos la entrada. El museo merece mucho la visita, y en una de sus salas est\u00e1 expuesto el Drac de Na Coca disecado.<\/p>\n\n\n<div class=\"wp-block-image\">\n<figure class=\"aligncenter size-large\"><img loading=\"lazy\" decoding=\"async\" width=\"1024\" height=\"567\" src=\"https:\/\/www.click-mallorca.com\/blog\/wp-content\/uploads\/2023\/01\/drac-de-na-coca-1024x567.jpg\" alt=\"El Drac de Na Coca\" class=\"wp-image-8450\" srcset=\"https:\/\/www.click-mallorca.com\/blog\/wp-content\/uploads\/2023\/01\/drac-de-na-coca-1024x567.jpg 1024w, https:\/\/www.click-mallorca.com\/blog\/wp-content\/uploads\/2023\/01\/drac-de-na-coca-300x166.jpg 300w, https:\/\/www.click-mallorca.com\/blog\/wp-content\/uploads\/2023\/01\/drac-de-na-coca-768x425.jpg 768w, https:\/\/www.click-mallorca.com\/blog\/wp-content\/uploads\/2023\/01\/drac-de-na-coca.jpg 1432w\" sizes=\"auto, (max-width: 1024px) 100vw, 1024px\" \/><\/figure><\/div>\n\n\n<p>!Pero eso no es todo! Si salimos al exterior, <strong>en la <a href=\"https:\/\/goo.gl\/maps\/3vjyMr5QN2dvX4d98\" target=\"_blank\" rel=\"noreferrer noopener nofollow\">calle Palau n\u00famero 3 encontramos otro Drac de Na Coca<\/a><\/strong>. En este caso esculpido en piedra, y vigilante en una de las paredes del edificio en el que hace esquina. Arriba os dejamos una foto, a ver si pod\u00e9is encontrarlo. <\/p>\n\n\n\n<p><\/p>\n\n\n\n<p>Y por \u00faltimo, puedes encontrar la escultura del Drac de Na Coca en el vest\u00edbulo del ayuntamiento de Palma junto con los gigantes del ayuntamiento. <strong>Durante las fiestas de Sant Sebasti\u00e1n podr\u00e1s verlo en repetidas ocasiones<\/strong>. Por ejemplo el 14 de enero, en la inauguraci\u00f3n de las fiestas de Sans Sebasti\u00e1n en Palma, o la noche del d\u00eda 19 en el encendido de los foguerons de Palma. Si haces click en la imagen de abajo, podr\u00e1s ver en programa de fiestas de Sant Sebasti\u00e0 de este a\u00f1o.<\/p>\n\n\n<div class=\"wp-block-image\">\n<figure class=\"aligncenter size-full\"><img loading=\"lazy\" decoding=\"async\" width=\"836\" height=\"562\" src=\"https:\/\/www.click-mallorca.com\/blog\/wp-content\/uploads\/2023\/01\/programa-fiestas-sant-sebastia.jpg\" alt=\"Programa fiestas de Sant Sebastia en Palma\" class=\"wp-image-8449\" srcset=\"https:\/\/www.click-mallorca.com\/blog\/wp-content\/uploads\/2023\/01\/programa-fiestas-sant-sebastia.jpg 836w, https:\/\/www.click-mallorca.com\/blog\/wp-content\/uploads\/2023\/01\/programa-fiestas-sant-sebastia-300x202.jpg 300w, https:\/\/www.click-mallorca.com\/blog\/wp-content\/uploads\/2023\/01\/programa-fiestas-sant-sebastia-768x516.jpg 768w\" sizes=\"auto, (max-width: 836px) 100vw, 836px\" \/><\/figure><\/div>\n\n\n<hr class=\"wp-block-separator has-text-color has-vivid-cyan-blue-color has-css-opacity has-vivid-cyan-blue-background-color has-background is-style-wide\"\/>\n\n\n\n<p><strong><em>Esperamos que este art\u00edculo os haya gustado. Si ha sido as\u00ed, os pedimos dedicarle unos segundos a compartirlo en vuestras redes sociales, y vuestros amigos conocer\u00e1n el Drac de Na Coca.<\/em><\/strong><\/p>\n\n\n\n<hr class=\"wp-block-separator has-text-color has-vivid-cyan-blue-color has-css-opacity has-vivid-cyan-blue-background-color has-background is-style-wide\"\/>\n\n\n<div class=\"su-box su-box-style-default\" id=\"\" style=\"border-color:#0055cc;border-radius:3px;\"><div class=\"su-box-title\" style=\"background-color:#1188ff;color:#FFFFFF;border-top-left-radius:1px;border-top-right-radius:1px\">Planifica tu escapada a Mallorca<\/div><div class=\"su-box-content su-u-clearfix su-u-trim\" style=\"border-bottom-left-radius:1px;border-bottom-right-radius:1px\">\n<div class=\"content-box-area\">\n<div class=\"content-item\">\n        <span class=\"c-icon\"><i class=\"fas fa-camera\"><\/i><\/span><br \/>\n<span>Las mejores opciones para pasarlo bien en Mallorca: <a href=\"https:\/\/www.click-mallorca.com\/\">Excursiones en Mallorca<\/a><\/span><\/div>\n<div class=\"content-item\">\n        <span class=\"c-icon\"><i class=\"fas fa-bed\"><\/i><\/span><br \/>\n<span>Hoteles donde alojarte con cancelaci\u00f3n gratuita y al mejor precio: <a href=\"https:\/\/www.expedia.com\/affiliate\/RshNCLb region=767&amp;aid=2108356&amp;no_rooms=1&amp;group_adults=2\" rel=\"nofollow\">Hoteles en Mallorca<\/a><\/span><\/div>\n<div class=\"content-item\">\n        <span class=\"c-icon\"><i class=\"fas fa-car\"><\/i><\/span><br \/>\n<span>Alquila coches a los mejores precios. <a href=\"https:\/\/www.rentcars.com\/es\/?requestorid=5324&amp;utm_source=www.click-mallorca.com&amp;utm_medium=afiliado-link\" rel=\"nofollow\">Alquiler de coches en Mallorca<\/a><\/span><\/div>\n<div class=\"content-item\">\n        <span class=\"c-icon\"><i class=\"fas fa-plane\"><\/i><\/span><br \/>\n<span>Encuentra vuelos al mejor precio hacia Mallorca: <a href=\"https:\/\/skyscanner.pxf.io\/c\/3171348\/1027991\/13416?associateid=AFF_TRA_19354_00001\" rel=\"nofollow\">Vuelos a Mallorca<\/a><\/span><\/div>\n<div class=\"content-item\">\n        <span class=\"c-icon\"><i class=\"fas fa-ship\"><\/i><\/span><br \/>\n<span>Salidas y tours en barco y catamaran: <a href=\"https:\/\/www.click-mallorca.com\/actividades\/mallorca-paseos-barca-catamaran\/\">Excursiones en barco<\/a><\/span><\/div>\n<div class=\"content-item\">\n        <span class=\"c-icon\"><i class=\"fas fa-map\"><\/i><\/span><br \/>\n<span>Seguro de viaje: <a href=\"http:\/\/www.iatiseguros.com\/?r=67694918520896\">descuento en tu seguro IATI de un 5%<\/a><\/span><\/div>\n<\/div>\n<\/div><\/div>\n<!-- AddThis Advanced Settings generic via filter on the_content --><!-- AddThis Share Buttons generic via filter on the_content -->","protected":false},"excerpt":{"rendered":"<p>Te contamos todo lo que debes saber, pero nadie te cuenta sobre el Drac de Na Coca. \u00bfSab\u00edas que a\u00fan existe? \u00bfConoces su leyenda? \u00bfQuieres explorar Palma y encontrarlo? Entonces no te pierdas nuestro art\u00edculo sobre el Drac de Na Coca.<!-- AddThis Advanced Settings generic via filter on get_the_excerpt --><!-- AddThis Share Buttons generic via filter on get_the_excerpt --><\/p>\n","protected":false},"author":2,"featured_media":6289,"comment_status":"open","ping_status":"open","sticky":false,"template":"","format":"standard","meta":{"footnotes":""},"categories":[41],"tags":[],"class_list":["post-1524","post","type-post","status-publish","format-standard","has-post-thumbnail","hentry","category-rincones"],"lang":"es","translations":{"es":1524},"pll_sync_post":[],"_links":{"self":[{"href":"https:\/\/www.click-mallorca.com\/blog\/wp-json\/wp\/v2\/posts\/1524","targetHints":{"allow":["GET"]}}],"collection":[{"href":"https:\/\/www.click-mallorca.com\/blog\/wp-json\/wp\/v2\/posts"}],"about":[{"href":"https:\/\/www.click-mallorca.com\/blog\/wp-json\/wp\/v2\/types\/post"}],"author":[{"embeddable":true,"href":"https:\/\/www.click-mallorca.com\/blog\/wp-json\/wp\/v2\/users\/2"}],"replies":[{"embeddable":true,"href":"https:\/\/www.click-mallorca.com\/blog\/wp-json\/wp\/v2\/comments?post=1524"}],"version-history":[{"count":17,"href":"https:\/\/www.click-mallorca.com\/blog\/wp-json\/wp\/v2\/posts\/1524\/revisions"}],"predecessor-version":[{"id":18789,"href":"https:\/\/www.click-mallorca.com\/blog\/wp-json\/wp\/v2\/posts\/1524\/revisions\/18789"}],"wp:featuredmedia":[{"embeddable":true,"href":"https:\/\/www.click-mallorca.com\/blog\/wp-json\/wp\/v2\/media\/6289"}],"wp:attachment":[{"href":"https:\/\/www.click-mallorca.com\/blog\/wp-json\/wp\/v2\/media?parent=1524"}],"wp:term":[{"taxonomy":"category","embeddable":true,"href":"https:\/\/www.click-mallorca.com\/blog\/wp-json\/wp\/v2\/categories?post=1524"},{"taxonomy":"post_tag","embeddable":true,"href":"https:\/\/www.click-mallorca.com\/blog\/wp-json\/wp\/v2\/tags?post=1524"}],"curies":[{"name":"wp","href":"https:\/\/api.w.org\/{rel}","templated":true}]}}