{"id":17796,"date":"2025-04-22T14:57:16","date_gmt":"2025-04-22T14:57:16","guid":{"rendered":"https:\/\/www.click-mallorca.com\/blog\/?p=17796"},"modified":"2026-01-05T09:18:10","modified_gmt":"2026-01-05T09:18:10","slug":"cuevas-drach-o-hams","status":"publish","type":"post","link":"https:\/\/www.click-mallorca.com\/blog\/sitios\/cuevas-drach-o-hams\/","title":{"rendered":"Cuevas del Drach o Hams: comparativa 2026"},"content":{"rendered":"\n<p>\u00bfEst\u00e1s pensando en visitar las&nbsp;<strong>Cuevas del Drach o Hams<\/strong>&nbsp;en Mallorca pero no sabes cu\u00e1l elegir? \u00a1Es normal! Ambas son dos de las cuevas m\u00e1s famosas de la isla, cada una con su propio encanto.<\/p>\n\n\n\n<p>Si est\u00e1s planeando tu visita y no sabes por cu\u00e1l decidirte, no te preocupes. En este art\u00edculo&nbsp;<strong>no vamos a decirte cu\u00e1l es mejor<\/strong>, porque eso depende de lo que busques. En cambio, te explicamos las diferencias clave entre ambas: precios, duraci\u00f3n, qu\u00e9 incluye la visita y qu\u00e9 tipo de experiencia te espera en cada una.<\/p>\n\n\n\n<p>As\u00ed podr\u00e1s elegir con toda la informaci\u00f3n, ya prefieras un&nbsp;<strong>concierto cl\u00e1sico en un lago subterr\u00e1neo<\/strong>&nbsp;o un&nbsp;<strong>espect\u00e1culo de luces innovador<\/strong>. \u00bfEmpezamos?<\/p>\n\n\n<div class=\"wp-block-image\">\n<figure class=\"aligncenter size-full is-resized\"><img loading=\"lazy\" decoding=\"async\" width=\"1950\" height=\"988\" src=\"https:\/\/www.click-mallorca.com\/blog\/wp-content\/uploads\/2025\/04\/cuevas-drach-o-hams-1.jpg\" alt=\"cuevas drach o hams\" class=\"wp-image-17806\" style=\"object-fit:cover;width:700px;height:400px\"\/><\/figure><\/div>\n\n\n<p>\u00bf<strong>Por qu\u00e9 confiar en esta gu\u00eda<\/strong>?<\/p>\n\n\n\n<p>En&nbsp;<strong>Click Mallorca<\/strong>&nbsp;llevamos a\u00f1os organizando excursiones y actividades en la isla. Conocemos cada rinc\u00f3n de Mallorca, y por eso te ofrecemos&nbsp;<strong>informaci\u00f3n real, actualizada y sin sesgos comerciales<\/strong>. Nuestro objetivo es ayudarte a vivir la mejor experiencia posible, sea cual sea tu elecci\u00f3n.<\/p>\n\n\n\n<div id=\"ez-toc-container\" class=\"ez-toc-v2_0_72 counter-hierarchy ez-toc-counter ez-toc-light-blue ez-toc-container-direction\">\n<label for=\"ez-toc-cssicon-toggle-item-69f4686190ac0\" class=\"ez-toc-cssicon-toggle-label\"><span class=\"\"><span class=\"eztoc-hide\" style=\"display:none;\">Toggle<\/span><span class=\"ez-toc-icon-toggle-span\"><svg style=\"fill: #999;color:#999\" xmlns=\"http:\/\/www.w3.org\/2000\/svg\" class=\"list-377408\" width=\"20px\" height=\"20px\" viewBox=\"0 0 24 24\" fill=\"none\"><path d=\"M6 6H4v2h2V6zm14 0H8v2h12V6zM4 11h2v2H4v-2zm16 0H8v2h12v-2zM4 16h2v2H4v-2zm16 0H8v2h12v-2z\" fill=\"currentColor\"><\/path><\/svg><svg style=\"fill: #999;color:#999\" class=\"arrow-unsorted-368013\" xmlns=\"http:\/\/www.w3.org\/2000\/svg\" width=\"10px\" height=\"10px\" viewBox=\"0 0 24 24\" version=\"1.2\" baseProfile=\"tiny\"><path d=\"M18.2 9.3l-6.2-6.3-6.2 6.3c-.2.2-.3.4-.3.7s.1.5.3.7c.2.2.4.3.7.3h11c.3 0 .5-.1.7-.3.2-.2.3-.5.3-.7s-.1-.5-.3-.7zM5.8 14.7l6.2 6.3 6.2-6.3c.2-.2.3-.5.3-.7s-.1-.5-.3-.7c-.2-.2-.4-.3-.7-.3h-11c-.3 0-.5.1-.7.3-.2.2-.3.5-.3.7s.1.5.3.7z\"\/><\/svg><\/span><\/span><\/label><input type=\"checkbox\"  id=\"ez-toc-cssicon-toggle-item-69f4686190ac0\"  aria-label=\"Toggle\" \/><nav><ul class='ez-toc-list ez-toc-list-level-1 ' ><li class='ez-toc-page-1 ez-toc-heading-level-2'><a class=\"ez-toc-link ez-toc-heading-1\" href=\"https:\/\/www.click-mallorca.com\/blog\/sitios\/cuevas-drach-o-hams\/#tabla-comparativa-cuevas-del-drach-vs-cuevas-dels-hams\" title=\"Tabla Comparativa: Cuevas del Drach vs. Cuevas dels Hams\">Tabla Comparativa: Cuevas del Drach vs. Cuevas dels Hams<\/a><\/li><li class='ez-toc-page-1 ez-toc-heading-level-2'><a class=\"ez-toc-link ez-toc-heading-2\" href=\"https:\/\/www.click-mallorca.com\/blog\/sitios\/cuevas-drach-o-hams\/#%c2%bfcomo-es-la-visita-a-las-cuevas-del-drach-y-cuevas-dels-hams\" title=\"\u00bfC\u00f3mo es la visita a las Cuevas del Drach y Cuevas dels Hams?\">\u00bfC\u00f3mo es la visita a las Cuevas del Drach y Cuevas dels Hams?<\/a><ul class='ez-toc-list-level-3' ><li class='ez-toc-heading-level-3'><a class=\"ez-toc-link ez-toc-heading-3\" href=\"https:\/\/www.click-mallorca.com\/blog\/sitios\/cuevas-drach-o-hams\/#cuevas-del-drach-el-clasico-subterraneo-de-mallorca\" title=\"Cuevas del Drach: El cl\u00e1sico subterr\u00e1neo de Mallorca\">Cuevas del Drach: El cl\u00e1sico subterr\u00e1neo de Mallorca<\/a><\/li><li class='ez-toc-page-1 ez-toc-heading-level-3'><a class=\"ez-toc-link ez-toc-heading-4\" href=\"https:\/\/www.click-mallorca.com\/blog\/sitios\/cuevas-drach-o-hams\/#cuevas-dels-hams-tecnologia-y-formas-unicas\" title=\"Cuevas dels Hams: Tecnolog\u00eda y formas \u00fanicas\">Cuevas dels Hams: Tecnolog\u00eda y formas \u00fanicas<\/a><\/li><\/ul><\/li><li class='ez-toc-page-1 ez-toc-heading-level-2'><a class=\"ez-toc-link ez-toc-heading-5\" href=\"https:\/\/www.click-mallorca.com\/blog\/sitios\/cuevas-drach-o-hams\/#%c2%bfcomo-reservar-entradas-para-las-cuevas-del-drach-o-hams\" title=\"\u00bfC\u00f3mo reservar entradas para las Cuevas del Drach o Hams?\">\u00bfC\u00f3mo reservar entradas para las Cuevas del Drach o Hams?<\/a><ul class='ez-toc-list-level-3' ><li class='ez-toc-heading-level-3'><a class=\"ez-toc-link ez-toc-heading-6\" href=\"https:\/\/www.click-mallorca.com\/blog\/sitios\/cuevas-drach-o-hams\/#opcion-1-entrada-individual-por-tu-cuenta\" title=\"Opci\u00f3n 1: Entrada individual (por tu cuenta)\">Opci\u00f3n 1: Entrada individual (por tu cuenta)<\/a><\/li><li class='ez-toc-page-1 ez-toc-heading-level-3'><a class=\"ez-toc-link ez-toc-heading-7\" href=\"https:\/\/www.click-mallorca.com\/blog\/sitios\/cuevas-drach-o-hams\/#opcion-2-excursion-organizada-recomendado-para-evitar-estres%e2%9c%94-incluye-todo\" title=\"Opci\u00f3n 2: Excursi\u00f3n organizada (recomendado para evitar estr\u00e9s)\u2714&nbsp;Incluye todo:\">Opci\u00f3n 2: Excursi\u00f3n organizada (recomendado para evitar estr\u00e9s)\u2714&nbsp;Incluye todo:<\/a><\/li><\/ul><\/li><\/ul><\/nav><\/div>\n<h2 class=\"wp-block-heading parrafo-azul\"><span class=\"ez-toc-section\" id=\"tabla-comparativa-cuevas-del-drach-vs-cuevas-dels-hams\"><\/span><strong>Tabla Comparativa: Cuevas del Drach vs. Cuevas dels Hams<\/strong><span class=\"ez-toc-section-end\"><\/span><\/h2>\n\n\n\n<figure class=\"wp-block-table\"><table class=\"has-fixed-layout\"><thead><tr><th><strong>Aspecto<\/strong><\/th><th><strong>Cuevas del Drach<\/strong>&nbsp;\ufffd<\/th><th><strong>Cuevas dels Hams<\/strong>&nbsp;\ud83c\udfac<\/th><\/tr><\/thead><tbody><tr><td><strong>\ud83d\udccd Ubicaci\u00f3n<\/strong><\/td><td>Porto Cristo<\/td><td>Porto Cristo (zona diferente)<\/td><\/tr><tr><td><strong>\ud83d\udcb0 Precio<\/strong><\/td><td><strong>~18,50\u20ac<\/strong>&nbsp;(adulto)<\/td><td><strong>~22\u20ac<\/strong>&nbsp;(adulto, incluye audiogu\u00eda)<\/td><\/tr><tr><td><strong>\u23f1\ufe0f Duraci\u00f3n<\/strong><\/td><td><strong>~75 min<\/strong><\/td><td><strong>~1 hora<\/strong><\/td><\/tr><tr><td><strong>\ud83d\udea3 Paseo en barca<\/strong><\/td><td><strong>S\u00ed<\/strong>&nbsp;(Lago Martel, concierto incluido)<\/td><td><strong>No<\/strong>&nbsp;(pero tiene lago accesible)<\/td><\/tr><tr><td><strong>\ud83c\udfb6 Concierto\/M\u00fasica<\/strong><\/td><td><strong>S\u00ed<\/strong>&nbsp;(cl\u00e1sico en vivo en el lago)<\/td><td><strong>No<\/strong>&nbsp;(pero&nbsp;<strong>proyecci\u00f3n audiovisual<\/strong>&nbsp;con luces y sonido)<\/td><\/tr><tr><td><strong>\ud83c\udfa4 Visita guiada<\/strong><\/td><td><strong>No<\/strong>&nbsp;(recorrido libre con audiogu\u00edas opcionales)<\/td><td><strong>S\u00ed<\/strong>&nbsp;(<strong>incluida en el precio<\/strong>)<\/td><\/tr><tr><td><strong>\ud83c\udf1f Experiencia \u00fanica<\/strong><\/td><td><strong>Lago Martel<\/strong>&nbsp;(uno de los mayores lagos subterr\u00e1neos del mundo)<\/td><td><strong>Espect\u00e1culo multimedia<\/strong>&nbsp;(historias sobre la formaci\u00f3n de las cuevas)<\/td><\/tr><tr><td><strong>\u267f Accesibilidad<\/strong><\/td><td>Escaleras (no apto para sillas de ruedas)<\/td><td>Escaleras (similar)<\/td><\/tr><\/tbody><\/table><\/figure>\n\n\n\n<p><em>(Datos verificados en webs oficiales, 2024)<\/em><\/p>\n\n\n\n<p><\/p>\n\n\n\n<h2 class=\"wp-block-heading parrafo-azul\"><span class=\"ez-toc-section\" id=\"%c2%bfcomo-es-la-visita-a-las-cuevas-del-drach-y-cuevas-dels-hams\"><\/span><strong>\u00bfC\u00f3mo es la visita a las Cuevas del Drach y Cuevas dels Hams?<\/strong><span class=\"ez-toc-section-end\"><\/span><\/h2>\n\n\n\n<h3 class=\"wp-block-heading\"><span class=\"ez-toc-section\" id=\"cuevas-del-drach-el-clasico-subterraneo-de-mallorca\"><\/span><strong>Cuevas del Drach: El cl\u00e1sico subterr\u00e1neo de Mallorca<\/strong><span class=\"ez-toc-section-end\"><\/span><\/h3>\n\n\n\n<p>La visita a las&nbsp;<strong>Cuevas del Drach<\/strong>&nbsp;(Porto Cristo) es un recorrido de&nbsp;<strong>1 hora y 15 minutos<\/strong>&nbsp;por galer\u00edas iluminadas que culminan en el impresionante&nbsp;<strong>Lago Martel<\/strong>&nbsp;(uno de los mayores lagos subterr\u00e1neos del mundo).<\/p>\n\n\n\n<ul class=\"wp-block-list\">\n<li><strong>Experiencia estrella<\/strong>: Un&nbsp;<strong>concierto de m\u00fasica cl\u00e1sica en vivo<\/strong>&nbsp;(10 min) tocado desde barcas en el lago, con obras de Chopin o Caballero. \u00a1Silencio absoluto y ambiente m\u00e1gico!<\/li>\n\n\n\n<li><strong>Recorrido<\/strong>: Caminar\u00e1s a trav\u00e9s de algunas de las salas m\u00e1s espectaculares en un recorrido f\u00e1cil de seguir.<\/li>\n\n\n\n<li><strong>Momento \u00fanico<\/strong>: El encendido progresivo de luces sobre el lago mientras suena la m\u00fasica, junto con el paseo en barco.<\/li>\n<\/ul>\n\n\n<div class=\"wp-block-image\">\n<figure class=\"aligncenter size-full is-resized\"><img loading=\"lazy\" decoding=\"async\" width=\"780\" height=\"540\" src=\"https:\/\/www.click-mallorca.com\/blog\/wp-content\/uploads\/2018\/04\/cuevas-del-drach-mallorca-10.jpg\" alt=\"cuevas del drach\" class=\"wp-image-1810\" style=\"object-fit:cover;width:700px;height:400px\" srcset=\"https:\/\/www.click-mallorca.com\/blog\/wp-content\/uploads\/2018\/04\/cuevas-del-drach-mallorca-10.jpg 780w, https:\/\/www.click-mallorca.com\/blog\/wp-content\/uploads\/2018\/04\/cuevas-del-drach-mallorca-10-300x208.jpg 300w, https:\/\/www.click-mallorca.com\/blog\/wp-content\/uploads\/2018\/04\/cuevas-del-drach-mallorca-10-768x532.jpg 768w\" sizes=\"auto, (max-width: 780px) 100vw, 780px\" \/><\/figure><\/div>\n\n\n<h3 class=\"wp-block-heading\"><span class=\"ez-toc-section\" id=\"cuevas-dels-hams-tecnologia-y-formas-unicas\"><\/span><strong>Cuevas dels Hams: Tecnolog\u00eda y formas \u00fanicas<\/strong><span class=\"ez-toc-section-end\"><\/span><\/h3>\n\n\n\n<p>En las&nbsp;<strong>Cuevas dels Hams<\/strong>&nbsp;(tambi\u00e9n en Porto Cristo), la visita dura&nbsp;<strong>1 hora<\/strong>&nbsp;y sorprende con un&nbsp;<strong>espect\u00e1culo audiovisual<\/strong>&nbsp;que explica la formaci\u00f3n de las cuevas.<\/p>\n\n\n\n<ul class=\"wp-block-list\">\n<li><strong>Experiencia estrella<\/strong>: Proyecciones de&nbsp;<strong>luces y sonido<\/strong>&nbsp;en las salas de la &#8220;Cueva Azul&#8221;.<\/li>\n\n\n\n<li><strong>Recorrido<\/strong>: Incluye&nbsp;visita guiada (en el precio de&nbsp;<strong>22\u20ac<\/strong>) y destaca sus famosas formaciones en forma de&nbsp;<strong>anzuelo<\/strong>&nbsp;(&#8220;Hams&#8221; en catal\u00e1n).<\/li>\n\n\n\n<li><strong>Diferencia clave<\/strong>: Aqu\u00ed&nbsp;<strong>no hay paseo en barca<\/strong>, pero s\u00ed un precioso espect\u00e1culo audiovisual en uno de sus lagos.<\/li>\n<\/ul>\n\n\n\n<h2 class=\"wp-block-heading parrafo-azul\"><span class=\"ez-toc-section\" id=\"%c2%bfcomo-reservar-entradas-para-las-cuevas-del-drach-o-hams\"><\/span><strong>\u00bfC\u00f3mo reservar entradas para las Cuevas del Drach o Hams?<\/strong><span class=\"ez-toc-section-end\"><\/span><\/h2>\n\n\n\n<h3 class=\"wp-block-heading\"><span class=\"ez-toc-section\" id=\"opcion-1-entrada-individual-por-tu-cuenta\"><\/span><strong>Opci\u00f3n 1: Entrada individual (por tu cuenta)<\/strong><span class=\"ez-toc-section-end\"><\/span><\/h3>\n\n\n\n<p>\u2714&nbsp;<strong>Para quienes prefieren libertad<\/strong>&nbsp;y ya tienen transporte.<\/p>\n\n\n\n<ul class=\"wp-block-list\">\n<li><strong>Cuevas del Drach<\/strong>: Compra online en&nbsp;<a href=\"https:\/\/www.cuevasdeldrach.com\/\" target=\"_blank\" rel=\"noreferrer noopener sponsored nofollow\">la web oficial<\/a>&nbsp;(18,50\u20ac).&nbsp;<em>Incluye paseo en barca y concierto, pero no gu\u00eda<\/em>.<\/li>\n\n\n\n<li><strong>Cuevas dels Hams<\/strong>: Reserva online el <a href=\"https:\/\/www.click-mallorca.com\/excursiones\/cuevas-hams-mallorca-ticket\/\">ticket de Cuevas de Hams<\/a> con el Audiovisual&nbsp;(22\u20ac con audiogu\u00eda).<\/li>\n<\/ul>\n\n\n<div class=\"wp-block-image\">\n<figure class=\"aligncenter size-full is-resized\"><img loading=\"lazy\" decoding=\"async\" width=\"1626\" height=\"931\" src=\"https:\/\/www.click-mallorca.com\/blog\/wp-content\/uploads\/2025\/04\/cuevas-hams-o-drach-1.jpg\" alt=\"cuevas drach o hams\" class=\"wp-image-20153\" style=\"width:800px\"\/><\/figure><\/div>\n\n\n<h3 class=\"wp-block-heading\"><span class=\"ez-toc-section\" id=\"opcion-2-excursion-organizada-recomendado-para-evitar-estres%e2%9c%94-incluye-todo\"><\/span><strong>Opci\u00f3n 2: Excursi\u00f3n organizada (recomendado para evitar estr\u00e9s)<\/strong>\u2714&nbsp;<strong>Incluye todo<\/strong>:<span class=\"ez-toc-section-end\"><\/span><\/h3>\n\n\n\n<ul class=\"wp-block-list\">\n<li><strong>Ticket garantizado<\/strong>&nbsp;(evitas colas o sold out).<\/li>\n\n\n\n<li><strong>Transporte ida\/vuelta<\/strong>&nbsp;desde tu hotel (zonas tur\u00edsticas).<\/li>\n\n\n\n<li><strong>Gu\u00eda experto<\/strong>&nbsp;durante el trayecto (historias y consejos).<\/li>\n\n\n\n<li><strong>Tiempo libre<\/strong>&nbsp;para explorar despu\u00e9s del concierto\/paseo.<\/li>\n<\/ul>\n\n\n\n<p>\ud83d\udd17&nbsp;<strong>Reserva aqu\u00ed tu experiencia completa<\/strong>:<\/p>\n\n\n\n<ul class=\"wp-block-list\">\n<li><a href=\"https:\/\/www.click-mallorca.com\/excursiones\/excursion-cuevas-drach-medio-dia\/\" target=\"_blank\" rel=\"noreferrer noopener\">Excursi\u00f3n a las Cuevas del Drach<\/a>&nbsp;(con lago + concierto).<\/li>\n\n\n\n<li><a href=\"https:\/\/www.click-mallorca.com\/excursiones\/excursion-cuevas-hams-medio-dia\/\">Tour a las Cuevas dels Hams<\/a>&nbsp;(multimedia + audiogu\u00eda).<\/li>\n<\/ul>\n\n\n\n<p><em>\ud83d\udc49 Ventaja extra<\/em>: Cancelaci\u00f3n flexible (24-48h antes) y seguro incluido.<\/p>\n\n\n\n<hr class=\"wp-block-separator has-text-color has-vivid-cyan-blue-color has-alpha-channel-opacity has-vivid-cyan-blue-background-color has-background is-style-wide\"\/>\n\n\n<div class=\"su-box su-box-style-default\" id=\"\" style=\"border-color:#0055cc;border-radius:3px;\"><div class=\"su-box-title\" style=\"background-color:#1188ff;color:#FFFFFF;border-top-left-radius:1px;border-top-right-radius:1px\">Planifica tu escapada a Mallorca<\/div><div class=\"su-box-content su-u-clearfix su-u-trim\" style=\"border-bottom-left-radius:1px;border-bottom-right-radius:1px\">\n<div class=\"content-box-area\">\n<div class=\"content-item\">\n        <span class=\"c-icon\"><i class=\"fas fa-camera\"><\/i><\/span><br \/>\n<span>Las mejores opciones para pasarlo bien en Mallorca: <a href=\"https:\/\/www.click-mallorca.com\/\">Excursiones en Mallorca<\/a><\/span><\/div>\n<div class=\"content-item\">\n        <span class=\"c-icon\"><i class=\"fas fa-bed\"><\/i><\/span><br \/>\n<span>Hoteles donde alojarte con cancelaci\u00f3n gratuita y al mejor precio: <a href=\"https:\/\/www.expedia.com\/affiliate\/RshNCLb region=767&amp;aid=2108356&amp;no_rooms=1&amp;group_adults=2\" rel=\"nofollow\">Hoteles en Mallorca<\/a><\/span><\/div>\n<div class=\"content-item\">\n        <span class=\"c-icon\"><i class=\"fas fa-car\"><\/i><\/span><br \/>\n<span>Alquila coches a los mejores precios. <a href=\"https:\/\/www.rentcars.com\/es\/?requestorid=5324&amp;utm_source=www.click-mallorca.com&amp;utm_medium=afiliado-link\" rel=\"nofollow\">Alquiler de coches en Mallorca<\/a><\/span><\/div>\n<div class=\"content-item\">\n        <span class=\"c-icon\"><i class=\"fas fa-plane\"><\/i><\/span><br \/>\n<span>Encuentra vuelos al mejor precio hacia Mallorca: <a href=\"https:\/\/skyscanner.pxf.io\/c\/3171348\/1027991\/13416?associateid=AFF_TRA_19354_00001\" rel=\"nofollow\">Vuelos a Mallorca<\/a><\/span><\/div>\n<div class=\"content-item\">\n        <span class=\"c-icon\"><i class=\"fas fa-ship\"><\/i><\/span><br \/>\n<span>Salidas y tours en barco y catamaran: <a href=\"https:\/\/www.click-mallorca.com\/actividades\/mallorca-paseos-barca-catamaran\/\">Excursiones en barco<\/a><\/span><\/div>\n<div class=\"content-item\">\n        <span class=\"c-icon\"><i class=\"fas fa-map\"><\/i><\/span><br \/>\n<span>Seguro de viaje: <a href=\"http:\/\/www.iatiseguros.com\/?r=67694918520896\">descuento en tu seguro IATI de un 5%<\/a><\/span><\/div>\n<\/div>\n<\/div><\/div>\n<!-- AddThis Advanced Settings generic via filter on the_content --><!-- AddThis Share Buttons generic via filter on the_content -->","protected":false},"excerpt":{"rendered":"<p>Mallorca esconde dos joyas subterr\u00e1neas \u00fanicas: las Cuevas del Drach, con su m\u00e1gico concierto en el Lago Martel, y las Cuevas dels Hams, donde la tecnolog\u00eda y las formaciones en forma de anzuelo te sorprender\u00e1n. Ambas son impresionantes, pero \u00bfcu\u00e1l se adapta mejor a tu viaje? Te explicamos las diferencias clave &#8211; desde precios hasta experiencias &#8211; para que elijas con confianza. \u00a1Descubre qu\u00e9 cueva de Mallorca te espera!<!-- AddThis Advanced Settings generic via filter on get_the_excerpt --><!-- AddThis Share Buttons generic via filter on get_the_excerpt --><\/p>\n","protected":false},"author":2,"featured_media":17806,"comment_status":"open","ping_status":"open","sticky":false,"template":"","format":"standard","meta":{"footnotes":""},"categories":[40],"tags":[],"class_list":["post-17796","post","type-post","status-publish","format-standard","has-post-thumbnail","hentry","category-sitios"],"lang":"es","translations":{"es":17796},"pll_sync_post":[],"_links":{"self":[{"href":"https:\/\/www.click-mallorca.com\/blog\/wp-json\/wp\/v2\/posts\/17796","targetHints":{"allow":["GET"]}}],"collection":[{"href":"https:\/\/www.click-mallorca.com\/blog\/wp-json\/wp\/v2\/posts"}],"about":[{"href":"https:\/\/www.click-mallorca.com\/blog\/wp-json\/wp\/v2\/types\/post"}],"author":[{"embeddable":true,"href":"https:\/\/www.click-mallorca.com\/blog\/wp-json\/wp\/v2\/users\/2"}],"replies":[{"embeddable":true,"href":"https:\/\/www.click-mallorca.com\/blog\/wp-json\/wp\/v2\/comments?post=17796"}],"version-history":[{"count":9,"href":"https:\/\/www.click-mallorca.com\/blog\/wp-json\/wp\/v2\/posts\/17796\/revisions"}],"predecessor-version":[{"id":21579,"href":"https:\/\/www.click-mallorca.com\/blog\/wp-json\/wp\/v2\/posts\/17796\/revisions\/21579"}],"wp:featuredmedia":[{"embeddable":true,"href":"https:\/\/www.click-mallorca.com\/blog\/wp-json\/wp\/v2\/media\/17806"}],"wp:attachment":[{"href":"https:\/\/www.click-mallorca.com\/blog\/wp-json\/wp\/v2\/media?parent=17796"}],"wp:term":[{"taxonomy":"category","embeddable":true,"href":"https:\/\/www.click-mallorca.com\/blog\/wp-json\/wp\/v2\/categories?post=17796"},{"taxonomy":"post_tag","embeddable":true,"href":"https:\/\/www.click-mallorca.com\/blog\/wp-json\/wp\/v2\/tags?post=17796"}],"curies":[{"name":"wp","href":"https:\/\/api.w.org\/{rel}","templated":true}]}}