{"id":1861,"date":"2018-05-14T13:49:04","date_gmt":"2018-05-14T13:49:04","guid":{"rendered":"https:\/\/www.click-mallorca.com\/blog\/?p=1861"},"modified":"2025-12-12T17:56:52","modified_gmt":"2025-12-12T17:56:52","slug":"carretera-la-calobra","status":"publish","type":"post","link":"https:\/\/www.click-mallorca.com\/blog\/actividades\/paisaje\/carretera-la-calobra\/","title":{"rendered":"Carretera Sa Calobra: la carretera m\u00e1s espectacular de Mallorca"},"content":{"rendered":"\n<p>La <strong>carretera de Sa Calobra<\/strong> es, para muchos, <em>la<\/em> carretera de monta\u00f1a de Mallorca: 13 kil\u00f3metros de curvas imposibles, paredes de roca vertical, vistas al Puig Major y un final de ruta que desemboca en uno de los paisajes m\u00e1s famosos de la Serra de Tramuntana: <strong>Sa Calobra y el Torrent de Pareis<\/strong>. Vas a poder disfrutar de algunos de los mejores paisajes de la Sierra de Tramuntana.<\/p>\n\n\n\n<p>Click Mallorca somos <strong>gu\u00edas locales y expertos en excursiones<\/strong> en Mallorca, y somos tu amigo especialista, <strong>conocemos esta carretera c\u00f3mo la palma de la mano<\/strong>. Algunos de nuestros expertos llevan m\u00e1s de 30 a\u00f1os guiando grupos en excursiones a trav\u00e9s de la carretera que termina en la Cala de Sa Calobra. Con toda esa experiencia hemos preparado esta gu\u00eda para que entiendas <strong>c\u00f3mo es realmente la carretera Sa Calobra, si merece la pena conducirla, qu\u00e9 ver en cada tramo y c\u00f3mo disfrutarla sin sufrirla<\/strong>.<\/p>\n\n\n\n<p><\/p>\n\n\n<div class=\"wp-block-image\">\n<figure class=\"aligncenter is-resized\"><img loading=\"lazy\" decoding=\"async\" width=\"792\" height=\"402\" src=\"https:\/\/www.click-mallorca.com\/blog\/wp-content\/uploads\/2018\/04\/carretera-la-calobra-1.jpg\" alt=\"carretera calobra\" class=\"wp-image-1863\" style=\"width:800px\" srcset=\"https:\/\/www.click-mallorca.com\/blog\/wp-content\/uploads\/2018\/04\/carretera-la-calobra-1.jpg 792w, https:\/\/www.click-mallorca.com\/blog\/wp-content\/uploads\/2018\/04\/carretera-la-calobra-1-300x152.jpg 300w, https:\/\/www.click-mallorca.com\/blog\/wp-content\/uploads\/2018\/04\/carretera-la-calobra-1-768x390.jpg 768w\" sizes=\"auto, (max-width: 792px) 100vw, 792px\" \/><\/figure><\/div>\n\n\n<p><\/p>\n\n\n\n<div id=\"ez-toc-container\" class=\"ez-toc-v2_0_72 counter-hierarchy ez-toc-counter ez-toc-light-blue ez-toc-container-direction\">\n<label for=\"ez-toc-cssicon-toggle-item-69f3b53f56498\" class=\"ez-toc-cssicon-toggle-label\"><span class=\"\"><span class=\"eztoc-hide\" style=\"display:none;\">Toggle<\/span><span class=\"ez-toc-icon-toggle-span\"><svg style=\"fill: #999;color:#999\" xmlns=\"http:\/\/www.w3.org\/2000\/svg\" class=\"list-377408\" width=\"20px\" height=\"20px\" viewBox=\"0 0 24 24\" fill=\"none\"><path d=\"M6 6H4v2h2V6zm14 0H8v2h12V6zM4 11h2v2H4v-2zm16 0H8v2h12v-2zM4 16h2v2H4v-2zm16 0H8v2h12v-2z\" fill=\"currentColor\"><\/path><\/svg><svg style=\"fill: #999;color:#999\" class=\"arrow-unsorted-368013\" xmlns=\"http:\/\/www.w3.org\/2000\/svg\" width=\"10px\" height=\"10px\" viewBox=\"0 0 24 24\" version=\"1.2\" baseProfile=\"tiny\"><path d=\"M18.2 9.3l-6.2-6.3-6.2 6.3c-.2.2-.3.4-.3.7s.1.5.3.7c.2.2.4.3.7.3h11c.3 0 .5-.1.7-.3.2-.2.3-.5.3-.7s-.1-.5-.3-.7zM5.8 14.7l6.2 6.3 6.2-6.3c.2-.2.3-.5.3-.7s-.1-.5-.3-.7c-.2-.2-.4-.3-.7-.3h-11c-.3 0-.5.1-.7.3-.2.2-.3.5-.3.7s.1.5.3.7z\"\/><\/svg><\/span><\/span><\/label><input type=\"checkbox\"  id=\"ez-toc-cssicon-toggle-item-69f3b53f56498\"  aria-label=\"Toggle\" \/><nav><ul class='ez-toc-list ez-toc-list-level-1 ' ><li class='ez-toc-page-1 ez-toc-heading-level-2'><a class=\"ez-toc-link ez-toc-heading-1\" href=\"https:\/\/www.click-mallorca.com\/blog\/actividades\/paisaje\/carretera-la-calobra\/#datos-basicos-de-la-carretera-sa-calobra\" title=\"Datos b\u00e1sicos de la carretera Sa Calobra\">Datos b\u00e1sicos de la carretera Sa Calobra<\/a><\/li><li class='ez-toc-page-1 ez-toc-heading-level-2'><a class=\"ez-toc-link ez-toc-heading-2\" href=\"https:\/\/www.click-mallorca.com\/blog\/actividades\/paisaje\/carretera-la-calobra\/#historia-de-la-carretera-sa-calobra\" title=\"Historia de la carretera Sa Calobra:\">Historia de la carretera Sa Calobra:<\/a><\/li><li class='ez-toc-page-1 ez-toc-heading-level-2'><a class=\"ez-toc-link ez-toc-heading-3\" href=\"https:\/\/www.click-mallorca.com\/blog\/actividades\/paisaje\/carretera-la-calobra\/#recorrido-de-la-carretera-sa-calobra-tramo-a-tramo\" title=\"Recorrido de la carretera Sa Calobra: tramo a tramo\">Recorrido de la carretera Sa Calobra: tramo a tramo<\/a><ul class='ez-toc-list-level-3' ><li class='ez-toc-heading-level-3'><a class=\"ez-toc-link ez-toc-heading-4\" href=\"https:\/\/www.click-mallorca.com\/blog\/actividades\/paisaje\/carretera-la-calobra\/#inicio-de-la-carretera-els-arcs-y-el-acueducto\" title=\"Inicio de la carretera: Els Arcs y el acueducto\">Inicio de la carretera: Els Arcs y el acueducto<\/a><\/li><li class='ez-toc-page-1 ez-toc-heading-level-3'><a class=\"ez-toc-link ez-toc-heading-5\" href=\"https:\/\/www.click-mallorca.com\/blog\/actividades\/paisaje\/carretera-la-calobra\/#el-proyecto-del-funicular-al-puig-major-el-gran-sueno-que-no-se-construyo\" title=\"El proyecto del funicular al Puig Major: el gran sue\u00f1o que no se construy\u00f3\">El proyecto del funicular al Puig Major: el gran sue\u00f1o que no se construy\u00f3<\/a><\/li><li class='ez-toc-page-1 ez-toc-heading-level-3'><a class=\"ez-toc-link ez-toc-heading-6\" href=\"https:\/\/www.click-mallorca.com\/blog\/actividades\/paisaje\/carretera-la-calobra\/#el-nudo-de-la-corbata-la-curva-mas-famosa-de-mallorca\" title=\"El Nudo de la Corbata: la curva m\u00e1s famosa de Mallorca\">El Nudo de la Corbata: la curva m\u00e1s famosa de Mallorca<\/a><\/li><li class='ez-toc-page-1 ez-toc-heading-level-3'><a class=\"ez-toc-link ez-toc-heading-7\" href=\"https:\/\/www.click-mallorca.com\/blog\/actividades\/paisaje\/carretera-la-calobra\/#vistas-a-la-montana-mas-alta-de-mallorca-el-puig-mayor\" title=\"Vistas a la monta\u00f1a m\u00e1s alta de Mallorca: El puig Mayor:\">Vistas a la monta\u00f1a m\u00e1s alta de Mallorca: El puig Mayor:<\/a><\/li><li class='ez-toc-page-1 ez-toc-heading-level-3'><a class=\"ez-toc-link ez-toc-heading-8\" href=\"https:\/\/www.click-mallorca.com\/blog\/actividades\/paisaje\/carretera-la-calobra\/#torres-defensivas-piratas-y-costa-salvaje\" title=\"Torres defensivas, piratas y costa salvaje\">Torres defensivas, piratas y costa salvaje<\/a><\/li><li class='ez-toc-page-1 ez-toc-heading-level-3'><a class=\"ez-toc-link ez-toc-heading-9\" href=\"https:\/\/www.click-mallorca.com\/blog\/actividades\/paisaje\/carretera-la-calobra\/#donde-la-carretera-se-hace-pequena-el-tramo-encajonado\" title=\"Donde la carretera se hace peque\u00f1a: el tramo encajonado\">Donde la carretera se hace peque\u00f1a: el tramo encajonado<\/a><\/li><li class='ez-toc-page-1 ez-toc-heading-level-3'><a class=\"ez-toc-link ez-toc-heading-10\" href=\"https:\/\/www.click-mallorca.com\/blog\/actividades\/paisaje\/carretera-la-calobra\/#el-llogaret-de-sa-calobra-el-pequeno-pueblo-escondido\" title=\"El llogaret de Sa Calobra: el peque\u00f1o pueblo escondido\">El llogaret de Sa Calobra: el peque\u00f1o pueblo escondido<\/a><\/li><li class='ez-toc-page-1 ez-toc-heading-level-3'><a class=\"ez-toc-link ez-toc-heading-11\" href=\"https:\/\/www.click-mallorca.com\/blog\/actividades\/paisaje\/carretera-la-calobra\/#cala-de-sa-calobra-el-final-de-la-carretera-y-el-inicio-de-la-excursion\" title=\"Cala de Sa Calobra: el final de la carretera (y el inicio de la excursi\u00f3n)\">Cala de Sa Calobra: el final de la carretera (y el inicio de la excursi\u00f3n)<\/a><\/li><\/ul><\/li><li class='ez-toc-page-1 ez-toc-heading-level-2'><a class=\"ez-toc-link ez-toc-heading-12\" href=\"https:\/\/www.click-mallorca.com\/blog\/actividades\/paisaje\/carretera-la-calobra\/#conducir-por-la-carretera-sa-calobra-consejos-de-expertos-locales\" title=\"Conducir por la carretera Sa Calobra: consejos de expertos locales\">Conducir por la carretera Sa Calobra: consejos de expertos locales<\/a><ul class='ez-toc-list-level-3' ><li class='ez-toc-heading-level-3'><a class=\"ez-toc-link ez-toc-heading-13\" href=\"https:\/\/www.click-mallorca.com\/blog\/actividades\/paisaje\/carretera-la-calobra\/#mejor-momento-del-dia\" title=\"Mejor momento del d\u00eda\">Mejor momento del d\u00eda<\/a><\/li><li class='ez-toc-page-1 ez-toc-heading-level-3'><a class=\"ez-toc-link ez-toc-heading-14\" href=\"https:\/\/www.click-mallorca.com\/blog\/actividades\/paisaje\/carretera-la-calobra\/#tipo-de-vehiculo\" title=\"Tipo de veh\u00edculo\">Tipo de veh\u00edculo<\/a><\/li><li class='ez-toc-page-1 ez-toc-heading-level-3'><a class=\"ez-toc-link ez-toc-heading-15\" href=\"https:\/\/www.click-mallorca.com\/blog\/actividades\/paisaje\/carretera-la-calobra\/#consejos-practicos\" title=\"Consejos pr\u00e1cticos\">Consejos pr\u00e1cticos<\/a><\/li><\/ul><\/li><li class='ez-toc-page-1 ez-toc-heading-level-2'><a class=\"ez-toc-link ez-toc-heading-16\" href=\"https:\/\/www.click-mallorca.com\/blog\/actividades\/paisaje\/carretera-la-calobra\/#%c2%bfcomo-llegar-a-sa-calobra\" title=\"\u00bfC\u00f3mo llegar a Sa Calobra?\">\u00bfC\u00f3mo llegar a Sa Calobra?<\/a><ul class='ez-toc-list-level-3' ><li class='ez-toc-heading-level-3'><a class=\"ez-toc-link ez-toc-heading-17\" href=\"https:\/\/www.click-mallorca.com\/blog\/actividades\/paisaje\/carretera-la-calobra\/#en-coche-propio-o-de-alquiler\" title=\"En coche propio o de alquiler\">En coche propio o de alquiler<\/a><\/li><li class='ez-toc-page-1 ez-toc-heading-level-3'><a class=\"ez-toc-link ez-toc-heading-18\" href=\"https:\/\/www.click-mallorca.com\/blog\/actividades\/paisaje\/carretera-la-calobra\/#en-barco-desde-puerto-soller\" title=\"En barco desde Puerto S\u00f3ller\">En barco desde Puerto S\u00f3ller<\/a><\/li><li class='ez-toc-page-1 ez-toc-heading-level-3'><a class=\"ez-toc-link ez-toc-heading-19\" href=\"https:\/\/www.click-mallorca.com\/blog\/actividades\/paisaje\/carretera-la-calobra\/#en-excursion-organizada-la-opcion-sin-estres\" title=\"En excursi\u00f3n organizada (la opci\u00f3n sin estr\u00e9s)\">En excursi\u00f3n organizada (la opci\u00f3n sin estr\u00e9s)<\/a><\/li><\/ul><\/li><li class='ez-toc-page-1 ez-toc-heading-level-2'><a class=\"ez-toc-link ez-toc-heading-20\" href=\"https:\/\/www.click-mallorca.com\/blog\/actividades\/paisaje\/carretera-la-calobra\/#preguntas-frecuentes-sobre-la-carretera-sa-calobra\" title=\"Preguntas frecuentes sobre la carretera Sa Calobra\">Preguntas frecuentes sobre la carretera Sa Calobra<\/a><\/li><li class='ez-toc-page-1 ez-toc-heading-level-2'><a class=\"ez-toc-link ez-toc-heading-21\" href=\"https:\/\/www.click-mallorca.com\/blog\/actividades\/paisaje\/carretera-la-calobra\/#tldr-%e2%80%93-carretera-de-sa-calobra\" title=\"TL;DR \u2013 Carretera de Sa Calobra\">TL;DR \u2013 Carretera de Sa Calobra<\/a><\/li><\/ul><\/nav><\/div>\n<h2 class=\"wp-block-heading parrafo-azul\" id=\"historia-de-la-carretera-sa-calobra\"><span class=\"ez-toc-section\" id=\"datos-basicos-de-la-carretera-sa-calobra\"><\/span>Datos b\u00e1sicos de la carretera Sa Calobra<span class=\"ez-toc-section-end\"><\/span><\/h2>\n\n\n\n<p><\/p>\n\n\n\n<p>Antes de ponerte al volante, viene bien saber qu\u00e9 vas a encontrarte:<\/p>\n\n\n\n<ul class=\"wp-block-list\">\n<li><strong>Nombre oficial:<\/strong> Ma-2141 (carretera de Sa Calobra)<\/li>\n\n\n\n<li><strong>Longitud aproximada:<\/strong> 13 km desde el desv\u00edo de la carretera de Lluc hasta el nivel del mar<\/li>\n\n\n\n<li><strong>Desnivel:<\/strong> unos <strong>700 metros<\/strong> de bajada (y luego de subida \ud83d\ude09)<\/li>\n\n\n\n<li><strong>Tipo de carretera:<\/strong> carretera de monta\u00f1a estrecha, con muchas curvas cerradas y varios miradores<\/li>\n\n\n\n<li><strong>Pendiente media:<\/strong> entorno al 7% con tramos m\u00e1s exigentes<\/li>\n\n\n\n<li><strong>Curvas de herradura \/ horquillas:<\/strong> varias decenas, incluyendo la famosa <strong>curva del \u201cNudo de la Corbata\u201d<\/strong><\/li>\n\n\n\n<li><strong>Altitud m\u00e1xima:<\/strong> zona de inicio, cerca del collado, con vistas a los embalses y el Puig Major<\/li>\n\n\n\n<li><strong>Veh\u00edculos habituales:<\/strong> coches, motos, ciclistas, autobuses tur\u00edsticos y\u2026 alguna que otra cabra<\/li>\n<\/ul>\n\n\n\n<p>No es una carretera para ir con prisas. Es un trayecto para <strong>saborear el paisaje, parar en los miradores y tomarte la conducci\u00f3n con calma<\/strong>.<\/p>\n\n\n\n<h2 class=\"wp-block-heading parrafo-azul\"><span class=\"ez-toc-section\" id=\"historia-de-la-carretera-sa-calobra\"><\/span>Historia de la carretera Sa Calobra:<span class=\"ez-toc-section-end\"><\/span><\/h2>\n\n\n\n<p>La carretera  Sa Calobra <strong>es la m\u00e1s inexplicable de la Isla<\/strong>. Desde el punto de vista econ\u00f3mico, es una carretera que va \u201cde ninguna parte a ninguna parte\u201d seg\u00fan frase atribuida a su constructor, el ingeniero Parietti, en el tercer decenio de este siglo. En efecto, las carreteras, especialmente si son tan dif\u00edciles como esta, suelen unir puntos de inter\u00e9s econ\u00f3mico: pueblos importantes, puertos, minas, regiones con abundante producci\u00f3n agr\u00edcola etc. Aqu\u00ed el puerto de Sa Calobra se reduce a unos \u201cescars\u201d o refugios de barcas, y las naranjas producidas en el huerto de sa Calobra pueden consumirse en una semana en uno de los restaurantes del lugar.<\/p>\n\n\n\n<p><strong><em>Las razones que indujeron a la construcci\u00f3n de la carretera a Sa Calobra s\u00f3lo pueden ser tres<\/em><\/strong>: proporcionar trabajo a los parados, represi\u00f3n del contrabando y&#8230; el paisaje. Qued\u00e9monos con esta \u00faltima hip\u00f3tesis, y nos sentiremos orgullosos de unos antecesores dispuestos a gastarse un dineral para poder admirar f\u00e1cilmente uno de los paisajes m\u00e1s impresionantes de la Sierra de Tramuntana, y de Mallorca.<\/p>\n\n\n\n<p>La carretera Sa Calobra fue construida entre 1928-1935 por el ingeniero Antonio Parietti Coll, modificando un proyecto anterior de Gabriel Roca, en previsi\u00f3n del aumento de la afluencia tur\u00edstica a esta zona.&nbsp;La carretera recorre 13 km. A trav\u00e9s de terrenos muy abruptos, y salva un desnivel de 700 metros. Para los ciclistas que recorren Mallorca es la subida m\u00e1s dif\u00edcil de todas las que pueden encontrar en la isla, pero no hacerla es un pecado, y si tienen problemas pueden recorrer al bicistop.<\/p>\n\n\n\n<p>Seguramente muchos os preguntareis como se lo montan los autocares para bajar o subir por la carretera, sin encontrar otros autocares de frente. Pues bien, van por turnos. El problema es si encuentran coches, ciclistas o cabras por en medio del camino. Con la carretera de Sa Calobra, se abri\u00f3 la posibilidad de acceder a lugares de gran belleza, los cuales, hasta entonces, resultaban muy complicados de acceder, por no decir imposible. Eran los a\u00f1os en los que el turismo empezaba a sacar la cabeza, y se intu\u00eda que con el tiempo pod\u00eda llegar a ser una gran fuente de ingresos.<\/p>\n\n\n\n<p>Antes de la construcci\u00f3n de la carretera, los habitantes de Sa Calobra, se desplazaban a S\u00f3ller o Lluc en barca o a pie por caminos de herradura, hasta que en 1933 se rompi\u00f3 esta precariedad.<\/p>\n\n\n<div class=\"wp-block-image\">\n<figure class=\"aligncenter is-resized\"><img loading=\"lazy\" decoding=\"async\" width=\"786\" height=\"420\" src=\"https:\/\/www.click-mallorca.com\/blog\/wp-content\/uploads\/2018\/04\/carretera-la-calobra-5.jpg\" alt=\"bus en la carretera a sa calobra\" class=\"wp-image-1864\" style=\"width:800px\" srcset=\"https:\/\/www.click-mallorca.com\/blog\/wp-content\/uploads\/2018\/04\/carretera-la-calobra-5.jpg 786w, https:\/\/www.click-mallorca.com\/blog\/wp-content\/uploads\/2018\/04\/carretera-la-calobra-5-300x160.jpg 300w, https:\/\/www.click-mallorca.com\/blog\/wp-content\/uploads\/2018\/04\/carretera-la-calobra-5-768x410.jpg 768w\" sizes=\"auto, (max-width: 786px) 100vw, 786px\" \/><\/figure><\/div>\n\n\n<div class=\"wp-block-buttons is-layout-flex wp-block-buttons-is-layout-flex\">\n<div class=\"wp-block-button aligncenter\"><a class=\"wp-block-button__link has-white-color has-vivid-cyan-blue-background-color has-text-color has-background wp-element-button\" href=\"https:\/\/www.click-mallorca.com\/blog\/sitios\/sa-calobra\/\">\u00bfVas a ir a Sa Calobra? Entonces no te pierdas nada, haz click en GUIA DE SA CALOBRA<\/a><\/div>\n<\/div>\n\n\n\n<p><\/p>\n\n\n\n<h2 class=\"wp-block-heading parrafo-azul\" id=\"todos-los-secretos-y-rincones-de-la-carretera-sa-calobra\"><span class=\"ez-toc-section\" id=\"recorrido-de-la-carretera-sa-calobra-tramo-a-tramo\"><\/span>Recorrido de la carretera Sa Calobra: tramo a tramo<span class=\"ez-toc-section-end\"><\/span><\/h2>\n\n\n\n<p>A continuaci\u00f3n, te contamos el <strong>recorrido de la carretera Sa Calobra<\/strong> destacando los puntos clave, miradores y rincones curiosos que muchas personas pasan por alto mientras se concentran solo en las curvas<\/p>\n\n\n\n<h3 class=\"wp-block-heading\"><span class=\"ez-toc-section\" id=\"inicio-de-la-carretera-els-arcs-y-el-acueducto\"><\/span>Inicio de la carretera: Els Arcs y el acueducto<span class=\"ez-toc-section-end\"><\/span><\/h3>\n\n\n\n<p>La carretera a Sa Calobra empieza en una zona que se llama Els Arcs, en referencia al acueducto que vemos. Son los restos de una antigua canalizaci\u00f3n que transportaba agua desde el embalse del Gorg Blau hasta una mini central hidroel\u00e9ctrica para fabricar luz, que fue construida en los a\u00f1os 20 en el predio de Turixant. Esta central es casi \u00fanica en la isla, aparte de otra que hay en la costera. Veremos que a mano izquierda hay otra carretera, que continua a <a href=\"https:\/\/www.click-mallorca.com\/blog\/sitios\/soller\/\">S\u00f3ller <\/a>pasando por los dos embalses y por la parte baja del Puig mayor.&nbsp;<\/p>\n\n\n\n<h3 class=\"wp-block-heading\" id=\"un-proyecto-de-funicular\"><span class=\"ez-toc-section\" id=\"el-proyecto-del-funicular-al-puig-major-el-gran-sueno-que-no-se-construyo\"><\/span>El proyecto del funicular al Puig Major: el gran sue\u00f1o que no se construy\u00f3<span class=\"ez-toc-section-end\"><\/span><\/h3>\n\n\n\n<p>La carretera Sa Calobra est\u00e1 llena de rincones secretos e historias fascinantes, c\u00f3mo esta. En el km. 2,250 antes del Nudo de la corbata.&nbsp; En los a\u00f1os 20, un selecto sector de la burgues\u00eda mallorquina vislumbr\u00f3 el gran futuro tur\u00edstico de la isla. Estos hombres ten\u00edan en su mano las claves del \u00e9xito, un cierto proyecto de pa\u00eds y la necesaria capacidad financiera.<\/p>\n\n\n\n<p>Algunas de sus iniciativas sentaron las bases de una prosperidad que nos llegar\u00eda muchos a\u00f1os despu\u00e9s. Otras, como esta, se quedo en proyecto y nunca lleg\u00f3 a realizarse, aunque no por falta de voluntad y empuje de sus promotores. <strong>Esta es la historia de los hombres que un d\u00eda quisieron construir un funicular en el Puig Major<\/strong> que empezaba a los pies de la carretera a Sa Calobra:<\/p>\n\n\n\n<p>Corr\u00edan los primeros a\u00f1os 30 cuando un grupo de mallorquines, animados por el auge del turismo, concibi\u00f3 un fant\u00e1stico proyecto: construir un funicular a\u00e9reo que llegara hasta la cima del Puig Major. Por aquellos d\u00edas se hab\u00eda construido el Hotel Formentor, la ocupaci\u00f3n hotelera registraba m\u00e1s de 300000 estancias anuales, y los cruceros tur\u00edsticos con escala en Palma tra\u00edan a la isla unos 60000 visitantes. Era el momento de apostar por un turismo de alto nivel, de concebir proyectos capaces de potenciar al m\u00e1ximo las posibilidades de una isla cuyo nombre empezaba a sonar en los \u00e1mbitos econ\u00f3micos y financieros de Europa.<\/p>\n\n\n\n<p>En base a estos planteamientos se cre\u00f3 la sociedad Funicular A\u00e9reo del Puig Major S.A., encarg\u00e1ndose a A. Parietti el proyecto. Este se puso en contacto con diversas empresas alemanas, las \u00fanicas que en aquel entonces dispon\u00edan de la capacidad tecnol\u00f3gica que el proyecto exig\u00eda. De hecho, se desplazaron a Mallorca un equipo de t\u00e9cnicos alemanes que visitaron los terrenos en los que deb\u00eda realizarse la obra, y determinaron la viabilidad de la obra.<\/p>\n\n\n\n<p>La elaboraci\u00f3n del funicular que superar\u00eda un desnivel de 715 metros en recorrido de 2016 metros, con un desnivel medio del 36%. Por la l\u00ednea ten\u00edan que circular cabinas con una capacidad m\u00e1xima de 25 personas m\u00e1s el conductor, y el trayecto durar\u00eda 8 minutos. <\/p>\n\n\n\n<p>\u00bfQu\u00e9 pas\u00f3?<br>El contexto internacional cambi\u00f3. La industria alemana fue redirigida a la producci\u00f3n de material b\u00e9lico y proyectos tur\u00edsticos como este quedaron aparcados. M\u00e1s adelante, con la instalaci\u00f3n de la base militar en la cima del Puig Major, la idea del funicular qued\u00f3 definitivamente enterrada con El tratado Espa\u00f1a-Usa de 1953 y las instalaciones de la base militar del Puig Mayor (1958-59).<\/p>\n\n\n\n<p>Hoy, cuando recorres la carretera y miras hacia el Puig Major, cuesta no imaginar c\u00f3mo ser\u00eda un funicular sobre este paisaje.<\/p>\n\n\n<div class=\"wp-block-image\">\n<figure class=\"aligncenter is-resized\"><img loading=\"lazy\" decoding=\"async\" width=\"1024\" height=\"441\" src=\"https:\/\/www.click-mallorca.com\/blog\/wp-content\/uploads\/2018\/04\/carretera-la-calobra-3-1024x441.jpg\" alt=\"nudo de la corbata o nu de sa corbata\" class=\"wp-image-1865\" style=\"width:800px\" srcset=\"https:\/\/www.click-mallorca.com\/blog\/wp-content\/uploads\/2018\/04\/carretera-la-calobra-3-1024x441.jpg 1024w, https:\/\/www.click-mallorca.com\/blog\/wp-content\/uploads\/2018\/04\/carretera-la-calobra-3-300x129.jpg 300w, https:\/\/www.click-mallorca.com\/blog\/wp-content\/uploads\/2018\/04\/carretera-la-calobra-3-768x330.jpg 768w, https:\/\/www.click-mallorca.com\/blog\/wp-content\/uploads\/2018\/04\/carretera-la-calobra-3.jpg 1025w\" sizes=\"auto, (max-width: 1024px) 100vw, 1024px\" \/><\/figure><\/div>\n\n\n<p><\/p>\n\n\n\n<h3 class=\"wp-block-heading\" id=\"nudo-de-la-corbata-en-mallorca\"><span class=\"ez-toc-section\" id=\"el-nudo-de-la-corbata-la-curva-mas-famosa-de-mallorca\"><\/span><mark style=\"background-color:rgba(0, 0, 0, 0)\" class=\"has-inline-color has-black-color\">El Nudo de la Corbata: la curva m\u00e1s famosa de Mallorca<\/mark><span class=\"ez-toc-section-end\"><\/span><\/h3>\n\n\n\n<p>En el <strong>kil\u00f3metro 3,3<\/strong> aproximadamente se encuentra el tramo m\u00e1s ic\u00f3nico de la carretera: el <strong>Nudo de la Corbata<\/strong> (<em>Nu de sa Corbata<\/em>).<\/p>\n\n\n\n<p>Aqu\u00ed la carretera se cruza consigo misma formando una especie de lazo perfecto:<\/p>\n\n\n\n<ul class=\"wp-block-list\">\n<li>Una parte de la calzada pasa <strong>por encima<\/strong> de la otra.<\/li>\n\n\n\n<li>La vista desde los miradores cercanos es de postal: parece una carretera de maqueta, enroscada en la monta\u00f1a.<\/li>\n<\/ul>\n\n\n\n<p>Cuenta la tradici\u00f3n que Parietti encontr\u00f3 la soluci\u00f3n una noche, desesperado, dibujando l\u00edneas sobre un papel hasta que vio claro el trazado. Lo que en su momento fue una soluci\u00f3n t\u00e9cnica brillante, hoy se ha convertido en <strong>uno de los lugares m\u00e1s fotografiados de Mallorca<\/strong>..<\/p>\n\n\n\n<p>Sin duda, el nudo de la corbata en Mallorca es una de las im\u00e1genes que quedar\u00e1 en vuestra mente despu\u00e9s de recorrer esta carretera.<\/p>\n\n\n\n<h3 class=\"wp-block-heading\" id=\"vistas-a-la-montana-mas-alta-de-mallorca-el-puig-mayor\"><span class=\"ez-toc-section\" id=\"vistas-a-la-montana-mas-alta-de-mallorca-el-puig-mayor\"><\/span>Vistas a la monta\u00f1a m\u00e1s alta de Mallorca: <span style=\"color: #0000ff;\"><span class=\"has-inline-color has-black-color\">El puig Mayor:<\/span><\/span><span class=\"ez-toc-section-end\"><\/span><\/h3>\n\n\n\n<p>Despu\u00e9s del nudo de la corbata, <strong>la carretera nos obsequia con una excelente panor\u00e1mica del Puig Mayor<\/strong>.&nbsp;&nbsp;Es el pico m\u00e1s alto de Mallorca con 1445 metros de altitud, hay 14 d\u00edas de presencia de nieve, y la temperatura media es de 13 grados. Es un lugar bot\u00e1nico muy importante porque all\u00ed se localizan un 49% de los endemismos de las Baleares. De ah\u00ed nacen varios torrentes: Almadr\u00e1, gorg blau,&#8230;<\/p>\n\n\n\n<p><\/p>\n\n\n\n<p>Tiene un valor estrat\u00e9gico porque en 1953 se firmo el convenio entre EU y Espa\u00f1a, que supuso la instalaci\u00f3n en la cima de una unidad de EUA para el control del mediterr\u00e1neo occidental. En este acuerdo se determinaba&nbsp; que en distintos lugares de Espa\u00f1a se construyeran \u201cescuadrones de alerta y control\u201d que iban a formar parte del mando de defensa. Al cabo de 7 a\u00f1os, en julio de 1960, los radares de vigilancia empezaron a funcionar controlando el tr\u00e1fico a\u00e9reo de esta parte del mediterr\u00e1neo. Desde 1964 pertenece al sistema de defensa a\u00e9rea espa\u00f1ola.<\/p>\n\n\n\n<p>Para la OTAN e uno de los puntos m\u00e1s interesantes dentro del mediterr\u00e1neo occidental, como enlace entre Europa y \u00c1frica en la zona sur de la alianza.&nbsp;Las instalaciones tambi\u00e9n tienen un car\u00e1cter civil, no s\u00f3lo militar, pues facilita informaci\u00f3n a la aviaci\u00f3n civil en Barcelona y Mallorca.<\/p>\n\n\n\n<h3 class=\"wp-block-heading\" id=\"torres-defensivas-y-piratas\"><span class=\"ez-toc-section\" id=\"torres-defensivas-piratas-y-costa-salvaje\"><\/span>Torres defensivas, piratas y costa salvaje<span class=\"ez-toc-section-end\"><\/span><\/h3>\n\n\n\n<p>Si nos fijamos, en lo alto de una monta\u00f1a mirando hacia el mar, veremos una de las torres de defensa de la zona, y que se levanta por encima del puerto a 200 metros sobre el nivel del mar, guardando la costa desde 1605. Es cil\u00edndrica, y su estado de conservaci\u00f3n es muy malo. Se comunicaba por se\u00f1ales con la torre de sa Mola de Tuent. A pesar de la presencia de la atalaya, los piratas desembarcaron muchas veces en estos lugares tan aislados.<\/p>\n\n\n<div class=\"wp-block-image\">\n<figure class=\"aligncenter is-resized\"><img loading=\"lazy\" decoding=\"async\" width=\"793\" height=\"438\" src=\"https:\/\/www.click-mallorca.com\/blog\/wp-content\/uploads\/2018\/04\/carretera-la-calobra-4.jpg\" alt=\"carretera a la calobra en mallorca\" class=\"wp-image-1866\" style=\"width:800px\" srcset=\"https:\/\/www.click-mallorca.com\/blog\/wp-content\/uploads\/2018\/04\/carretera-la-calobra-4.jpg 793w, https:\/\/www.click-mallorca.com\/blog\/wp-content\/uploads\/2018\/04\/carretera-la-calobra-4-300x166.jpg 300w, https:\/\/www.click-mallorca.com\/blog\/wp-content\/uploads\/2018\/04\/carretera-la-calobra-4-768x424.jpg 768w\" sizes=\"auto, (max-width: 793px) 100vw, 793px\" \/><\/figure><\/div>\n\n\n<p><\/p>\n\n\n\n<h3 class=\"wp-block-heading\" id=\"donde-la-carretera-se-hace-pequena\"><span class=\"ez-toc-section\" id=\"donde-la-carretera-se-hace-pequena-el-tramo-encajonado\"><\/span><span style=\"color: #0000ff;\"><span class=\"has-inline-color has-black-color\">Donde la carretera se hace peque\u00f1a: el tramo encajonado<\/span><\/span><span class=\"ez-toc-section-end\"><\/span><\/h3>\n\n\n\n<p>Estamos en el km. 10.4 de la carretera Sa Calobra. Aqu\u00ed encontramos un excelente mirador con vistas hacia la Cala de Sa Calobra, su puerto y el pueblo. Pero lo mejor viene  justo despu\u00e9s del mirador. La carretera se estrecha bajo las rocas para poder pasar, y discurre encajonada entre 2 paredes.<\/p>\n\n\n\n<p>En coche posiblemente no impacta tanto, pero en autocar, uno piensa que no hay espacio suficiente. Y de hecho hay muy muy poco.<\/p>\n\n\n\n<h3 class=\"wp-block-heading\" id=\"el-llogaret-de-sa-calobra\"><span class=\"ez-toc-section\" id=\"el-llogaret-de-sa-calobra-el-pequeno-pueblo-escondido\"><\/span><span style=\"color: #0000ff;\"><span class=\"has-inline-color has-black-color\">El llogaret de Sa Calobra: el peque\u00f1o pueblo escondido<\/span><\/span><span class=\"ez-toc-section-end\"><\/span><\/h3>\n\n\n\n<p>Con este recorrido en la carretera <a href=\"https:\/\/www.click-mallorca.com\/blog\/sitios\/sa-calobra\/\">Sa Calobra<\/a>, queremos descubrirte muchos lugares que est\u00e1n all\u00ed, pero que seguramente no lo sabes. Lugares que en ocasiones no ves, al estar demasiado preocupado en la conducci\u00f3n a trav\u00e9s de la carretera.<\/p>\n\n\n\n<p>Justo despu\u00e9s del anterior lugar, veremos a nuestra derecha <strong>el precioso llogaret de La Calobra<\/strong>.&nbsp;&nbsp;Lugar del municipio de Escorca, situado a 50 metros sobre el nivel del mar, aunque las casas que dieron nombre a este lugar est\u00e1n un poco m\u00e1s alejadas de la costa, y situadas a 120 metros por encima del nivel del mar., en un lugar casi invisible desde un barco. Esta situaci\u00f3n se debe a que est\u00e1 situado intencionadamente para evitar ser descubierto por los piratas algerianos y turcos, que ya en el siglo 16 y 17, principalmente, saqueaban las posesiones de las costas del mediterr\u00e1neo cristiano, especialmente Mallorca y otras islas de las Baleares.<\/p>\n\n\n\n<p>Forman el n\u00facleo de este peque\u00f1o lugar diferentes casas, todas ellas formando un interesante conjunto arquitect\u00f3nico, donde se encuentran molinos y almazaras, y donde destacan las tejas pintadas de los tejados. As\u00ed, el n\u00facleo original estaba formado por 9 casas y 2 torres de defensa.<\/p>\n\n\n\n<p><\/p>\n\n\n<div class=\"su-box su-box-style-soft\" id=\"\" style=\"border-color:#870060;border-radius:15px;\"><div class=\"su-box-title\" style=\"background-color:#ba2d93;color:#f3f4f4;border-top-left-radius:13px;border-top-right-radius:13px\">La reina de las excursiones<\/div><div class=\"su-box-content su-u-clearfix su-u-trim\" style=\"border-bottom-left-radius:13px;border-bottom-right-radius:13px\">\n<p>Si te gustan las aventuras, las vistas magnificas, conocer muchos lugares \u00a1No busques m\u00e1s! Porque sabemos lo que realmente vale la pena, Click Mallorca te recomienda esta excursi\u00f3n <\/p>\n<p>Porque los mejores recuerdos comienzan con una gran elecci\u00f3n. en esta excursi\u00f3n <strong> de d\u00eda completo conoceras los lugares m\u00e1s emblematicos de la Isla, Recorrer\u00e1s monta\u00f1a y mar, <\/strong>Reserva ya tu excursion llamada <a href=\"https:\/\/www.click-mallorca.com\/excursiones\/excursion-vuelta-isla-soller-y-la-calobra\/\">Excursi\u00f3n a S\u00f3ller: Tren + Tranv\u00eda + Barco a Sa Calobra  <\/a><\/p>\n<\/div><\/div>\n\n\n\n<p><\/p>\n\n\n\n<h3 class=\"wp-block-heading\" id=\"cala-de-sa-calobra\"><span class=\"ez-toc-section\" id=\"cala-de-sa-calobra-el-final-de-la-carretera-y-el-inicio-de-la-excursion\"><\/span>Cala de Sa Calobra: el final de la carretera (y el inicio de la excursi\u00f3n)<span class=\"ez-toc-section-end\"><\/span><\/h3>\n\n\n\n<p>Es el punto final de la carretera Sa Calobra, y uno de los lugares m\u00e1s visitados de Mallorca, que bien merece un post aparte, pues hay mucho que ver all\u00ed. Entre los lugares de visita obligada, tenemos el torrente de Pareis declarado monumento natural, y uno de los sitios m\u00e1s bonitos de la isla de Mallorca, con una peque\u00f1a playa de cantos rodados.<\/p>\n\n\n\n<p>La <strong>carretera de Sa Calobra<\/strong> termina en el <strong>puerto de Sa Calobra<\/strong>, un peque\u00f1o n\u00facleo junto al mar que sirve de punto de partida para visitar:<\/p>\n\n\n\n<ul class=\"wp-block-list\">\n<li>la <strong>playa de Sa Calobra<\/strong>,<\/li>\n\n\n\n<li>el espectacular <strong>Torrent de Pareis<\/strong> declarado monumento natural,<\/li>\n\n\n\n<li>y varias rutas a pie por la costa y monta\u00f1as cercanas.<\/li>\n<\/ul>\n\n\n\n<p>Consejos: No te limites a \u201cbajar, hacer la foto y subir\u201d. Dedica tiempo a caminar por los t\u00faneles que llevan al Torrent de Pareis, pasear por el puerto y, si vas con calzado adecuado, explorar un poco la zona.Si no te apetece conducir, tienes alternativas para llegar <strong>en barco<\/strong> o <strong>en excursi\u00f3n organizada<\/strong>, combinando tren de S\u00f3ller, tranv\u00eda y barco. Es la opci\u00f3n ideal si quieres disfrutar del paisaje sin estr\u00e9s de conducci\u00f3n.<\/p>\n\n\n\n<ol class=\"wp-block-list\">\n<li><\/li>\n<\/ol>\n\n\n<div class=\"wp-block-image\">\n<figure class=\"aligncenter is-resized\"><img loading=\"lazy\" decoding=\"async\" width=\"866\" height=\"426\" src=\"https:\/\/www.click-mallorca.com\/blog\/wp-content\/uploads\/2018\/04\/la-calobra.jpg\" alt=\"la calobra\" class=\"wp-image-1868\" style=\"width:800px\" srcset=\"https:\/\/www.click-mallorca.com\/blog\/wp-content\/uploads\/2018\/04\/la-calobra.jpg 866w, https:\/\/www.click-mallorca.com\/blog\/wp-content\/uploads\/2018\/04\/la-calobra-300x148.jpg 300w, https:\/\/www.click-mallorca.com\/blog\/wp-content\/uploads\/2018\/04\/la-calobra-768x378.jpg 768w\" sizes=\"auto, (max-width: 866px) 100vw, 866px\" \/><\/figure><\/div>\n\n\n<p><\/p>\n\n\n\n<h2 class=\"wp-block-heading parrafo-azul\"><span class=\"ez-toc-section\" id=\"conducir-por-la-carretera-sa-calobra-consejos-de-expertos-locales\"><\/span>Conducir por la carretera Sa Calobra: consejos de expertos locales<span class=\"ez-toc-section-end\"><\/span><\/h2>\n\n\n\n<p>Despu\u00e9s de miles de bajadas y subidas con grupos, te dejamos <strong>consejos muy pr\u00e1cticos<\/strong> para disfrutar la carretera con seguridad:<\/p>\n\n\n\n<h3 class=\"wp-block-heading\"><span class=\"ez-toc-section\" id=\"mejor-momento-del-dia\"><\/span>Mejor momento del d\u00eda<span class=\"ez-toc-section-end\"><\/span><\/h3>\n\n\n\n<ul class=\"wp-block-list\">\n<li><strong>Primera hora de la ma\u00f1ana:<\/strong> menos tr\u00e1fico, menos autocares y temperatura m\u00e1s suave.<\/li>\n\n\n\n<li><strong>\u00daltima hora de la tarde:<\/strong> la luz es preciosa y suele haber menos movimiento, aunque ten en cuenta que luego tendr\u00e1s que subir de vuelta con luz suficiente.<\/li>\n<\/ul>\n\n\n\n<p>Evita, si puedes, las <strong>horas centrales del d\u00eda en pleno verano<\/strong>, cuando coinciden buses, coches de alquiler y muchos ciclistas.<\/p>\n\n\n\n<h3 class=\"wp-block-heading\"><span class=\"ez-toc-section\" id=\"tipo-de-vehiculo\"><\/span>Tipo de veh\u00edculo<span class=\"ez-toc-section-end\"><\/span><\/h3>\n\n\n\n<ul class=\"wp-block-list\">\n<li><strong>Coche:<\/strong> si est\u00e1s acostumbrado a carreteras de monta\u00f1a, no tendr\u00e1s problema. Ve sin prisa, frena con motor y usa marchas cortas.<\/li>\n\n\n\n<li><strong>Moto:<\/strong> es una carretera muy apreciada por motoristas, pero tambi\u00e9n peligrosa si se abusa de la velocidad. Asfalto, grava en curvas y tr\u00e1fico tur\u00edstico no son buena combinaci\u00f3n.<\/li>\n\n\n\n<li><strong>Autocaravana \/ furgoneta grande:<\/strong> se puede, pero no es lo m\u00e1s recomendable si no tienes mucha experiencia. Hay tramos estrechos y maniobras complicadas.<\/li>\n\n\n\n<li><strong>Ciclistas:<\/strong> para muchos, la subida a Sa Calobra es \u201cla etapa reina\u201d en Mallorca. La bajada exige mucha t\u00e9cnica y prudencia: curvas cerradas, coches que se abren mal y autobuses ocupando buena parte de la calzada.<\/li>\n<\/ul>\n\n\n\n<h3 class=\"wp-block-heading\"><span class=\"ez-toc-section\" id=\"consejos-practicos\"><\/span>Consejos pr\u00e1cticos<span class=\"ez-toc-section-end\"><\/span><\/h3>\n\n\n\n<ul class=\"wp-block-list\">\n<li><strong>Frenos:<\/strong> usa el freno motor. No bajes con marchas largas y freno pisado: se recalienta.<\/li>\n\n\n\n<li><strong>Mareo:<\/strong> si viajas con ni\u00f1os o personas sensibles, lleva medicaci\u00f3n o caramelos de jengibre; son 13 km de curvas constantes.<\/li>\n\n\n\n<li><strong>Paradas:<\/strong> aprovecha los miradores para descansar, estirar las piernas y hacer fotos.<\/li>\n\n\n\n<li><strong>Respeto a ciclistas y buses:<\/strong> no adelantes en ciego, mant\u00e9n distancia y paciencia.<\/li>\n\n\n\n<li><strong>Temporada alta:<\/strong> valora seriamente combinar la carretera con <strong>barco o excursi\u00f3n organizada<\/strong> para evitar el estr\u00e9s de tr\u00e1fico y aparcamiento<\/li>\n<\/ul>\n\n\n\n<h2 class=\"wp-block-heading parrafo-azul\" id=\"como-llegar-a-sa-calobra\"><span class=\"ez-toc-section\" id=\"%c2%bfcomo-llegar-a-sa-calobra\"><\/span>\u00bfC\u00f3mo llegar a Sa Calobra?<span class=\"ez-toc-section-end\"><\/span><\/h2>\n\n\n\n<h3 class=\"wp-block-heading\"><span class=\"ez-toc-section\" id=\"en-coche-propio-o-de-alquiler\"><\/span>En coche propio o de alquiler<span class=\"ez-toc-section-end\"><\/span><\/h3>\n\n\n\n<p>La opci\u00f3n m\u00e1s habitual:<\/p>\n\n\n\n<ol class=\"wp-block-list\">\n<li>Llegar hasta la <strong>Ma-10<\/strong> (carretera de la Serra de Tramuntana)<\/li>\n\n\n\n<li>Tomar el desv\u00edo se\u00f1alizado hacia <strong>Sa Calobra \/ Cala Tuent<\/strong><\/li>\n\n\n\n<li>Recorrer los 13 km de la <strong>Ma-2141<\/strong> hasta el mar<\/li>\n<\/ol>\n\n\n\n<p><strong>Para llegar a Sa Calobra debemos coger la carretera Sa Calobra,  oficialmente la M-2141<\/strong>, y podemos hacerlo desde Soller siguiendo direcci\u00f3n a los embalses de Cuber y Gorg Blau, o bien desde Inca siguiendo direcci\u00f3n a Lluc-Escorca.<\/p>\n\n\n\n<p>Es la forma m\u00e1s flexible, pero tambi\u00e9n la que m\u00e1s atenci\u00f3n exige.<\/p>\n\n\n\n<h3 class=\"wp-block-heading\"><span class=\"ez-toc-section\" id=\"en-barco-desde-puerto-soller\"><\/span>En barco desde Puerto S\u00f3ller<span class=\"ez-toc-section-end\"><\/span><\/h3>\n\n\n\n<p>Una alternativa fant\u00e1stica es combinar:<\/p>\n\n\n\n<ul class=\"wp-block-list\">\n<li>Subida o bajada en <strong>carretera Sa Calobra<\/strong><\/li>\n\n\n\n<li>Y una parte del d\u00eda en<a href=\"https:\/\/www.click-mallorca.com\/excursiones\/excusion-en-barca-a-sa-calobra\/\"> <strong>barco<\/strong> a la Calobra <\/a>desde \/ hasta <strong>Puerto S\u00f3ller<\/strong><\/li>\n<\/ul>\n\n\n\n<p>Desde Puerto S\u00f3ller salen barcos que navegan por la costa de Tramuntana, pasando por acantilados, cuevas marinas y torres defensivas, hasta llegar a <strong>Sa Calobra<\/strong>. Es una manera ideal de:<\/p>\n\n\n\n<p>y combinarlo con una visita a <strong>S\u00f3ller y su puerto<\/strong>.<\/p>\n\n\n\n<p><\/p>\n\n\n\n<h3 class=\"wp-block-heading\"><span class=\"ez-toc-section\" id=\"en-excursion-organizada-la-opcion-sin-estres\"><\/span>En excursi\u00f3n organizada (la opci\u00f3n sin estr\u00e9s)<span class=\"ez-toc-section-end\"><\/span><\/h3>\n\n\n\n<p>Otra manera de disfrutar de esta carretera es con nuestra excursi\u00f3n en la que combinamos un trayecto en bus en esta carretera, con un trayecto en barco Calobra-Port Soller, tranvia y tren. <\/p>\n\n\n\n<p>Si quieres vivir la experiencia completa sin preocuparte por curvas, parkings y horarios, la mejor opci\u00f3n es una <strong>excursi\u00f3n organizada<\/strong> que combine:<\/p>\n\n\n\n<ul class=\"wp-block-list\">\n<li><strong>autob\u00fas<\/strong> por la carretera Sa Calobra,<\/li>\n\n\n\n<li><strong>barco<\/strong> Sa Calobra \u2013 Puerto S\u00f3ller,<\/li>\n\n\n\n<li><strong>tranv\u00eda<\/strong> hasta S\u00f3ller,<\/li>\n\n\n\n<li>y <strong>tren de S\u00f3ller<\/strong> de vuelta hacia Palma o alrededores.<\/li>\n<\/ul>\n\n\n\n<p>Puedes reservarla <a href=\"https:\/\/www.click-mallorca.com\/excursiones\/excursion-vuelta-isla-soller-y-la-calobra\/\">aqu\u00ed<\/a>. Es la famosa excursi\u00f3n \u201c<strong>Lo mejor de Mallorca<\/strong>\u201d, una de las m\u00e1s completas de la isla: ves monta\u00f1a, mar, tren hist\u00f3rico y la carretera de Sa Calobra\u2026 sin tocar el volante.<\/p>\n\n\n\n<p><\/p>\n\n\n\n<h2 class=\"wp-block-heading parrafo-azul\"><span class=\"ez-toc-section\" id=\"preguntas-frecuentes-sobre-la-carretera-sa-calobra\"><\/span>Preguntas frecuentes sobre la carretera Sa Calobra<span class=\"ez-toc-section-end\"><\/span><\/h2>\n\n\n\n<div class=\"schema-faq wp-block-yoast-faq-block\"><div class=\"schema-faq-section\" id=\"faq-question-1763992090220\"><strong class=\"schema-faq-question\">\u00bfEs peligrosa la carretera de Sa Calobra?<\/strong> <p class=\"schema-faq-answer\">No es una carretera \u201cpeligrosa\u201d en s\u00ed misma, pero s\u00ed <strong>exigente<\/strong>:<br\/>muchas curvas de herradura,<br\/>tramos estrechos,<br\/>ciclistas, autobuses y coches de alquiler.<br\/>Conducir despacio, respetar las normas y no hacer maniobras arriesgadas es clave. Si no te sientes c\u00f3modo en monta\u00f1a, valora ir en <strong>excursi\u00f3n organizada o barco<\/strong>.<\/p> <\/div> <div class=\"schema-faq-section\" id=\"faq-question-1763992248477\"><strong class=\"schema-faq-question\">\u00bfCu\u00e1nto se tarda en bajar la carretera Sa Calobra?<\/strong> <p class=\"schema-faq-answer\">Desde el desv\u00edo en la Ma-10 hasta Sa Calobra, calcula unos <strong>25\u201330 minutos<\/strong> solo de conducci\u00f3n, sin contar paradas para fotos.<br\/>Lo normal es invertir <strong>1 hora<\/strong> entre bajada, miradores y alg\u00fan alto para disfrutar del paisaje.<\/p> <\/div> <div class=\"schema-faq-section\" id=\"faq-question-1763992286305\"><strong class=\"schema-faq-question\">\u00bfSe puede ir solo a ver la carretera sin bajar hasta la cala?<\/strong> <p class=\"schema-faq-answer\">S\u00ed. Muchos viajeros llegan hasta el <strong>Nudo de la Corbata<\/strong>, disfrutan del mirador y regresan.<br\/>Pero si tienes tiempo, te recomendamos bajar hasta el final al menos una vez en la vida: <strong>carretera + Sa Calobra + Torrent de Pareis<\/strong> forman un conjunto \u00fanico.<\/p> <\/div> <div class=\"schema-faq-section\" id=\"faq-question-1763992333996\"><strong class=\"schema-faq-question\">\u00bfCu\u00e1l es el mejor mirador de la carretera Sa Calobra?<\/strong> <p class=\"schema-faq-answer\">El m\u00e1s famoso es el del <strong>Nudo de la Corbata<\/strong>, pero no es el \u00fanico.<br\/>Tambi\u00e9n son espectaculares:<br\/>el mirador con vistas al valle antes de entrar en el tramo estrecho,<br\/>y algunos peque\u00f1os apartaderos donde se ve toda la carretera serpenteando entre las monta\u00f1as.<\/p> <\/div> <div class=\"schema-faq-section\" id=\"faq-question-1763992386520\"><strong class=\"schema-faq-question\">\u00bfLa carretera de Sa Calobra es apta para ni\u00f1os?<\/strong> <p class=\"schema-faq-answer\">S\u00ed, pero ten en cuenta:<br\/>Los ni\u00f1os propensos al <strong>mareo<\/strong> pueden pasarlo regular con tantas curvas.<br\/>Es una carretera sin arc\u00e9n y con tr\u00e1fico; al bajar del coche, mejor tenerlos cerca y controlados.<br\/>Una vez en Sa Calobra, es un lugar fant\u00e1stico para que exploren, siempre con calzado c\u00f3modo (cantos rodados, piedras).<\/p> <\/div> <\/div>\n\n\n\n<h2 class=\"wp-block-heading parrafo-azul\"><span class=\"ez-toc-section\" id=\"tldr-%e2%80%93-carretera-de-sa-calobra\"><\/span>TL;DR \u2013 Carretera de Sa Calobra<span class=\"ez-toc-section-end\"><\/span><\/h2>\n\n\n\n<ul class=\"wp-block-list\">\n<li>\ud83d\udee3\ufe0f <strong>Qu\u00e9 es<\/strong>: la carretera de monta\u00f1a m\u00e1s espectacular de Mallorca (<strong>Ma-2141<\/strong>), con <strong>13 km<\/strong> de curvas y vistas brutales.<\/li>\n\n\n\n<li><strong>Desnivel<\/strong>: baja unos <strong>700 m<\/strong> hasta el mar (y luego toca subir \ud83d\ude05).<\/li>\n\n\n\n<li><strong>Lo m\u00e1s ic\u00f3nico<\/strong>: el <strong>Nudo de la Corbata (Nu de sa Corbata)<\/strong>, la curva-lazo m\u00e1s famosa y fotografiada.<\/li>\n\n\n\n<li><strong>Vistas top<\/strong>: panor\u00e1micas del <strong>Puig Major<\/strong> y del paisaje salvaje de la Serra de Tramuntana.<\/li>\n\n\n\n<li><strong>Paradas clave<\/strong>:\n<ul class=\"wp-block-list\">\n<li><strong>Els Arcs<\/strong> y el antiguo acueducto<\/li>\n\n\n\n<li>Miradores de monta\u00f1a<\/li>\n\n\n\n<li>Tramo <strong>encajonado<\/strong> bajo la roca (estrecho, impacta en bus)<\/li>\n<\/ul>\n<\/li>\n\n\n\n<li>El <strong>llogaret<\/strong> escondido de Sa Calobra<\/li>\n\n\n\n<li><strong>Final del recorrido<\/strong>: llegas a <strong>Sa Calobra + Torrent de Pareis<\/strong> (playa de cantos rodados + t\u00faneles y paisaje de postal).<\/li>\n\n\n\n<li><strong>Conducirla merece la pena si<\/strong>: te gustan carreteras de monta\u00f1a y vas <strong>sin prisas<\/strong>.<\/li>\n\n\n\n<li><strong>Mejor hora<\/strong>: <strong>primera hora<\/strong> (menos tr\u00e1fico) o <strong>tarde<\/strong> (mejor luz). Evita mediod\u00eda en verano.<\/li>\n\n\n\n<li><strong>Consejos r\u00e1pidos<\/strong>: usa <strong>freno motor<\/strong>, no bajes \u201cfrenando todo el rato\u201d, y paciencia con <strong>ciclistas y autocares<\/strong>.<\/li>\n\n\n\n<li>\ud83d\udea4 <strong>Alternativas sin estr\u00e9s<\/strong>:\n<ul class=\"wp-block-list\">\n<li><strong>Barco desde Port de S\u00f3ller<\/strong> (paisajazo por la costa)<\/li>\n\n\n\n<li><strong>Excursi\u00f3n organizada<\/strong> (bus + barco + tranv\u00eda + tren de S\u00f3ller)<\/li>\n<\/ul>\n<\/li>\n\n\n\n<li><strong>Tiempo de conducci\u00f3n<\/strong>: 25\u201330 min sin paradas; lo normal es <strong>1 hora<\/strong> con miradores.<\/li>\n\n\n\n<li><strong>Plan perfecto<\/strong>: baja en coche\/bus y vuelve en barco (o al rev\u00e9s) para hacerlo redondo<\/li>\n<\/ul>\n\n\n<div class=\"su-box su-box-style-default\" id=\"\" style=\"border-color:#0055cc;border-radius:3px;\"><div class=\"su-box-title\" style=\"background-color:#1188ff;color:#FFFFFF;border-top-left-radius:1px;border-top-right-radius:1px\">Planifica tu escapada a Mallorca<\/div><div class=\"su-box-content su-u-clearfix su-u-trim\" style=\"border-bottom-left-radius:1px;border-bottom-right-radius:1px\">\n<div class=\"content-box-area\">\n<div class=\"content-item\">\n        <span class=\"c-icon\"><i class=\"fas fa-camera\"><\/i><\/span><br \/>\n<span>Las mejores opciones para pasarlo bien en Mallorca: <a href=\"https:\/\/www.click-mallorca.com\/\">Excursiones en Mallorca<\/a><\/span><\/div>\n<div class=\"content-item\">\n        <span class=\"c-icon\"><i class=\"fas fa-bed\"><\/i><\/span><br \/>\n<span>Hoteles donde alojarte con cancelaci\u00f3n gratuita y al mejor precio: <a href=\"https:\/\/www.expedia.com\/affiliate\/RshNCLb region=767&amp;aid=2108356&amp;no_rooms=1&amp;group_adults=2\" rel=\"nofollow\">Hoteles en Mallorca<\/a><\/span><\/div>\n<div class=\"content-item\">\n        <span class=\"c-icon\"><i class=\"fas fa-car\"><\/i><\/span><\/p>\n<p><span>Alquila coches a los mejores precios. <a href=\"https:\/\/www.rentcars.com\/es\/?requestorid=5324&amp;utm_source=www.click-mallorca.com&amp;utm_medium=afiliado-link\" rel=\"nofollow\">Alquiler de coches en Mallorca<\/a><\/span><\/div>\n<div class=\"content-item\">\n        <span class=\"c-icon\"><i class=\"fas fa-plane\"><\/i><\/span><br \/>\n<span>Encuentra vuelos al mejor precio hacia Mallorca: <a href=\"https:\/\/skyscanner.pxf.io\/c\/3171348\/1027991\/13416?associateid=AFF_TRA_19354_00001\" rel=\"nofollow\">Vuelos a Mallorca<\/a><\/span><\/div>\n<div class=\"content-item\">\n        <span class=\"c-icon\"><i class=\"fas fa-ship\"><\/i><\/span><br \/>\n<span>Salidas y tours en barco y catamaran: <a href=\"https:\/\/www.click-mallorca.com\/actividades\/mallorca-paseos-barca-catamaran\/\">Excursiones en barco<\/a><\/span><\/div>\n<div class=\"content-item\">\n        <span class=\"c-icon\"><i class=\"fas fa-map\"><\/i><\/span><br \/>\n<span>Seguro de viaje: <a href=\"http:\/\/www.iatiseguros.com\/?r=67694918520896\">descuento en tu seguro IATI de un 5%<\/a><\/span><\/div>\n<\/div>\n<\/div><\/div>\n<!-- AddThis Advanced Settings generic via filter on the_content --><!-- AddThis Share Buttons generic via filter on the_content -->","protected":false},"excerpt":{"rendered":"<p>Descubre c\u00f3mo es la carretera de Sa Calobra en Mallorca: miradores, historia, consejos de conducci\u00f3n, alternativas y ruta explicada por expertos locales.<!-- AddThis Advanced Settings generic via filter on get_the_excerpt --><!-- AddThis Share Buttons generic via filter on get_the_excerpt --><\/p>\n","protected":false},"author":2,"featured_media":1869,"comment_status":"open","ping_status":"open","sticky":false,"template":"","format":"standard","meta":{"footnotes":""},"categories":[37],"tags":[],"class_list":["post-1861","post","type-post","status-publish","format-standard","has-post-thumbnail","hentry","category-paisaje"],"lang":"es","translations":{"es":1861,"en":10801},"pll_sync_post":[],"_links":{"self":[{"href":"https:\/\/www.click-mallorca.com\/blog\/wp-json\/wp\/v2\/posts\/1861","targetHints":{"allow":["GET"]}}],"collection":[{"href":"https:\/\/www.click-mallorca.com\/blog\/wp-json\/wp\/v2\/posts"}],"about":[{"href":"https:\/\/www.click-mallorca.com\/blog\/wp-json\/wp\/v2\/types\/post"}],"author":[{"embeddable":true,"href":"https:\/\/www.click-mallorca.com\/blog\/wp-json\/wp\/v2\/users\/2"}],"replies":[{"embeddable":true,"href":"https:\/\/www.click-mallorca.com\/blog\/wp-json\/wp\/v2\/comments?post=1861"}],"version-history":[{"count":35,"href":"https:\/\/www.click-mallorca.com\/blog\/wp-json\/wp\/v2\/posts\/1861\/revisions"}],"predecessor-version":[{"id":21183,"href":"https:\/\/www.click-mallorca.com\/blog\/wp-json\/wp\/v2\/posts\/1861\/revisions\/21183"}],"wp:featuredmedia":[{"embeddable":true,"href":"https:\/\/www.click-mallorca.com\/blog\/wp-json\/wp\/v2\/media\/1869"}],"wp:attachment":[{"href":"https:\/\/www.click-mallorca.com\/blog\/wp-json\/wp\/v2\/media?parent=1861"}],"wp:term":[{"taxonomy":"category","embeddable":true,"href":"https:\/\/www.click-mallorca.com\/blog\/wp-json\/wp\/v2\/categories?post=1861"},{"taxonomy":"post_tag","embeddable":true,"href":"https:\/\/www.click-mallorca.com\/blog\/wp-json\/wp\/v2\/tags?post=1861"}],"curies":[{"name":"wp","href":"https:\/\/api.w.org\/{rel}","templated":true}]}}