{"id":2101,"date":"2025-06-15T08:48:00","date_gmt":"2025-06-15T08:48:00","guid":{"rendered":"https:\/\/www.click-mallorca.com\/blog\/?p=2101"},"modified":"2025-10-23T16:07:01","modified_gmt":"2025-10-23T16:07:01","slug":"los-mejores-mercados-en-mallorca","status":"publish","type":"post","link":"https:\/\/www.click-mallorca.com\/blog\/sitios\/los-mejores-mercados-en-mallorca\/","title":{"rendered":"Mercados de Mallorca: gu\u00eda completa de los mejores mercadillos locales"},"content":{"rendered":"\n<p>Los <strong>mercados de Mallorca<\/strong> son una de las experiencias m\u00e1s aut\u00e9nticas para quienes visitan la isla. Pasear entre puestos de fruta fresca, embutidos, artesan\u00eda y recuerdos locales no solo es una forma de comprar, sino tambi\u00e9n de <strong>descubrir la cultura mallorquina<\/strong> de primera mano.<\/p>\n\n\n\n<p>En <strong>Click Mallorca<\/strong>, expertos locales en excursiones y actividades con m\u00e1s de 10 a\u00f1os de experiencia,  hemos preparado una <strong>gu\u00eda actualizada de mercados y mercadillos de Mallorca por d\u00eda de la semana<\/strong>, junto con nuestros favoritos con recomendaciones basadas en nuestro conocimiento de la isla y en lo que m\u00e1s disfrutan nuestros clientes. <\/p>\n\n\n\n<p>Nuestro objetivo es ayudarte a decidir <strong>qu\u00e9 mercados visitar durante tus vacaciones en Mallorca<\/strong>, para que combines tu viaje con planes \u00fanicos, tradiciones locales y rincones que solo los expertos conocen.<\/p>\n\n\n\n<p><\/p>\n\n\n\n<div id=\"ez-toc-container\" class=\"ez-toc-v2_0_72 counter-hierarchy ez-toc-counter ez-toc-light-blue ez-toc-container-direction\">\n<label for=\"ez-toc-cssicon-toggle-item-69f2e1b6e586b\" class=\"ez-toc-cssicon-toggle-label\"><span class=\"\"><span class=\"eztoc-hide\" style=\"display:none;\">Toggle<\/span><span class=\"ez-toc-icon-toggle-span\"><svg style=\"fill: #999;color:#999\" xmlns=\"http:\/\/www.w3.org\/2000\/svg\" class=\"list-377408\" width=\"20px\" height=\"20px\" viewBox=\"0 0 24 24\" fill=\"none\"><path d=\"M6 6H4v2h2V6zm14 0H8v2h12V6zM4 11h2v2H4v-2zm16 0H8v2h12v-2zM4 16h2v2H4v-2zm16 0H8v2h12v-2z\" fill=\"currentColor\"><\/path><\/svg><svg style=\"fill: #999;color:#999\" class=\"arrow-unsorted-368013\" xmlns=\"http:\/\/www.w3.org\/2000\/svg\" width=\"10px\" height=\"10px\" viewBox=\"0 0 24 24\" version=\"1.2\" baseProfile=\"tiny\"><path d=\"M18.2 9.3l-6.2-6.3-6.2 6.3c-.2.2-.3.4-.3.7s.1.5.3.7c.2.2.4.3.7.3h11c.3 0 .5-.1.7-.3.2-.2.3-.5.3-.7s-.1-.5-.3-.7zM5.8 14.7l6.2 6.3 6.2-6.3c.2-.2.3-.5.3-.7s-.1-.5-.3-.7c-.2-.2-.4-.3-.7-.3h-11c-.3 0-.5.1-.7.3-.2.2-.3.5-.3.7s.1.5.3.7z\"\/><\/svg><\/span><\/span><\/label><input type=\"checkbox\"  id=\"ez-toc-cssicon-toggle-item-69f2e1b6e586b\"  aria-label=\"Toggle\" \/><nav><ul class='ez-toc-list ez-toc-list-level-1 ' ><li class='ez-toc-page-1 ez-toc-heading-level-2'><a class=\"ez-toc-link ez-toc-heading-1\" href=\"https:\/\/www.click-mallorca.com\/blog\/sitios\/los-mejores-mercados-en-mallorca\/#mercadillos-de-mallorca-segun-el-dia-de-la-semana\" title=\"Mercadillos de Mallorca seg\u00fan el d\u00eda de la semana\">Mercadillos de Mallorca seg\u00fan el d\u00eda de la semana<\/a><ul class='ez-toc-list-level-3' ><li class='ez-toc-heading-level-3'><a class=\"ez-toc-link ez-toc-heading-2\" href=\"https:\/\/www.click-mallorca.com\/blog\/sitios\/los-mejores-mercados-en-mallorca\/#mercados-semanales\" title=\"Mercados semanales\">Mercados semanales<\/a><\/li><\/ul><\/li><li class='ez-toc-page-1 ez-toc-heading-level-2'><a class=\"ez-toc-link ez-toc-heading-3\" href=\"https:\/\/www.click-mallorca.com\/blog\/sitios\/los-mejores-mercados-en-mallorca\/#los-mejores-mercados-de-mallorca-seleccion-imprescindible\" title=\"Los mejores mercados de Mallorca: selecci\u00f3n imprescindible\">Los mejores mercados de Mallorca: selecci\u00f3n imprescindible<\/a><ul class='ez-toc-list-level-3' ><li class='ez-toc-heading-level-3'><a class=\"ez-toc-link ez-toc-heading-4\" href=\"https:\/\/www.click-mallorca.com\/blog\/sitios\/los-mejores-mercados-en-mallorca\/#lunes-mercado-del-olivar-palma-de-mallorca\" title=\"Lunes: Mercado del Olivar (Palma de Mallorca)\">Lunes: Mercado del Olivar (Palma de Mallorca)<\/a><\/li><li class='ez-toc-page-1 ez-toc-heading-level-3'><a class=\"ez-toc-link ez-toc-heading-5\" href=\"https:\/\/www.click-mallorca.com\/blog\/sitios\/los-mejores-mercados-en-mallorca\/#martes-mercado-de-arta\" title=\"Martes: Mercado de Art\u00e0\">Martes: Mercado de Art\u00e0<\/a><\/li><li class='ez-toc-page-1 ez-toc-heading-level-3'><a class=\"ez-toc-link ez-toc-heading-6\" href=\"https:\/\/www.click-mallorca.com\/blog\/sitios\/los-mejores-mercados-en-mallorca\/#miercoles-mercado-de-sineu\" title=\"Mi\u00e9rcoles: Mercado de Sineu\">Mi\u00e9rcoles: Mercado de Sineu<\/a><\/li><li class='ez-toc-page-1 ez-toc-heading-level-3'><a class=\"ez-toc-link ez-toc-heading-7\" href=\"https:\/\/www.click-mallorca.com\/blog\/sitios\/los-mejores-mercados-en-mallorca\/#jueves-mercado-de-inca\" title=\"Jueves: Mercado de Inca\">Jueves: Mercado de Inca<\/a><\/li><li class='ez-toc-page-1 ez-toc-heading-level-3'><a class=\"ez-toc-link ez-toc-heading-8\" href=\"https:\/\/www.click-mallorca.com\/blog\/sitios\/los-mejores-mercados-en-mallorca\/#sabado-mercado-de-soller\" title=\"S\u00e1bado: Mercado de S\u00f3ller\">S\u00e1bado: Mercado de S\u00f3ller<\/a><\/li><li class='ez-toc-page-1 ez-toc-heading-level-3'><a class=\"ez-toc-link ez-toc-heading-9\" href=\"https:\/\/www.click-mallorca.com\/blog\/sitios\/los-mejores-mercados-en-mallorca\/#domingo-mercado-de-alcudia\" title=\"Domingo: Mercado de Alc\u00fadia\">Domingo: Mercado de Alc\u00fadia<\/a><\/li><\/ul><\/li><li class='ez-toc-page-1 ez-toc-heading-level-2'><a class=\"ez-toc-link ez-toc-heading-10\" href=\"https:\/\/www.click-mallorca.com\/blog\/sitios\/los-mejores-mercados-en-mallorca\/#mercados-artesanales-y-agricolas-en-mallorca\" title=\"Mercados artesanales y agr\u00edcolas en Mallorca\">Mercados artesanales y agr\u00edcolas en Mallorca<\/a><\/li><li class='ez-toc-page-1 ez-toc-heading-level-2'><a class=\"ez-toc-link ez-toc-heading-11\" href=\"https:\/\/www.click-mallorca.com\/blog\/sitios\/los-mejores-mercados-en-mallorca\/#consejos-practicos-para-visitar-los-mercados-en-mallorca\" title=\"Consejos pr\u00e1cticos para visitar los mercados en Mallorca\">Consejos pr\u00e1cticos para visitar los mercados en Mallorca<\/a><\/li><li class='ez-toc-page-1 ez-toc-heading-level-2'><a class=\"ez-toc-link ez-toc-heading-12\" href=\"https:\/\/www.click-mallorca.com\/blog\/sitios\/los-mejores-mercados-en-mallorca\/#preguntas-frecuentes-sobre-los-mercados-de-mallorca\" title=\"Preguntas frecuentes sobre los mercados de Mallorca\">Preguntas frecuentes sobre los mercados de Mallorca<\/a><\/li><li class='ez-toc-page-1 ez-toc-heading-level-2'><a class=\"ez-toc-link ez-toc-heading-13\" href=\"https:\/\/www.click-mallorca.com\/blog\/sitios\/los-mejores-mercados-en-mallorca\/#conclusion-los-mercados-de-mallorca-una-experiencia-imprescindible-en-tu-viaje\" title=\"Conclusi\u00f3n: los mercados de Mallorca, una experiencia imprescindible en tu viaje\">Conclusi\u00f3n: los mercados de Mallorca, una experiencia imprescindible en tu viaje<\/a><\/li><\/ul><\/nav><\/div>\n<h2 class=\"wp-block-heading parrafo-azul\"><span class=\"ez-toc-section\" id=\"mercadillos-de-mallorca-segun-el-dia-de-la-semana\"><\/span>Mercadillos de Mallorca seg\u00fan el d\u00eda de la semana<span class=\"ez-toc-section-end\"><\/span><\/h2>\n\n\n\n<p>Si est\u00e1s organizando tus vacaciones, seguro que te preguntas: <strong>\u00bfqu\u00e9 mercados hay en Mallorca el d\u00eda que voy a estar en la isla?<\/strong> Para ayudarte, hemos preparado un recorrido por los mercados m\u00e1s importantes de cada d\u00eda de la semana.<\/p>\n\n\n\n<ul class=\"wp-block-list\">\n<li><strong>Lunes:<\/strong> Palma (Mercat de l\u2019Olivar, Mercat de Pere Garau, Mercat de Santa Catalina), Calvi\u00e0, Manacor, Lloret de Vistalegre.<\/li>\n\n\n\n<li><strong>Martes:<\/strong> Alc\u00fadia, Art\u00e0, Porreres, Campanet, Llub\u00ed, Porto Cristo.<\/li>\n\n\n\n<li><strong>Mi\u00e9rcoles:<\/strong> Sineu, Andratx, Capdepera, <strong>Santany\u00ed<\/strong>, Col\u00f2nia de Sant Jordi.<\/li>\n\n\n\n<li><strong>Jueves:<\/strong> Inca, Ariany, Campos, Ses Salines.<\/li>\n\n\n\n<li><strong>Viernes:<\/strong> Llucmajor, Algaida, Son Servera, Binissalem, Can Picafort.<\/li>\n\n\n\n<li><strong>S\u00e1bado:<\/strong> S\u00f3ller, Campos, Cala Ratjada, <strong>Santany\u00ed<\/strong>, Santa Eug\u00e8nia, Alar\u00f3.<\/li>\n\n\n\n<li><strong>Domingo:<\/strong> Alc\u00fadia, Pollensa, Santa Maria del Cam\u00ed, Felanitx, Valldemossa.<\/li>\n<\/ul>\n\n\n\n<p>\ud83d\udc49 As\u00ed, el viajero sabe exactamente <strong>qu\u00e9 mercados se celebran cada d\u00eda en Mallorca<\/strong> y puede planificar mejor su visita.<\/p>\n\n\n\n<p>\ud83d\udca1 <em>Consejo local:<\/em> si visitas Mallorca varios d\u00edas, planifica tu viaje incluyendo al menos <strong>un mercado rural y uno urbano<\/strong> \u2014 son dos caras muy distintas de la isla.<\/p>\n\n\n\n<!-- Mapa de mercados semanales \u2013 Mallorca (WordPress-ready) -->\n<div id=\"mallorca-mercados-map\" style=\"height: 520px; width: 100%;\"><\/div>\n\n<!-- Leaflet CSS -->\n<link\n  rel=\"stylesheet\"\n  href=\"https:\/\/unpkg.com\/leaflet@1.9.4\/dist\/leaflet.css\"\n  integrity=\"sha256-p4NxAoJBhIIN+hmNHrzRCf9tD\/miZyoHS5obTRR9BMY=\"\n  crossorigin=\"\"\n\/>\n\n<style>\n  \/* Opcional: estilos finos para popups\/leyenda *\/\n  .leaflet-container { font: 14px\/1.3 system-ui, -apple-system, Segoe UI, Roboto, Helvetica, Arial, sans-serif; }\n  .mercados-legend {\n    position: relative; margin: 8px 0 12px; padding: 10px 12px; border-radius: 12px;\n    background: #fff; box-shadow: 0 6px 16px rgba(0,0,0,.12); display: inline-block;\n  }\n  .mercados-legend h3 { margin: 0 0 4px; font-size: 16px; }\n  .mercados-legend p { margin: 0; opacity: .8; }\n  .popup h4 { margin: 0 0 6px; font-size: 16px; }\n  .popup p { margin: 4px 0; }\n<\/style>\n\n<div class=\"mercados-legend\">\n  <h3><span class=\"ez-toc-section\" id=\"mercados-semanales\"><\/span>Mercados semanales<span class=\"ez-toc-section-end\"><\/span><\/h3>\n  <p>Haz zoom y toca los pines para ver d\u00edas y horarios.<\/p>\n<\/div>\n\n<!-- Leaflet JS -->\n<script\n  src=\"https:\/\/unpkg.com\/leaflet@1.9.4\/dist\/leaflet.js\"\n  integrity=\"sha256-20nQCchB9co0qIjJZRGuk2\/Z9VM+kNiyxNV1lvTlZBo=\"\n  crossorigin=\"\"\n><\/script>\n\n<script>\n(function() {\n  \/\/ Evita reinicializar si el bloque se renderiza varias veces\n  if (window.__mallorcaMercadosMapInit) return;\n  window.__mallorcaMercadosMapInit = true;\n\n  const mercados = [\n    { ciudad: 'Sineu', coords: [39.6428, 3.0110], dias: 'Mi\u00e9rcoles', horario: '08:00\u201313:30', notas: 'Mercado con animales' },\n    { ciudad: 'Inca', coords: [39.7170, 2.9170], dias: 'Jueves', horario: '08:00\u201313:30', notas: '' },\n    { ciudad: 'Alc\u00fadia', coords: [39.8525, 3.1192], dias: 'Martes y domingo', horario: '08:30\u201313:30', notas: '' },\n    { ciudad: 'Pollen\u00e7a', coords: [39.8772, 3.0164], dias: 'Domingo', horario: '08:00\u201313:30', notas: '' },\n    { ciudad: 'Santa Maria del Cam\u00ed', coords: [39.6511, 2.7731], dias: 'Domingo', horario: '09:00\u201314:00', notas: '' },\n    { ciudad: 'Santany\u00ed', coords: [39.3542, 3.1283], dias: 'Mi\u00e9rcoles y s\u00e1bado', horario: '09:00\u201314:00', notas: '' },\n    { ciudad: 'Art\u00e0', coords: [39.6932, 3.3498], dias: 'Martes', horario: '09:00\u201314:00', notas: '' },\n    { ciudad: 'Felanitx', coords: [39.4688, 3.1480], dias: 'Domingo', horario: '08:00\u201313:00', notas: '' },\n    { ciudad: 'S\u00f3ller', coords: [39.7676, 2.7140], dias: 'S\u00e1bado', horario: '09:00\u201314:00', notas: '' },\n    { ciudad: 'Andratx', coords: [39.5708, 2.4214], dias: 'Mi\u00e9rcoles', horario: '09:00\u201314:00', notas: '' },\n    { ciudad: 'Manacor', coords: [39.5667, 3.2000], dias: 'Lunes', horario: '08:00\u201313:30', notas: '' },\n    { ciudad: 'Llucmajor', coords: [39.5594, 2.6771], dias: 'Mi\u00e9rcoles, viernes y domingo (ma\u00f1ana)', horario: '09:00\u201314:00', notas: '' },\n  ];\n\n  \/\/ Espera a que Leaflet est\u00e9 cargado y el contenedor exista\n  function init() {\n    if (!window.L) return setTimeout(init, 50);\n    const container = document.getElementById('mallorca-mercados-map');\n    if (!container) return;\n\n    const map = L.map(container).setView([39.65, 2.95], 9);\n    L.tileLayer('https:\/\/{s}.tile.openstreetmap.org\/{z}\/{x}\/{y}.png', {\n      maxZoom: 18,\n      attribution: '&copy; OpenStreetMap contributors'\n    }).addTo(map);\n\n    mercados.forEach(m => {\n      const popupHtml = `\n        <div class=\"popup\">\n          <h4>${m.ciudad}<\/h4>\n          <p><strong>D\u00edas:<\/strong> ${m.dias}<\/p>\n          <p><strong>Horario orientativo:<\/strong> ${m.horario}<\/p>\n          ${m.notas ? `<p>${m.notas}<\/p>` : ''}\n        <\/div>`;\n      L.marker(m.coords).addTo(map).bindPopup(popupHtml);\n    });\n  }\n\n  init();\n})();\n<\/script>\n\n\n\n<p><\/p>\n\n\n\n<h2 class=\"wp-block-heading parrafo-azul\" id=\"mercados-semanales-en-mallorca\"><span class=\"ez-toc-section\" id=\"los-mejores-mercados-de-mallorca-seleccion-imprescindible\"><\/span>Los mejores mercados de Mallorca: selecci\u00f3n imprescindible<span class=\"ez-toc-section-end\"><\/span><\/h2>\n\n\n\n<p>Aunque todos los pueblos de la isla tienen su mercado semanal, hay algunos que destacan por su tradici\u00f3n, ambiente y autenticidad. En <strong>Click Mallorca<\/strong> hemos hecho esta selecci\u00f3n de mercados imprescindibles para que los disfrutes durante tus vacaciones.<\/p>\n\n\n\n<h3 class=\"wp-block-heading\"><span class=\"ez-toc-section\" id=\"lunes-mercado-del-olivar-palma-de-mallorca\"><\/span>Lunes: Mercado del Olivar (Palma de Mallorca)<span class=\"ez-toc-section-end\"><\/span><\/h3>\n\n\n\n<p>El <strong>Mercado del Olivar<\/strong> es el m\u00e1s importante y famoso de la capital. Se celebra de lunes a s\u00e1bado en pleno centro de Palma y destaca por su ambiente animado y su enorme variedad de productos: desde pescado fresco hasta carnes, frutas, embutidos, quesos y tapas que se pueden degustar en el momento. Es un mercado moderno, cubierto, con varios bares y restaurantes en su interior, lo que lo convierte en una parada imprescindible.<\/p>\n\n\n\n<p>\ud83d\udc49 <strong>Plan recomendado:<\/strong> combina la visita al mercado con un paseo por el <strong>casco hist\u00f3rico de Palma<\/strong>, explorando la Catedral de La Seu y las estrechas calles medievales de la ciudad.<\/p>\n\n\n\n<h3 class=\"wp-block-heading\"><span class=\"ez-toc-section\" id=\"martes-mercado-de-arta\"><\/span>Martes: Mercado de Art\u00e0<span class=\"ez-toc-section-end\"><\/span><\/h3>\n\n\n\n<p>El <strong>Mercado de Art\u00e0<\/strong> se celebra todos los martes en el encantador centro hist\u00f3rico de este pueblo del noreste de Mallorca. Llena sus calles de color con puestos de artesan\u00eda, ropa, flores y productos locales. El ambiente es muy animado y aut\u00e9ntico, con una mezcla de residentes y turistas que disfrutan de la experiencia.<\/p>\n\n\n<div class=\"wp-block-image\">\n<figure class=\"aligncenter size-full is-resized\"><img loading=\"lazy\" decoding=\"async\" width=\"1519\" height=\"944\" src=\"https:\/\/www.click-mallorca.com\/blog\/wp-content\/uploads\/2019\/06\/mercado-de-arta-1.jpg\" alt=\"mercat de sineu\" class=\"wp-image-19342\" style=\"width:800px\"\/><\/figure><\/div>\n\n\n<p>\ud83d\udc49 <strong>Plan recomendado:<\/strong> tras recorrer el mercado, sube al <strong>Santuario de Sant Salvador<\/strong> para disfrutar de unas vistas espectaculares del pueblo y la bah\u00eda de Alc\u00fadia.<\/p>\n\n\n\n<h3 class=\"wp-block-heading\"><span class=\"ez-toc-section\" id=\"miercoles-mercado-de-sineu\"><\/span>Mi\u00e9rcoles: Mercado de Sineu<span class=\"ez-toc-section-end\"><\/span><\/h3>\n\n\n\n<p>El <strong>Mercado de Sineu<\/strong> es el m\u00e1s antiguo de Mallorca, con m\u00e1s de 700 a\u00f1os de historia. Cada mi\u00e9rcoles, el pueblo se llena de puestos de frutas, verduras, quesos, sobrasadas, ropa y artesan\u00eda. Todav\u00eda conserva la tradici\u00f3n de vender animales de granja, lo que le da un aire muy particular. Es un mercado concurrido, especialmente en temporada alta, pero tambi\u00e9n el m\u00e1s aut\u00e9ntico de la isla.<\/p>\n\n\n\n<p><\/p>\n\n\n\n<p>\ud83d\udc49 <strong>Plan recomendado:<\/strong> despu\u00e9s del mercado, aprovecha para comer en un <strong>celler tradicional de Sineu<\/strong>, donde podr\u00e1s probar platos t\u00edpicos como el frito mallorqu\u00edn o el tumbet.<\/p>\n\n\n\n<h3 class=\"wp-block-heading\"><span class=\"ez-toc-section\" id=\"jueves-mercado-de-inca\"><\/span>Jueves: Mercado de Inca<span class=\"ez-toc-section-end\"><\/span><\/h3>\n\n\n\n<p>El <strong>Mercado de Inca<\/strong>, celebrado cada jueves, es el m\u00e1s grande de la isla. Se extiende por varias calles del centro y ofrece absolutamente de todo: productos agr\u00edcolas, ropa, flores, art\u00edculos de piel y calzado, ya que Inca es la capital de la piel en Mallorca. Es ideal para quienes buscan variedad y ambiente local.<\/p>\n\n\n<div class=\"wp-block-image\">\n<figure class=\"aligncenter is-resized\"><img loading=\"lazy\" decoding=\"async\" width=\"798\" height=\"317\" src=\"https:\/\/www.click-mallorca.com\/blog\/wp-content\/uploads\/2019\/02\/mejores-mercados-en-mallorca.png\" alt=\"mercado de inca\" class=\"wp-image-2103\" style=\"width:800px\" srcset=\"https:\/\/www.click-mallorca.com\/blog\/wp-content\/uploads\/2019\/02\/mejores-mercados-en-mallorca.png 798w, https:\/\/www.click-mallorca.com\/blog\/wp-content\/uploads\/2019\/02\/mejores-mercados-en-mallorca-300x119.png 300w, https:\/\/www.click-mallorca.com\/blog\/wp-content\/uploads\/2019\/02\/mejores-mercados-en-mallorca-768x305.png 768w\" sizes=\"auto, (max-width: 798px) 100vw, 798px\" \/><\/figure><\/div>\n\n\n<p>\ud83d\udc49 <strong>Plan recomendado:<\/strong> combina tu visita con el <strong>Museo del Calzado y la Piel de Inca<\/strong>, o aprovecha para descubrir una de las <strong>bodegas cercanas<\/strong> y degustar vinos mallorquines.<\/p>\n\n\n\n<h3 class=\"wp-block-heading\"><span class=\"ez-toc-section\" id=\"sabado-mercado-de-soller\"><\/span>S\u00e1bado: Mercado de S\u00f3ller<span class=\"ez-toc-section-end\"><\/span><\/h3>\n\n\n\n<p>El <strong>Mercado de S\u00f3ller<\/strong> se celebra los s\u00e1bados en la plaza central del pueblo, rodeada de edificios modernistas y dominada por la imponente iglesia de Sant Bartomeu. Es un mercado muy pintoresco, con productos frescos, artesan\u00eda y ambiente acogedor.<\/p>\n\n\n\n<p>\ud83d\udc49 <strong>Plan recomendado:<\/strong> tras la visita, sube al hist\u00f3rico <strong>tren de madera de S\u00f3ller<\/strong> que conecta con Palma o baja al <strong>Puerto de S\u00f3ller<\/strong> para disfrutar del mar y un paseo por su paseo mar\u00edtimo.<\/p>\n\n\n\n<h3 class=\"wp-block-heading\"><span class=\"ez-toc-section\" id=\"domingo-mercado-de-alcudia\"><\/span>Domingo: Mercado de Alc\u00fadia<span class=\"ez-toc-section-end\"><\/span><\/h3>\n\n\n\n<p>El <strong>Mercado de Alc\u00fadia<\/strong> es uno de los m\u00e1s populares de la isla y se celebra cada domingo dentro de su casco antiguo amurallado. Es amplio, con puestos de comida, artesan\u00eda, ropa y souvenirs, y tiene un ambiente muy animado.<\/p>\n\n\n<div class=\"wp-block-image\">\n<figure class=\"aligncenter size-full is-resized\"><img loading=\"lazy\" decoding=\"async\" width=\"924\" height=\"594\" src=\"https:\/\/www.click-mallorca.com\/blog\/wp-content\/uploads\/2024\/11\/alcudia.mercado.jpg\" alt=\"mercat alcudia\" class=\"wp-image-15990\" style=\"width:800px\" srcset=\"https:\/\/www.click-mallorca.com\/blog\/wp-content\/uploads\/2024\/11\/alcudia.mercado.jpg 924w, https:\/\/www.click-mallorca.com\/blog\/wp-content\/uploads\/2024\/11\/alcudia.mercado-300x193.jpg 300w, https:\/\/www.click-mallorca.com\/blog\/wp-content\/uploads\/2024\/11\/alcudia.mercado-768x494.jpg 768w\" sizes=\"auto, (max-width: 924px) 100vw, 924px\" \/><\/figure><\/div>\n\n\n<p>\ud83d\udc49 <strong>Plan recomendado:<\/strong> despu\u00e9s del mercado, da un paseo por las <strong>murallas medievales de Alc\u00fadia<\/strong> o reserva una <strong>excursi\u00f3n en barco desde el puerto<\/strong> para completar el d\u00eda.<\/p>\n\n\n\n<p>Casi todos los pueblos de Mallorca tienen un mercado semanal, cada uno en un d\u00eda diferente de la semana. Esto significa que hay m\u00e1s que suficiente oportunidad para visitar un mercado en la isla durante sus vacaciones en Mallorca.<\/p>\n\n\n\n<p><\/p>\n\n\n\n<h2 class=\"wp-block-heading parrafo-azul\" id=\"mercado-artesanal-y-agricola-de-mallorca\"><span class=\"ez-toc-section\" id=\"mercados-artesanales-y-agricolas-en-mallorca\"><\/span><strong>Mercados artesanales y agr\u00edcolas en Mallorca<\/strong><span class=\"ez-toc-section-end\"><\/span><\/h2>\n\n\n\n<p>Los amantes del shopping y los curiosos que busquen algo m\u00e1s que sol y playa y que visiten el destino Cap Vermell est\u00e1n de suerte. Todos los d\u00edas se celebra al menos un mercadillo artesanal en los municipios del noreste de Mallorca. Qu\u00e9 mejor plan para disfrutar de un d\u00eda de relax que un paseo por las callejuelas de un pueblo con encanto de Mallorca y perderse entre los puestos de comida local, ropa y productos artesanales.&nbsp;Algunos de nuestros mercados artesanales y agr\u00edcolas favoritos en Mallorca:<\/p>\n\n\n<div class=\"wp-block-image\">\n<figure class=\"aligncenter is-resized\"><img loading=\"lazy\" decoding=\"async\" width=\"872\" height=\"407\" src=\"https:\/\/www.click-mallorca.com\/blog\/wp-content\/uploads\/2019\/02\/que-comprar-mercados-mallorca.png\" alt=\"que comprar mercados mallorca\" class=\"wp-image-2105\" style=\"width:800px\" srcset=\"https:\/\/www.click-mallorca.com\/blog\/wp-content\/uploads\/2019\/02\/que-comprar-mercados-mallorca.png 872w, https:\/\/www.click-mallorca.com\/blog\/wp-content\/uploads\/2019\/02\/que-comprar-mercados-mallorca-300x140.png 300w, https:\/\/www.click-mallorca.com\/blog\/wp-content\/uploads\/2019\/02\/que-comprar-mercados-mallorca-768x358.png 768w\" sizes=\"auto, (max-width: 872px) 100vw, 872px\" \/><\/figure><\/div>\n\n\n<ul class=\"wp-block-list\">\n<li><strong>Mercado de Art\u00e0 (martes).<\/strong> Es, probablemente, el m\u00e1s completo e interesante del noreste de Mallorca. Cuenta con infinidad de puestos dedicados a la artesan\u00eda, cer\u00e1mica, productos decorativos o joyer\u00eda, entre otros, pero tambi\u00e9n ofrece verdura y pescado de primera categor\u00eda. Tambi\u00e9n muy interesante su mercado interior, con una gran selecci\u00f3n de productos alimentarios de Mallorca.<\/li>\n\n\n\n<li><strong>Mercado de Sineu (mi\u00e9rcoles).<\/strong> Uno de los mercados m\u00e1s populares de la isla, y de los m\u00e1s visitados por turistas y excursiones organizadas. Repartidos por el mercado encontramos numerosos puestos de artesanos, agricultores, souvenirs, decoraci\u00f3n\u2026 y en la zona del Fossar, una zona dedicada a los animales, donde podemos ver un gran ambiente.<\/li>\n<\/ul>\n\n\n\n<h2 class=\"wp-block-heading parrafo-azul\"><span class=\"ez-toc-section\" id=\"consejos-practicos-para-visitar-los-mercados-en-mallorca\"><\/span>Consejos pr\u00e1cticos para visitar los mercados en Mallorca<span class=\"ez-toc-section-end\"><\/span><\/h2>\n\n\n\n<p>Visitar un mercado en Mallorca es mucho m\u00e1s que ir de compras: es <strong>una experiencia cultural y gastron\u00f3mica<\/strong>. Para disfrutarla al m\u00e1ximo, aqu\u00ed tienes algunos consejos:<\/p>\n\n\n\n<ul class=\"wp-block-list\">\n<li>\u23f0 <strong>Ve temprano:<\/strong> los mercados suelen celebrarse por la ma\u00f1ana, normalmente de 9:00 a 14:00. A primera hora evitar\u00e1s el calor y las aglomeraciones.<\/li>\n\n\n\n<li>\ud83d\udcb3 <strong>Lleva efectivo:<\/strong> muchos puestos no aceptan tarjeta, as\u00ed que es mejor tener algo de dinero en met\u00e1lico.<\/li>\n\n\n\n<li>\ud83d\udecd\ufe0f <strong>Bolsa reutilizable:<\/strong> trae tu propia bolsa o compra una <strong>senalla mallorquina<\/strong>, el tradicional capazo de palma, perfecto para llevar tus compras.<\/li>\n\n\n\n<li>\ud83d\ude97 <strong>Transporte y aparcamiento:<\/strong> si vas en coche, procura llegar temprano para encontrar sitio cerca. Algunos mercados, como el de Inca o Alc\u00fadia, ofrecen parkings habilitados.<\/li>\n\n\n\n<li>\ud83d\udc5f <strong>Ropa y calzado c\u00f3modo:<\/strong> recuerda que caminar\u00e1s bastante por calles empedradas y plazas concurridas.<\/li>\n\n\n\n<li>\ud83c\udf1e <strong>Verano:<\/strong> usa sombrero, crema solar y agua. Los mercados al aire libre no siempre tienen sombra.<\/li>\n<\/ul>\n\n\n\n<h2 class=\"wp-block-heading parrafo-azul\"><span class=\"ez-toc-section\" id=\"preguntas-frecuentes-sobre-los-mercados-de-mallorca\"><\/span>Preguntas frecuentes sobre los mercados de Mallorca<span class=\"ez-toc-section-end\"><\/span><\/h2>\n\n\n\n<div class=\"schema-faq wp-block-yoast-faq-block\"><div class=\"schema-faq-section\" id=\"faq-question-1758524837505\"><strong class=\"schema-faq-question\">\u00bfCu\u00e1l es el mercado m\u00e1s famoso de Mallorca?<\/strong> <p class=\"schema-faq-answer\">El <strong>mercado de Sineu<\/strong> (mi\u00e9rcoles) es el m\u00e1s antiguo y aut\u00e9ntico, mientras que el <strong>mercado de Inca<\/strong> (jueves) es el m\u00e1s grande. En Palma, el <strong>Mercat de l\u2019Olivar<\/strong> es el m\u00e1s popular entre locales y visitantes.<br\/><\/p> <\/div> <div class=\"schema-faq-section\" id=\"faq-question-1758524859698\"><strong class=\"schema-faq-question\">\u00bfQu\u00e9 mercado visitar un domingo en Mallorca?<\/strong> <p class=\"schema-faq-answer\">El <strong>mercado de Alc\u00fadia<\/strong> y el <strong>mercado de Pollensa<\/strong> son las mejores opciones de domingo. Ambos combinan perfectamente con un paseo cultural por sus cascos hist\u00f3ricos.<br\/><\/p> <\/div> <div class=\"schema-faq-section\" id=\"faq-question-1758524879014\"><strong class=\"schema-faq-question\">\u00bfD\u00f3nde se celebra el mercado m\u00e1s grande de Mallorca?<\/strong> <p class=\"schema-faq-answer\">El mercado m\u00e1s grande se celebra en <strong>Inca cada jueves<\/strong>, ocupando varias calles del centro de la ciudad.<br\/><\/p> <\/div> <div class=\"schema-faq-section\" id=\"faq-question-1758524901651\"><strong class=\"schema-faq-question\">\u00bfQu\u00e9 comprar en los mercados de Mallorca?<\/strong> <p class=\"schema-faq-answer\">Algunos imprescindibles son la <strong>sobrasada<\/strong>, el <strong>aceite de oliva<\/strong>, las <strong>ensaimadas<\/strong>, las <strong>senallas<\/strong> (capazos de palma), las <strong>perlas de Manacor<\/strong> y los <strong>siurells<\/strong> (figuras tradicionales de barro pintadas).<br\/><\/p> <\/div> <div class=\"schema-faq-section\" id=\"faq-question-1758524930775\"><strong class=\"schema-faq-question\">\u00bfQu\u00e9 mercado est\u00e1 m\u00e1s cerca de Palma?<\/strong> <p class=\"schema-faq-answer\">En la capital destacan tres: el <strong>Mercat de l\u2019Olivar<\/strong>, el <strong>Mercat de Santa Catalina<\/strong> y el <strong>Mercat de Pere Garau<\/strong>, abiertos de lunes a s\u00e1bado.<\/p> <\/div> <\/div>\n\n\n\n<h2 class=\"wp-block-heading parrafo-azul\"><span class=\"ez-toc-section\" id=\"conclusion-los-mercados-de-mallorca-una-experiencia-imprescindible-en-tu-viaje\"><\/span>Conclusi\u00f3n: los mercados de Mallorca, una experiencia imprescindible en tu viaje<span class=\"ez-toc-section-end\"><\/span><\/h2>\n\n\n\n<p>Visitar los <strong>mercados de Mallorca<\/strong> es una de las formas m\u00e1s aut\u00e9nticas de conocer la isla. Cada pueblo tiene su cita semanal, y en ellos descubrir\u00e1s desde productos frescos de la huerta hasta artesan\u00eda tradicional, ropa mallorquina, perlas de Manacor o dulces t\u00edpicos como la ensaimada. Adem\u00e1s, muchos mercados se celebran en entornos \u00fanicos, como el casco hist\u00f3rico amurallado de Alc\u00fadia, la plaza central de S\u00f3ller o el coraz\u00f3n de Palma con el Mercat de l\u2019Olivar.<\/p>\n\n\n\n<p>En <strong>Click Mallorca<\/strong>, como empresa local experta en excursiones y actividades, te recomendamos incluir al menos uno de estos mercados en tu itinerario de vacaciones. No solo har\u00e1s compras, sino que vivir\u00e1s una experiencia cultural y gastron\u00f3mica \u00fanica, que podr\u00e1s combinar con visitas a pueblos, playas o excursiones cercanas.<\/p>\n\n\n<div class=\"n2-section-smartslider fitvidsignore  n2_clear\" data-ssid=\"30\" tabindex=\"0\" role=\"region\" aria-label=\"Slider\"><div id=\"n2-ss-30-align\" class=\"n2-ss-align\"><div class=\"n2-padding\"><div id=\"n2-ss-30\" data-creator=\"Smart Slider 3\" data-responsive=\"auto\" class=\"n2-ss-slider n2-ow n2-has-hover n2notransition  \">\n        <div class=\"n2-ss-slider-1 n2-ow\">\n            <div class=\"n2-ss-slider-2 n2-ow\">\n                <div class=\"n2-ss-slide-backgrounds n2-ow-all\"><div class=\"n2-ss-slide-background\" data-public-id=\"1\" data-mode=\"fill\"><div class=\"n2-ss-slide-background-image\" data-blur=\"0\" data-opacity=\"50\" data-x=\"63\" data-y=\"40\" data-alt=\"excursiones en mallorca\" data-title=\"excursiones en mallorca\" style=\"opacity:0.5;--ss-o-pos-x:63%;--ss-o-pos-y:40%\"><picture class=\"skip-lazy\" data-skip-lazy=\"1\"><img decoding=\"async\" src=\"\/\/www.click-mallorca.com\/blog\/wp-content\/uploads\/2022\/12\/mallorca.jpg\" alt=\"excursiones en mallorca\" title=\"excursiones en mallorca\" loading=\"lazy\" class=\"skip-lazy\" data-skip-lazy=\"1\"><\/picture><\/div><div data-color=\"RGBA(60,60,60,1)\" style=\"background-color: RGBA(60,60,60,1);\" class=\"n2-ss-slide-background-color\"><\/div><\/div><\/div>                <div class=\"n2-ss-slider-3 n2-ow\">\n                    <svg xmlns=\"http:\/\/www.w3.org\/2000\/svg\" viewBox=\"0 0 1220 312\" data-related-device=\"desktopPortrait\" class=\"n2-ow n2-ss-preserve-size n2-ss-preserve-size--slider n2-ss-slide-limiter\"><\/svg><div data-first=\"1\" data-slide-duration=\"0\" data-id=\"31\" data-slide-public-id=\"1\" data-title=\"canoeing\" class=\"n2-ss-slide n2-ow  n2-ss-slide-31\"><div role=\"note\" class=\"n2-ss-slide--focus\" tabindex=\"-1\">canoeing<\/div><div class=\"n2-ss-layers-container n2-ss-slide-limiter n2-ow\"><div class=\"n2-ss-layer n2-ow n-uc-gX9XevYiYu30\" data-sstype=\"slide\" data-pm=\"default\"><div class=\"n2-ss-layer n2-ow n-uc-MCYhSbPgMkmP\" data-pm=\"default\" data-sstype=\"content\" data-hasbackground=\"0\"><div class=\"n2-ss-section-main-content n2-ss-layer-with-background n2-ss-layer-content n2-ow n-uc-MCYhSbPgMkmP-inner\"><div class=\"n2-ss-layer n2-ow n-uc-eSUaWcHMI6iY\" data-pm=\"normal\" data-sstype=\"layer\"><div id=\"n2-ss-30item1\" class=\"n2-font-a5e2522f416001c57981fbde2ee9382f-hover   n2-ss-item-content n2-ss-text n2-ow\" style=\"display:block;\">Excursiones y actividades en Mallorca<\/div><\/div><div class=\"n2-ss-layer n2-ow n-uc-kIZfPsZYeaHM\" data-pm=\"normal\" data-sstype=\"layer\"><div id=\"n2-ss-30item2\" class=\"n2-font-e444516f3cd201d3c6c7798a5ce0ed55-hover   n2-ss-item-content n2-ss-text n2-ow\" style=\"display:block;\">La mejor selecci\u00f3n de excursiones, paseos en barco y tours en Mallorca.<\/div><\/div><div class=\"n2-ss-layer n2-ow n-uc-vaKJAa2UoYTh\" data-pm=\"normal\" data-sstype=\"layer\"><div class=\"n2-ss-button-container n2-ss-item-content n2-ow n2-font-aa17aaeef61b48c1ce9107526e93a5f5-link  n2-ss-nowrap\"><a class=\"n2-style-91de29be64dbe428acccb3b339585304-heading  n2-ow \" href=\"https:\/\/www.click-mallorca.com\/\"><div><div>Informaci\u00f3n y Tickets<\/div><\/div><\/a><\/div><\/div><\/div><\/div><\/div><\/div><\/div>                <\/div>\n                            <\/div>\n        <\/div>\n        <\/div><ss3-loader><\/ss3-loader><\/div><\/div><div class=\"n2_clear\"><\/div><\/div>\n\n\n<p>\ud83d\udca1 <strong>Descubre m\u00e1s en Click Mallorca:<\/strong> en nuestra web encontrar\u00e1s una amplia selecci\u00f3n de <strong>excursiones, tours y actividades en Mallorca<\/strong>. Desde paseos en barco y rutas de senderismo hasta visitas guiadas a Palma o experiencias gastron\u00f3micas, tenemos planes para todos los gustos. Haz clic en el banner y empieza a planear tu viaje con nosotros.<\/p>\n\n\n\n<hr class=\"wp-block-separator has-text-color has-vivid-cyan-blue-color has-alpha-channel-opacity has-vivid-cyan-blue-background-color has-background is-style-wide\"\/>\n\n\n<div class=\"su-box su-box-style-default\" id=\"\" style=\"border-color:#0055cc;border-radius:3px;\"><div class=\"su-box-title\" style=\"background-color:#1188ff;color:#FFFFFF;border-top-left-radius:1px;border-top-right-radius:1px\">Planifica tu escapada a Mallorca<\/div><div class=\"su-box-content su-u-clearfix su-u-trim\" style=\"border-bottom-left-radius:1px;border-bottom-right-radius:1px\">\n<div class=\"content-box-area\">\n<div class=\"content-item\">\n        <span class=\"c-icon\"><i class=\"fas fa-camera\"><\/i><\/span><br \/>\n<span>Las mejores opciones para pasarlo bien en Mallorca: <a href=\"https:\/\/www.click-mallorca.com\/\">Excursiones en Mallorca<\/a><\/span><\/div>\n<div class=\"content-item\">\n        <span class=\"c-icon\"><i class=\"fas fa-bed\"><\/i><\/span><br \/>\n<span>Hoteles donde alojarte con cancelaci\u00f3n gratuita y al mejor precio: <a href=\"https:\/\/www.expedia.com\/affiliate\/RshNCLb region=767&amp;aid=2108356&amp;no_rooms=1&amp;group_adults=2\" rel=\"nofollow\">Hoteles en Mallorca<\/a><\/span><\/div>\n<div class=\"content-item\">\n        <span class=\"c-icon\"><i class=\"fas fa-car\"><\/i><\/span><br \/>\n<span>Alquila coches a los mejores precios. <a href=\"https:\/\/www.rentcars.com\/es\/?requestorid=5324&amp;utm_source=www.click-mallorca.com&amp;utm_medium=afiliado-link\" rel=\"nofollow\">Alquiler de coches en Mallorca<\/a><\/span><\/div>\n<div class=\"content-item\">\n        <span class=\"c-icon\"><i class=\"fas fa-plane\"><\/i><\/span><br \/>\n<span>Encuentra vuelos al mejor precio hacia Mallorca: <a href=\"https:\/\/skyscanner.pxf.io\/c\/3171348\/1027991\/13416?associateid=AFF_TRA_19354_00001\" rel=\"nofollow\">Vuelos a Mallorca<\/a><\/span><\/div>\n<div class=\"content-item\">\n        <span class=\"c-icon\"><i class=\"fas fa-ship\"><\/i><\/span><br \/>\n<span>Salidas y tours en barco y catamaran: <a href=\"https:\/\/www.click-mallorca.com\/actividades\/mallorca-paseos-barca-catamaran\/\">Excursiones en barco<\/a><\/span><\/div>\n<div class=\"content-item\">\n        <span class=\"c-icon\"><i class=\"fas fa-map\"><\/i><\/span><br \/>\n<span>Seguro de viaje: <a href=\"http:\/\/www.iatiseguros.com\/?r=67694918520896\">descuento en tu seguro IATI de un 5%<\/a><\/span><\/div>\n<\/div>\n<\/div><\/div>\n<!-- AddThis Advanced Settings generic via filter on the_content --><!-- AddThis Share Buttons generic via filter on the_content -->","protected":false},"excerpt":{"rendered":"<p>Visitar los mercados de Mallorca es una experiencia \u00fanica: tradici\u00f3n, ambiente local y productos aut\u00e9nticos. En esta gu\u00eda te contamos qu\u00e9 mercados hay cada d\u00eda, cu\u00e1les son los m\u00e1s recomendados y qu\u00e9 planes puedes combinar para aprovechar tu viaje al m\u00e1ximo.<!-- AddThis Advanced Settings generic via filter on get_the_excerpt --><!-- AddThis Share Buttons generic via filter on get_the_excerpt --><\/p>\n","protected":false},"author":2,"featured_media":19341,"comment_status":"open","ping_status":"open","sticky":false,"template":"","format":"standard","meta":{"footnotes":""},"categories":[40],"tags":[],"class_list":["post-2101","post","type-post","status-publish","format-standard","has-post-thumbnail","hentry","category-sitios"],"lang":"es","translations":{"es":2101,"de":19314,"en":19346},"pll_sync_post":[],"_links":{"self":[{"href":"https:\/\/www.click-mallorca.com\/blog\/wp-json\/wp\/v2\/posts\/2101","targetHints":{"allow":["GET"]}}],"collection":[{"href":"https:\/\/www.click-mallorca.com\/blog\/wp-json\/wp\/v2\/posts"}],"about":[{"href":"https:\/\/www.click-mallorca.com\/blog\/wp-json\/wp\/v2\/types\/post"}],"author":[{"embeddable":true,"href":"https:\/\/www.click-mallorca.com\/blog\/wp-json\/wp\/v2\/users\/2"}],"replies":[{"embeddable":true,"href":"https:\/\/www.click-mallorca.com\/blog\/wp-json\/wp\/v2\/comments?post=2101"}],"version-history":[{"count":14,"href":"https:\/\/www.click-mallorca.com\/blog\/wp-json\/wp\/v2\/posts\/2101\/revisions"}],"predecessor-version":[{"id":20557,"href":"https:\/\/www.click-mallorca.com\/blog\/wp-json\/wp\/v2\/posts\/2101\/revisions\/20557"}],"wp:featuredmedia":[{"embeddable":true,"href":"https:\/\/www.click-mallorca.com\/blog\/wp-json\/wp\/v2\/media\/19341"}],"wp:attachment":[{"href":"https:\/\/www.click-mallorca.com\/blog\/wp-json\/wp\/v2\/media?parent=2101"}],"wp:term":[{"taxonomy":"category","embeddable":true,"href":"https:\/\/www.click-mallorca.com\/blog\/wp-json\/wp\/v2\/categories?post=2101"},{"taxonomy":"post_tag","embeddable":true,"href":"https:\/\/www.click-mallorca.com\/blog\/wp-json\/wp\/v2\/tags?post=2101"}],"curies":[{"name":"wp","href":"https:\/\/api.w.org\/{rel}","templated":true}]}}