{"id":4011,"date":"2021-01-29T07:59:57","date_gmt":"2021-01-29T07:59:57","guid":{"rendered":"https:\/\/www.click-mallorca.com\/blog\/?p=4011"},"modified":"2025-03-12T10:42:08","modified_gmt":"2025-03-12T10:42:08","slug":"ruta-de-los-fenicios-en-mallorca","status":"publish","type":"post","link":"https:\/\/www.click-mallorca.com\/blog\/rincones\/ruta-de-los-fenicios-en-mallorca\/","title":{"rendered":"Ruta de los Fenicios en Mallorca"},"content":{"rendered":"\n<p>No todo es sol y playa en Mallorca. Hay muchas cosas por descubrir, como <strong>la ruta Fenicia en Mallorca<\/strong> que os traemos en este art\u00edculo. La ruta fenicia en Mallorca se enmarca en el proceso de expansi\u00f3n comercial por el Mediterr\u00e1neo de los fenicios, y posteriormente de los p\u00fanicos (herederos de colonias fenicias). Todo el legado cultural y arqueol\u00f3gico que dejaron en esa expansi\u00f3n son la base de la ruta fenicia. En las Islas Baleares fue especialmente importante en Ibiza, si bien la presencia de p\u00fanicos y fenicios fue destacable en Mallorca.<\/p>\n\n\n\n<p>Para hacernos una idea de su importancia, <strong><em>el consejo europeo cre\u00f3 en 2004 la ruta de los fenicios<\/em><\/strong> que pasa por 18 pa\u00edses y 80 ciudades de 3 continentes. La AETIB (agencia de estrategia tur\u00edstica de les Illes Balears) a finales de 2020 se ha incorporado como socio, en la <strong><em>Asociaci\u00f3n de la Red espa\u00f1ola de la Ruta de los Fenicios, <\/em><\/strong>lo cual servir\u00e1 para que haya una mayor promoci\u00f3n en Mallorca. En este art\u00edculo contribuimos a dar visibilidad y valor a ese legado que tenemos en Mallorca, y os animamos a hacer una excursi\u00f3n en Mallorca por algunos de los asentamientos fenicios que mencionaremos.<\/p>\n\n\n<div class=\"wp-block-image is-resized\">\n<figure class=\"aligncenter size-large\"><img loading=\"lazy\" decoding=\"async\" width=\"724\" height=\"1024\" src=\"https:\/\/www.click-mallorca.com\/blog\/wp-content\/uploads\/2021\/01\/regata-punica-mallorca-ruta-fenicios-724x1024.jpg\" alt=\"ruta mar\u00edtima fenicios mallorca\" class=\"wp-image-4085\" srcset=\"https:\/\/www.click-mallorca.com\/blog\/wp-content\/uploads\/2021\/01\/regata-punica-mallorca-ruta-fenicios-724x1024.jpg 724w, https:\/\/www.click-mallorca.com\/blog\/wp-content\/uploads\/2021\/01\/regata-punica-mallorca-ruta-fenicios-212x300.jpg 212w, https:\/\/www.click-mallorca.com\/blog\/wp-content\/uploads\/2021\/01\/regata-punica-mallorca-ruta-fenicios-768x1086.jpg 768w, https:\/\/www.click-mallorca.com\/blog\/wp-content\/uploads\/2021\/01\/regata-punica-mallorca-ruta-fenicios.jpg 908w\" sizes=\"auto, (max-width: 724px) 100vw, 724px\" \/><figcaption class=\"wp-element-caption\"><strong>Iniciativas interesantes<\/strong>: Traves\u00eda N\u00e1utica en 2018 sin \u00e1nimo de competici\u00f3n, para barcos de 6 a 12 metros de eslora, est\u00e1 organizada por la Asociaci\u00f3n Amics de Na Galera, los Ayuntamientos de Ses Salines y Palma, los clubs Nauticos de Can Pastilla y la Rapita y la Asociaci\u00f3n hotelera de la Colonia de Sant Jordi.<\/figcaption><\/figure><\/div>\n\n\n<p>Quisi\u00e9ramos tambi\u00e9n dar la enhorabuena a diferentes asociaciones que est\u00e1n contribuyendo a investigar y promocionar el pasado fenicio en Mallorca, y especialmente, <a href=\"https:\/\/nagalerapunica.wordpress.com\/\">Amics de la Galera<\/a> por su gran labor y por el pr\u00f3ximo lanzamiento de la aplicaci\u00f3n Arqueon\u00e1utica que incluir\u00e1 rutas n\u00e1uticas y terrestres relacionadas con los fenicios en Mallorca y resto de islas de las Baleares.<\/p>\n\n\n\n<p><\/p>\n\n\n\n<div id=\"ez-toc-container\" class=\"ez-toc-v2_0_72 counter-hierarchy ez-toc-counter ez-toc-light-blue ez-toc-container-direction\">\n<label for=\"ez-toc-cssicon-toggle-item-69f74eaf6c960\" class=\"ez-toc-cssicon-toggle-label\"><span class=\"\"><span class=\"eztoc-hide\" style=\"display:none;\">Toggle<\/span><span class=\"ez-toc-icon-toggle-span\"><svg style=\"fill: #999;color:#999\" xmlns=\"http:\/\/www.w3.org\/2000\/svg\" class=\"list-377408\" width=\"20px\" height=\"20px\" viewBox=\"0 0 24 24\" fill=\"none\"><path d=\"M6 6H4v2h2V6zm14 0H8v2h12V6zM4 11h2v2H4v-2zm16 0H8v2h12v-2zM4 16h2v2H4v-2zm16 0H8v2h12v-2z\" fill=\"currentColor\"><\/path><\/svg><svg style=\"fill: #999;color:#999\" class=\"arrow-unsorted-368013\" xmlns=\"http:\/\/www.w3.org\/2000\/svg\" width=\"10px\" height=\"10px\" viewBox=\"0 0 24 24\" version=\"1.2\" baseProfile=\"tiny\"><path d=\"M18.2 9.3l-6.2-6.3-6.2 6.3c-.2.2-.3.4-.3.7s.1.5.3.7c.2.2.4.3.7.3h11c.3 0 .5-.1.7-.3.2-.2.3-.5.3-.7s-.1-.5-.3-.7zM5.8 14.7l6.2 6.3 6.2-6.3c.2-.2.3-.5.3-.7s-.1-.5-.3-.7c-.2-.2-.4-.3-.7-.3h-11c-.3 0-.5.1-.7.3-.2.2-.3.5-.3.7s.1.5.3.7z\"\/><\/svg><\/span><\/span><\/label><input type=\"checkbox\"  id=\"ez-toc-cssicon-toggle-item-69f74eaf6c960\"  aria-label=\"Toggle\" \/><nav><ul class='ez-toc-list ez-toc-list-level-1 ' ><li class='ez-toc-page-1 ez-toc-heading-level-2'><a class=\"ez-toc-link ez-toc-heading-1\" href=\"https:\/\/www.click-mallorca.com\/blog\/rincones\/ruta-de-los-fenicios-en-mallorca\/#los-fenicios-en-mallorca\" title=\"Los fenicios en Mallorca\">Los fenicios en Mallorca<\/a><\/li><li class='ez-toc-page-1 ez-toc-heading-level-2'><a class=\"ez-toc-link ez-toc-heading-2\" href=\"https:\/\/www.click-mallorca.com\/blog\/rincones\/ruta-de-los-fenicios-en-mallorca\/#asentamientos-fenicios-en-mallorca\" title=\"Asentamientos fenicios en Mallorca\">Asentamientos fenicios en Mallorca<\/a><ul class='ez-toc-list-level-3' ><li class='ez-toc-heading-level-3'><a class=\"ez-toc-link ez-toc-heading-3\" href=\"https:\/\/www.click-mallorca.com\/blog\/rincones\/ruta-de-los-fenicios-en-mallorca\/#na-galera\" title=\"Na Galera\">Na Galera<\/a><\/li><li class='ez-toc-page-1 ez-toc-heading-level-3'><a class=\"ez-toc-link ez-toc-heading-4\" href=\"https:\/\/www.click-mallorca.com\/blog\/rincones\/ruta-de-los-fenicios-en-mallorca\/#na-guardis\" title=\"Na Guardis\">Na Guardis<\/a><\/li><li class='ez-toc-page-1 ez-toc-heading-level-3'><a class=\"ez-toc-link ez-toc-heading-5\" href=\"https:\/\/www.click-mallorca.com\/blog\/rincones\/ruta-de-los-fenicios-en-mallorca\/#cementerio-fenicio-en-son-real\" title=\"Cementerio Fenicio en Son Real\">Cementerio Fenicio en Son Real<\/a><\/li><li class='ez-toc-page-1 ez-toc-heading-level-3'><a class=\"ez-toc-link ez-toc-heading-6\" href=\"https:\/\/www.click-mallorca.com\/blog\/rincones\/ruta-de-los-fenicios-en-mallorca\/#illot-dels-porros\" title=\"Illot dels Porros\">Illot dels Porros<\/a><\/li><li class='ez-toc-page-1 ez-toc-heading-level-3'><a class=\"ez-toc-link ez-toc-heading-7\" href=\"https:\/\/www.click-mallorca.com\/blog\/rincones\/ruta-de-los-fenicios-en-mallorca\/#puig-de-na-morisca\" title=\"Puig de Na Morisca\">Puig de Na Morisca<\/a><\/li><li class='ez-toc-page-1 ez-toc-heading-level-3'><a class=\"ez-toc-link ez-toc-heading-8\" href=\"https:\/\/www.click-mallorca.com\/blog\/rincones\/ruta-de-los-fenicios-en-mallorca\/#illot-den-sales\" title=\"Illot den Sales\">Illot den Sales<\/a><\/li><\/ul><\/li><\/ul><\/nav><\/div>\n<h2 class=\"wp-block-heading parrafo-azul\"><span class=\"ez-toc-section\" id=\"los-fenicios-en-mallorca\"><\/span>Los fenicios en Mallorca<span class=\"ez-toc-section-end\"><\/span><\/h2>\n\n\n\n<p>No es nuestro objetivo hacer una larga explicaci\u00f3n sobre la historia de los fenicios, porque no somos expertos en historia, sino expertos en excursiones en Mallorca. Pero creemos que es necesario una breve introducci\u00f3n a los fenicios y su relaci\u00f3n con Mallorca, para entender mejor la importancia de la ruta fenicia en Mallorca.<\/p>\n\n\n<div class=\"wp-block-image\">\n<figure class=\"aligncenter size-large\"><img loading=\"lazy\" decoding=\"async\" width=\"1024\" height=\"460\" src=\"https:\/\/www.click-mallorca.com\/blog\/wp-content\/uploads\/2021\/01\/mapa-ruta-de-los-fenicios.png\" alt=\"ruta fenicios en Mallorca\" class=\"wp-image-4094\" srcset=\"https:\/\/www.click-mallorca.com\/blog\/wp-content\/uploads\/2021\/01\/mapa-ruta-de-los-fenicios.png 1024w, https:\/\/www.click-mallorca.com\/blog\/wp-content\/uploads\/2021\/01\/mapa-ruta-de-los-fenicios-300x135.png 300w, https:\/\/www.click-mallorca.com\/blog\/wp-content\/uploads\/2021\/01\/mapa-ruta-de-los-fenicios-768x345.png 768w\" sizes=\"auto, (max-width: 1024px) 100vw, 1024px\" \/><figcaption class=\"wp-element-caption\">Mapa ruta comerciales de los fenicios, Autor imagen:&nbsp;Rodrigu\u00edn<\/figcaption><\/figure><\/div>\n\n\n<p>Los fenicios habitaron la costa del pr\u00f3ximo Oriente, y desde all\u00ed comercializaron con muchos de los pueblos que habitaban en las costas del Mar Mediterr\u00e1neo. Su importancia no fue tan grande en Mallorca c\u00f3mo lo fue en Ibiza, que fue un punto estrat\u00e9gico en las rutas de navegaci\u00f3n en el Mediterr\u00e1neo. De hecho, alrededor del 654 a.n.e. fundaron Ibosim (la actual ciudad de Ibiza), que fue muy importante c\u00f3mo centro de redistribuci\u00f3n de mercanc\u00edas e incluso de producci\u00f3n propia.<\/p>\n\n\n\n<p>Una de las colonias fenicias m\u00e1s importantes fue Cartago  (los cartagineses son conocidos tambi\u00e9n c\u00f3mo p\u00fanicos). Cartago se fund\u00f3 en el s.VII y su influencia sobre Ibiza fue a partir del s.VI-V. Desde Cartago, muchos fenicios emigraron a Ibiza, e impulsaron el comercio. Desde finales del siglo V a.n.e hasta el siglo II a.n.e los fenicios dominaron el comercio y los intercambios con los ind\u00edgenas mallorquines.<\/p>\n\n\n\n<p>La conquista romana, con su posterior organizaci\u00f3n, puso fin a la influencia fenicia y al uso de los islotes costeros c\u00f3mo hac\u00edan los fenicios, al trasladarse la actividad a tierra firme.<\/p>\n\n\n\n<h2 class=\"wp-block-heading parrafo-azul\"><span class=\"ez-toc-section\" id=\"asentamientos-fenicios-en-mallorca\"><\/span>Asentamientos fenicios en Mallorca<span class=\"ez-toc-section-end\"><\/span><\/h2>\n\n\n\n<p>Muchos de los primeros asentamientos fenicios en Mallorca fueron en islotes pr\u00f3ximos a la costa. Normalmente eran simpes factor\u00edas o centro de comercio \/ almacenes donde se recib\u00edan los productos ind\u00edgenas para luego distribuirse en las rutas de navegaci\u00f3n de los fenicios, o incluso para convertirlos en diferentes objetos antes de su distribuci\u00f3n. Algunos de los principales asentamientos fenicios en Mallorca fueron:<\/p>\n\n\n<div class=\"wp-block-image\">\n<figure class=\"aligncenter size-large\"><img loading=\"lazy\" decoding=\"async\" width=\"800\" height=\"528\" src=\"https:\/\/www.click-mallorca.com\/blog\/wp-content\/uploads\/2021\/01\/na-galera-asentamiento-fenicio.jpg\" alt=\"asentamiento fenicio Na Galera en Mallorca\" class=\"wp-image-4088\" srcset=\"https:\/\/www.click-mallorca.com\/blog\/wp-content\/uploads\/2021\/01\/na-galera-asentamiento-fenicio.jpg 800w, https:\/\/www.click-mallorca.com\/blog\/wp-content\/uploads\/2021\/01\/na-galera-asentamiento-fenicio-300x198.jpg 300w, https:\/\/www.click-mallorca.com\/blog\/wp-content\/uploads\/2021\/01\/na-galera-asentamiento-fenicio-768x507.jpg 768w\" sizes=\"auto, (max-width: 800px) 100vw, 800px\" \/><\/figure><\/div>\n\n\n<h3 class=\"wp-block-heading\"><span class=\"ez-toc-section\" id=\"na-galera\"><\/span>Na Galera<span class=\"ez-toc-section-end\"><\/span><\/h3>\n\n\n\n<p>Na Galera es posiblemente el asentamiento fenicio m\u00e1s importante en Mallorca. Se encuentra situado cerca del Puro Beach en Can Pastilla. Si bien pertenece a la \u00e9poca fenicia de entre el siglo IV y II a.n.e., no fue hasta 2012 cuando se empez\u00f3 una importante labor de excavaci\u00f3n e investigaci\u00f3n del yacimiento fenicio.<\/p>\n\n\n\n<figure class=\"wp-block-image size-large\"><img loading=\"lazy\" decoding=\"async\" width=\"1024\" height=\"392\" src=\"https:\/\/www.click-mallorca.com\/blog\/wp-content\/uploads\/2021\/01\/na-galera-1024x392.jpg\" alt=\"na galera\" class=\"wp-image-4355\" srcset=\"https:\/\/www.click-mallorca.com\/blog\/wp-content\/uploads\/2021\/01\/na-galera-1024x392.jpg 1024w, https:\/\/www.click-mallorca.com\/blog\/wp-content\/uploads\/2021\/01\/na-galera-300x115.jpg 300w, https:\/\/www.click-mallorca.com\/blog\/wp-content\/uploads\/2021\/01\/na-galera-768x294.jpg 768w, https:\/\/www.click-mallorca.com\/blog\/wp-content\/uploads\/2021\/01\/na-galera.jpg 1055w\" sizes=\"auto, (max-width: 1024px) 100vw, 1024px\" \/><\/figure>\n\n\n\n<p>Na Galera no era visitado c\u00f3mo un asentamiento, pues no hay indicios de que haya sido habitado, ni tampoco indicios de que se dedicar\u00e1 al comercio. Era un lugar para ofrendas y rituales en base al material encontrado. Lo que hace \u00fanico el yacimiento es que es el \u00fanico centro ceremonial del siglo III y II a.n.e que se conserva en todo el Mediterr\u00e1neo. Est\u00e1 previsto que en los pr\u00f3ximos a\u00f1os, se contin\u00faen con las excavaciones para conocer mucho m\u00e1s de su papel en la \u00e9poca de los fenicios en Mallorca<\/p>\n\n\n\n<p>Si bien podemos llegar nadando hasta el islote, una interesante sugerencia es <a href=\"https:\/\/www.click-mallorca.com\/excursiones\/alquiler-kayak-mallorca\/\">alquilar un kayak en Can Pastilla<\/a>, para hacer una ruta de dos horas por la costa, visitando el islote.<\/p>\n\n\n<div class=\"wp-block-image\">\n<figure class=\"aligncenter size-large\"><img loading=\"lazy\" decoding=\"async\" width=\"1002\" height=\"539\" src=\"https:\/\/www.click-mallorca.com\/blog\/wp-content\/uploads\/2021\/01\/na-guardis.jpg\" alt=\"Na Guardis\" class=\"wp-image-4091\" srcset=\"https:\/\/www.click-mallorca.com\/blog\/wp-content\/uploads\/2021\/01\/na-guardis.jpg 1002w, https:\/\/www.click-mallorca.com\/blog\/wp-content\/uploads\/2021\/01\/na-guardis-300x161.jpg 300w, https:\/\/www.click-mallorca.com\/blog\/wp-content\/uploads\/2021\/01\/na-guardis-768x413.jpg 768w\" sizes=\"auto, (max-width: 1002px) 100vw, 1002px\" \/><figcaption class=\"wp-element-caption\">Foto via https:\/\/idealisla.com\/properties\/na-guardis\/<\/figcaption><\/figure><\/div>\n\n\n<h3 class=\"wp-block-heading\"><span class=\"ez-toc-section\" id=\"na-guardis\"><\/span>Na Guardis<span class=\"ez-toc-section-end\"><\/span><\/h3>\n\n\n\n<p>Na Guardis es peque\u00f1o islote con un yacimiento fenicio que fue descubierto en 1981, si bien de momento s\u00f3lo se ha excavado el 30%. Est\u00e1 previsto que en los pr\u00f3ximos a\u00f1os se siga con la excavaci\u00f3n, que a buen seguro permitir\u00e1 descubrir mucho m\u00e1s sobre este asentamiento fenicio en Mallorca. Al parecer, fue un punto comercial que ten\u00edan los p\u00fanicos de Ibiza en la isla de Mallorca, y que fue abandonado cuando los romanos invadieron las Baleares.<\/p>\n\n\n\n<p>Durante las excavaciones, se encontr\u00f3 un edificio de origen fenicio de planta rectangular, con dependencias c\u00f3mo un taller, almac\u00e9n y vivienda. La hip\u00f3tesis sobre los hallazgos es que fue una factor\u00eda comercial de metales. Desde aqu\u00ed, los fenicios se acercaban a la costa para comerciar con los ind\u00edgenas de Mallorca.<\/p>\n\n\n\n<p>Podemos llegar al islote de Na Guardis, situado cerca de la Colonia de Sant Jordi, ya sea nadando, en barco o incluso en kayak. De hecho una bonita excursi\u00f3n en Mallorca puede ser alquilar un kayak en Colonia de Sant Jordi, para visitar este islote y despu\u00e9s llegar hasta la playa de Es Caragol y Es Carbo.<\/p>\n\n\n<div class=\"wp-block-image\">\n<figure class=\"aligncenter size-full\"><img loading=\"lazy\" decoding=\"async\" width=\"1649\" height=\"952\" src=\"https:\/\/www.click-mallorca.com\/blog\/wp-content\/uploads\/2021\/01\/cementerio-fenicio-en-mallorca-1.jpg\" alt=\"cementerio fenicio en mallorca\" class=\"wp-image-17404\"\/><\/figure><\/div>\n\n\n<h3 class=\"wp-block-heading\"><span class=\"ez-toc-section\" id=\"cementerio-fenicio-en-son-real\"><\/span>Cementerio Fenicio en Son Real<span class=\"ez-toc-section-end\"><\/span><\/h3>\n\n\n\n<p>La necr\u00f3polis de Son Real, tambi\u00e9n conocida c\u00f3mo el cementerio de los fenicios es un cementerio \u00fanico por sus tumbas monumentales, ya que lo habitual era en cuevas e hipogeos. Estas tumbas se destinaron, entre los siglos VII y II a.n.e., a enterrar sobre todo a las clases altas de las comunidades locales. Las tumbas imitaban en peque\u00f1o a los talaiots. Al parecer tiene un car\u00e1cter simb\u00f3lico frente al mar, con el objetivo de ayudar a los muertos a empezar su trayecto a una nueva vida por el mar.<\/p>\n\n\n\n<p>El cementerio fue excavado en su totalidad entre 1957-69 y 1998-2019, descubri\u00e9ndose 143 tumbas. Se recuperaron restos \u00f3seos de m\u00e1s de 425 personas, junto con cer\u00e1micas, huesos, armas, vidrio, metales\u2026<\/p>\n\n\n\n<p>Podemos llegar al cementerio fenicio desde dos lugares, y ambas son perfectas excursiones en Mallorca para pasar el d\u00eda:<\/p>\n\n\n\n<ul class=\"wp-block-list\">\n<li>Desde la playa de Son Baulo parte un sendero bordeando la costa que te llevar\u00e1 al cementerio.<\/li>\n\n\n\n<li>Desde la Finca de Son Real hay diferentes rutas que te llevan hasta el cementerio, y luego podemos visitar las casas de Son Real donde hay restos de la excavaci\u00f3n.<\/li>\n<\/ul>\n\n\n\n<p><strong>\u00bfsab\u00e9is lo m\u00e1s interesante de este lugar?<\/strong> Es una necr\u00f3polis del talay\u00f3tico tard\u00edo sin relaci\u00f3n con el mundo fenicio o p\u00fanico. \u00bfPor qu\u00e9 tiene ese nombre que lleva a confusi\u00f3n? Sinceramente, no lo sabemos.<\/p>\n\n\n\n<h3 class=\"wp-block-heading\"><span class=\"ez-toc-section\" id=\"illot-dels-porros\"><\/span>Illot dels Porros<span class=\"ez-toc-section-end\"><\/span><\/h3>\n\n\n\n<p>A apenas 100 metros enfrente del cementerio fenicio de Son Real y de la Punta dels Fenicis, encontramos este peque\u00f1o islote, que es la continuaci\u00f3n de la necr\u00f3polis. Se trataba de tres cuartos \/ sepulturas para enterramientos colectivos, con capacidad para unas 230 personas cada uno. De hecho, se han encontrado restos de unas 270 personas. La superficie de la necr\u00f3polis es de unos 450 metros cuadrados.<\/p>\n\n\n<div class=\"wp-block-image\">\n<figure class=\"aligncenter size-large\"><img loading=\"lazy\" decoding=\"async\" width=\"1024\" height=\"571\" src=\"https:\/\/www.click-mallorca.com\/blog\/wp-content\/uploads\/2021\/01\/puig-morisca-1024x571.jpg\" alt=\"Fenicios en Mallorca\" class=\"wp-image-4093\" srcset=\"https:\/\/www.click-mallorca.com\/blog\/wp-content\/uploads\/2021\/01\/puig-morisca-1024x571.jpg 1024w, https:\/\/www.click-mallorca.com\/blog\/wp-content\/uploads\/2021\/01\/puig-morisca-300x167.jpg 300w, https:\/\/www.click-mallorca.com\/blog\/wp-content\/uploads\/2021\/01\/puig-morisca-768x428.jpg 768w, https:\/\/www.click-mallorca.com\/blog\/wp-content\/uploads\/2021\/01\/puig-morisca.jpg 1159w\" sizes=\"auto, (max-width: 1024px) 100vw, 1024px\" \/><\/figure><\/div>\n\n\n<h3 class=\"wp-block-heading\"><span class=\"ez-toc-section\" id=\"puig-de-na-morisca\"><\/span>Puig de Na Morisca<span class=\"ez-toc-section-end\"><\/span><\/h3>\n\n\n\n<p>En la zona de Santa Ponsa encontramos el Puig de na Morisca que cuenta con un parque arqueol\u00f3gico. En sus excavaciones se encontr\u00f3 material de la \u00e9poca fenicia y p\u00fanica, y se ha establecido que a partir del siglo IV a.n.e. tuvo una importante relaci\u00f3n comercial con Ebussus. Posiblemente las mercanc\u00edas llegaban al puerto natural de Sa Caleta, y desde all\u00ed se llevaban al Puig de na Morisca, desde donde se distribu\u00edan a otros poblados.<\/p>\n\n\n\n<p>Se puede acceder al Puig de Na Morisca y a su parque arqueol\u00f3gico libremente. Si queremos combinar su visita con una excursi\u00f3n de un d\u00eda en Mallorca, podemos empezar haciendo una excursi\u00f3n a la Dragonera, y finalizar con la visita a este asentamiento fenicio. Desde sus 120 metros de altura se ven preciosas vistas, y se puede contemplar la puesta de sol.<\/p>\n\n\n<div class=\"wp-block-image\">\n<figure class=\"aligncenter size-large\"><img loading=\"lazy\" decoding=\"async\" width=\"1009\" height=\"560\" src=\"https:\/\/www.click-mallorca.com\/blog\/wp-content\/uploads\/2021\/01\/illot-den-sales-asentamiento-fenicio-en-mallorca.jpg\" alt=\"illot den sales - asentamiento fenicio\" class=\"wp-image-4089\" srcset=\"https:\/\/www.click-mallorca.com\/blog\/wp-content\/uploads\/2021\/01\/illot-den-sales-asentamiento-fenicio-en-mallorca.jpg 1009w, https:\/\/www.click-mallorca.com\/blog\/wp-content\/uploads\/2021\/01\/illot-den-sales-asentamiento-fenicio-en-mallorca-300x167.jpg 300w, https:\/\/www.click-mallorca.com\/blog\/wp-content\/uploads\/2021\/01\/illot-den-sales-asentamiento-fenicio-en-mallorca-768x426.jpg 768w\" sizes=\"auto, (max-width: 1009px) 100vw, 1009px\" \/><figcaption class=\"wp-element-caption\">Imagen del Illot den Sales, de la web https:\/\/idealisla.com\/ donde est\u00e1 a la venta por 800000\u20ac<\/figcaption><\/figure><\/div>\n\n\n<h3 class=\"wp-block-heading\"><span class=\"ez-toc-section\" id=\"illot-den-sales\"><\/span>Illot den Sales<span class=\"ez-toc-section-end\"><\/span><\/h3>\n\n\n\n<p>Situado en Portals Nous, se trata de uno de los asentamientos fenicios menos conocidos en Mallorca, ya que no se han encontrado restos arquitect\u00f3nicos. El islote es bastante peque\u00f1o, y con apenas superficie plana y una estrecha playa de arenas gruesas y gravas. En las excavaciones que se llevaron a cabo no se encontr\u00f3 ninguna ruina de estructuras arquitect\u00f3nicas. En sondeos mar\u00edtimos se pudo identificar una estructura portuaria sumergida, posiblemente un muelle. Posiblemente era un punto cercano a la costa desde donde poder hacer intercambios comerciales. En el islote se recogieron fragmentos de cer\u00e1mica, restos de hierro e incluso minerales sin fundir.<\/p>\n\n\n\n<p><\/p>\n\n\n\n<p><strong>Mapa de los asentamientos Fenicios en Mallorca<\/strong><\/p>\n\n\n\n<iframe loading=\"lazy\" src=\"https:\/\/www.google.com\/maps\/d\/u\/0\/embed?mid=1hZ3vMeHNJGvXO0YIe2Vx4glppXH3sk08\" width=\"640\" height=\"480\"><\/iframe>\n\n\n\n<p><strong><em>\u00bfQu\u00e9 os han parecido esta ruta fenicia en Mallorca? \u00bfos apunt\u00e1is? Si os ha gustado el art\u00edculo, no olvid\u00e9is compartirlo en vuestras redes sociales.<\/em><\/strong><\/p>\n<!-- AddThis Advanced Settings generic via filter on the_content --><!-- AddThis Share Buttons generic via filter on the_content -->","protected":false},"excerpt":{"rendered":"<p>No todo es sol y playa en Mallorca. En nuestro nuevo art\u00edculo, nuestro equipo de expertos en excursiones en Mallorca os llevan a seguir una ruta para conocer el paso de los fenicios en Mallorca.<!-- AddThis Advanced Settings generic via filter on get_the_excerpt --><!-- AddThis Share Buttons generic via filter on get_the_excerpt --><\/p>\n","protected":false},"author":2,"featured_media":4087,"comment_status":"open","ping_status":"open","sticky":false,"template":"","format":"standard","meta":{"footnotes":""},"categories":[41],"tags":[],"class_list":["post-4011","post","type-post","status-publish","format-standard","has-post-thumbnail","hentry","category-rincones"],"lang":"es","translations":{"es":4011},"pll_sync_post":[],"_links":{"self":[{"href":"https:\/\/www.click-mallorca.com\/blog\/wp-json\/wp\/v2\/posts\/4011","targetHints":{"allow":["GET"]}}],"collection":[{"href":"https:\/\/www.click-mallorca.com\/blog\/wp-json\/wp\/v2\/posts"}],"about":[{"href":"https:\/\/www.click-mallorca.com\/blog\/wp-json\/wp\/v2\/types\/post"}],"author":[{"embeddable":true,"href":"https:\/\/www.click-mallorca.com\/blog\/wp-json\/wp\/v2\/users\/2"}],"replies":[{"embeddable":true,"href":"https:\/\/www.click-mallorca.com\/blog\/wp-json\/wp\/v2\/comments?post=4011"}],"version-history":[{"count":15,"href":"https:\/\/www.click-mallorca.com\/blog\/wp-json\/wp\/v2\/posts\/4011\/revisions"}],"predecessor-version":[{"id":17507,"href":"https:\/\/www.click-mallorca.com\/blog\/wp-json\/wp\/v2\/posts\/4011\/revisions\/17507"}],"wp:featuredmedia":[{"embeddable":true,"href":"https:\/\/www.click-mallorca.com\/blog\/wp-json\/wp\/v2\/media\/4087"}],"wp:attachment":[{"href":"https:\/\/www.click-mallorca.com\/blog\/wp-json\/wp\/v2\/media?parent=4011"}],"wp:term":[{"taxonomy":"category","embeddable":true,"href":"https:\/\/www.click-mallorca.com\/blog\/wp-json\/wp\/v2\/categories?post=4011"},{"taxonomy":"post_tag","embeddable":true,"href":"https:\/\/www.click-mallorca.com\/blog\/wp-json\/wp\/v2\/tags?post=4011"}],"curies":[{"name":"wp","href":"https:\/\/api.w.org\/{rel}","templated":true}]}}