{"id":4057,"date":"2025-03-01T14:32:00","date_gmt":"2025-03-01T14:32:00","guid":{"rendered":"https:\/\/www.click-mallorca.com\/blog\/?p=4057"},"modified":"2025-09-16T12:49:35","modified_gmt":"2025-09-16T12:49:35","slug":"valldemossa","status":"publish","type":"post","link":"https:\/\/www.click-mallorca.com\/blog\/sitios\/valldemossa\/","title":{"rendered":"\u00bfQu\u00e9 ver en Valldemossa?"},"content":{"rendered":"\n<p><strong>Valldemossa es un<\/strong> pueblo con encanto en la <strong>Serra de Tramuntana<\/strong> considerado uno de los m\u00e1s bonitos de <strong>Mallorca<\/strong>. En esta gu\u00eda descubrir\u00e1s <strong>los lugares imprescindibles que ver en Valldemossa, sitios imprescindibles que visitar<\/strong>, <strong>qu\u00e9 hacer en Valldemossa<\/strong> y rincones secretos que no te puedes perder. Desde la hist\u00f3rica <strong>Cartuja de Valldemossa<\/strong> hasta sus miradores con vistas espectaculares, hemos recopilado todo lo mejor para tu visita.<\/p>\n\n\n<div class=\"wp-block-image is-resized\">\n<figure class=\"aligncenter size-large\"><img loading=\"lazy\" decoding=\"async\" width=\"1024\" height=\"585\" src=\"https:\/\/www.click-mallorca.com\/blog\/wp-content\/uploads\/2020\/12\/valldemossa-1024x585.jpg\" alt=\"que ver en Valldemossa\" class=\"wp-image-4076\" srcset=\"https:\/\/www.click-mallorca.com\/blog\/wp-content\/uploads\/2020\/12\/valldemossa-1024x585.jpg 1024w, https:\/\/www.click-mallorca.com\/blog\/wp-content\/uploads\/2020\/12\/valldemossa-300x171.jpg 300w, https:\/\/www.click-mallorca.com\/blog\/wp-content\/uploads\/2020\/12\/valldemossa-768x438.jpg 768w, https:\/\/www.click-mallorca.com\/blog\/wp-content\/uploads\/2020\/12\/valldemossa.jpg 1426w\" sizes=\"auto, (max-width: 1024px) 100vw, 1024px\" \/><\/figure><\/div>\n\n\n<p><strong>\ud83d\udccd Qu\u00e9 ver en Valldemossa seg\u00fan el tiempo disponible<\/strong><br>Aunque Valldemossa es un pueblo peque\u00f1o, <strong>ofrece muchas opciones para disfrutar de su encanto, historia y naturaleza<\/strong>. Dependiendo del tiempo que tengas, aqu\u00ed te dejamos <strong>un itinerario recomendado<\/strong> para aprovechar al m\u00e1ximo tu visita:<\/p>\n\n\n\n<ul class=\"wp-block-list\">\n<li><strong>\ud83d\udd50 Medio d\u00eda<\/strong>: Recorrer las <strong>calles empedradas<\/strong> del centro hist\u00f3rico, descubrir la <strong>Cartuja de Valldemossa<\/strong> y disfrutar de la tranquilidad del pueblo.<\/li>\n\n\n\n<li><strong>\ud83d\udd58 Un d\u00eda<\/strong>: Adem\u00e1s de lo anterior, visita el <strong>Port de Valldemossa<\/strong>, un peque\u00f1o puerto pesquero con vistas espectaculares y un ambiente aut\u00e9ntico.<\/li>\n\n\n\n<li><strong>\ud83d\uddd3\ufe0f Dos d\u00edas<\/strong>: A lo anterior, a\u00f1ade una <strong>noche en un hotel con encanto<\/strong>, un desayuno con la tradicional <strong>coca de patata<\/strong>, y una <strong>ruta de senderismo<\/strong> por los paisajes de la <strong>Serra de Tramuntana<\/strong>.<\/li>\n<\/ul>\n\n\n\n<p>A continuaci\u00f3n, te dejamos un \u00edndice para que puedas ir directamente a lo que m\u00e1s te interese. \u00a1Prep\u00e1rate para descubrir Valldemossa como nunca antes!<\/p>\n\n\n\n<p><\/p>\n\n\n\n<p><\/p>\n\n\n\n<div id=\"ez-toc-container\" class=\"ez-toc-v2_0_72 counter-hierarchy ez-toc-counter ez-toc-light-blue ez-toc-container-direction\">\n<label for=\"ez-toc-cssicon-toggle-item-69f040929c807\" class=\"ez-toc-cssicon-toggle-label\"><span class=\"\"><span class=\"eztoc-hide\" style=\"display:none;\">Toggle<\/span><span class=\"ez-toc-icon-toggle-span\"><svg style=\"fill: #999;color:#999\" xmlns=\"http:\/\/www.w3.org\/2000\/svg\" class=\"list-377408\" width=\"20px\" height=\"20px\" viewBox=\"0 0 24 24\" fill=\"none\"><path d=\"M6 6H4v2h2V6zm14 0H8v2h12V6zM4 11h2v2H4v-2zm16 0H8v2h12v-2zM4 16h2v2H4v-2zm16 0H8v2h12v-2z\" fill=\"currentColor\"><\/path><\/svg><svg style=\"fill: #999;color:#999\" class=\"arrow-unsorted-368013\" xmlns=\"http:\/\/www.w3.org\/2000\/svg\" width=\"10px\" height=\"10px\" viewBox=\"0 0 24 24\" version=\"1.2\" baseProfile=\"tiny\"><path d=\"M18.2 9.3l-6.2-6.3-6.2 6.3c-.2.2-.3.4-.3.7s.1.5.3.7c.2.2.4.3.7.3h11c.3 0 .5-.1.7-.3.2-.2.3-.5.3-.7s-.1-.5-.3-.7zM5.8 14.7l6.2 6.3 6.2-6.3c.2-.2.3-.5.3-.7s-.1-.5-.3-.7c-.2-.2-.4-.3-.7-.3h-11c-.3 0-.5.1-.7.3-.2.2-.3.5-.3.7s.1.5.3.7z\"\/><\/svg><\/span><\/span><\/label><input type=\"checkbox\"  id=\"ez-toc-cssicon-toggle-item-69f040929c807\"  aria-label=\"Toggle\" \/><nav><ul class='ez-toc-list ez-toc-list-level-1 ' ><li class='ez-toc-page-1 ez-toc-heading-level-2'><a class=\"ez-toc-link ez-toc-heading-1\" href=\"https:\/\/www.click-mallorca.com\/blog\/sitios\/valldemossa\/#1-antiguo-ayuntamiento-de-valldemossa-y-jardines-del-rey-juan-carlos\" title=\"1- Antiguo ayuntamiento de Valldemossa y Jardines del Rey Juan Carlos\">1- Antiguo ayuntamiento de Valldemossa y Jardines del Rey Juan Carlos<\/a><\/li><li class='ez-toc-page-1 ez-toc-heading-level-2'><a class=\"ez-toc-link ez-toc-heading-2\" href=\"https:\/\/www.click-mallorca.com\/blog\/sitios\/valldemossa\/#2-plaza-ruben-dario-chopin-y-valldemossa\" title=\"2-Plaza Rub\u00e9n Dar\u00edo, Chopin y Valldemossa\">2-Plaza Rub\u00e9n Dar\u00edo, Chopin y Valldemossa<\/a><\/li><li class='ez-toc-page-1 ez-toc-heading-level-2'><a class=\"ez-toc-link ez-toc-heading-3\" href=\"https:\/\/www.click-mallorca.com\/blog\/sitios\/valldemossa\/#3-la-cartuja-de-valldemossa\" title=\"3- La Cartuja de Valldemossa\">3- La Cartuja de Valldemossa<\/a><\/li><li class='ez-toc-page-1 ez-toc-heading-level-2'><a class=\"ez-toc-link ez-toc-heading-4\" href=\"https:\/\/www.click-mallorca.com\/blog\/sitios\/valldemossa\/#4-la-celda-de-chopin-y-george-sand-en-la-cartuja-de-valldemossa\" title=\"4- La celda de Chopin y George Sand en la Cartuja de Valldemossa\">4- La celda de Chopin y George Sand en la Cartuja de Valldemossa<\/a><\/li><li class='ez-toc-page-1 ez-toc-heading-level-2'><a class=\"ez-toc-link ez-toc-heading-5\" href=\"https:\/\/www.click-mallorca.com\/blog\/sitios\/valldemossa\/#5-el-palacio-del-rey-sancho\" title=\"5- El palacio del Rey Sancho\">5- El palacio del Rey Sancho<\/a><\/li><li class='ez-toc-page-1 ez-toc-heading-level-2'><a class=\"ez-toc-link ez-toc-heading-6\" href=\"https:\/\/www.click-mallorca.com\/blog\/sitios\/valldemossa\/#6-mirador-de-la-miranda\" title=\"6- Mirador de la Miranda\">6- Mirador de la Miranda<\/a><\/li><li class='ez-toc-page-1 ez-toc-heading-level-2'><a class=\"ez-toc-link ez-toc-heading-7\" href=\"https:\/\/www.click-mallorca.com\/blog\/sitios\/valldemossa\/#7-la-iglesia-de-valldemossa\" title=\"7- La iglesia de Valldemossa\">7- La iglesia de Valldemossa<\/a><\/li><li class='ez-toc-page-1 ez-toc-heading-level-2'><a class=\"ez-toc-link ez-toc-heading-8\" href=\"https:\/\/www.click-mallorca.com\/blog\/sitios\/valldemossa\/#8-casa-natal-de-santa-catalina-tomas\" title=\"8-Casa Natal de Santa Catalina Tom\u00e1s\">8-Casa Natal de Santa Catalina Tom\u00e1s<\/a><\/li><li class='ez-toc-page-1 ez-toc-heading-level-2'><a class=\"ez-toc-link ez-toc-heading-9\" href=\"https:\/\/www.click-mallorca.com\/blog\/sitios\/valldemossa\/#9-plaza-publica-de-valldemossa\" title=\"9- Plaza P\u00fablica de Valldemossa\">9- Plaza P\u00fablica de Valldemossa<\/a><\/li><li class='ez-toc-page-1 ez-toc-heading-level-2'><a class=\"ez-toc-link ez-toc-heading-10\" href=\"https:\/\/www.click-mallorca.com\/blog\/sitios\/valldemossa\/#10-%e2%80%93-los-antiguos-lavaderos-de-valldemossa\" title=\"10 &#8211; Los antiguos lavaderos de Valldemossa\">10 &#8211; Los antiguos lavaderos de Valldemossa<\/a><\/li><li class='ez-toc-page-1 ez-toc-heading-level-2'><a class=\"ez-toc-link ez-toc-heading-11\" href=\"https:\/\/www.click-mallorca.com\/blog\/sitios\/valldemossa\/#11-can-molinas-y-la-coca-de-patata\" title=\"11- Can Molinas y la coca de patata\">11- Can Molinas y la coca de patata<\/a><\/li><li class='ez-toc-page-1 ez-toc-heading-level-2'><a class=\"ez-toc-link ez-toc-heading-12\" href=\"https:\/\/www.click-mallorca.com\/blog\/sitios\/valldemossa\/#12-port-de-valldemossa\" title=\"12- Port de Valldemossa\">12- Port de Valldemossa<\/a><\/li><li class='ez-toc-page-1 ez-toc-heading-level-2'><a class=\"ez-toc-link ez-toc-heading-13\" href=\"https:\/\/www.click-mallorca.com\/blog\/sitios\/valldemossa\/#mapa-de-las-cosas-que-ver-en-valldemossa\" title=\"Mapa de las cosas que ver en Valldemossa\">Mapa de las cosas que ver en Valldemossa<\/a><\/li><li class='ez-toc-page-1 ez-toc-heading-level-2'><a class=\"ez-toc-link ez-toc-heading-14\" href=\"https:\/\/www.click-mallorca.com\/blog\/sitios\/valldemossa\/#actividades-en-valldemossa\" title=\"Actividades en Valldemossa\">Actividades en Valldemossa<\/a><\/li><\/ul><\/nav><\/div>\n<h2 class=\"wp-block-heading parrafo-azul\" id=\"1-antiguo-ayuntamiento-de-valldemossa-y-jardines-del-rey-juan-carlos\"><span class=\"ez-toc-section\" id=\"1-antiguo-ayuntamiento-de-valldemossa-y-jardines-del-rey-juan-carlos\"><\/span>1- Antiguo ayuntamiento de Valldemossa y Jardines del Rey Juan Carlos<span class=\"ez-toc-section-end\"><\/span><\/h2>\n\n\n\n<p>Nuestra primera parada en <strong>Valldemossa<\/strong> nos lleva a un rinc\u00f3n con mucha historia: el <strong>Antiguo Ayuntamiento y los Jardines del Rey Juan Carlos<\/strong>. Ubicados junto a la <strong>Cartuja de Valldemossa<\/strong>, estos jardines son un lugar ideal para pasear y relajarse entre \u00e1rboles y esculturas.<\/p>\n\n\n\n<p>\ud83d\udcdc <strong>Historia y curiosidades<\/strong><br>Originalmente, aqu\u00ed deb\u00eda construirse un gran claustro que servir\u00eda como cementerio de los monjes cartujos. Sin embargo, finalmente se convirti\u00f3 en el edificio del <strong>Ayuntamiento de Valldemossa<\/strong>, cuya fachada a\u00fan conserva el escudo del pueblo. En \u00e9l se representan <strong>el Estret de Valldemossa<\/strong> y las cuatro franjas del <strong>Reino de Arag\u00f3n<\/strong>, en referencia a la cesi\u00f3n del <strong>Palacio del Rey Sancho<\/strong> a los monjes cartujos.<\/p>\n\n\n<div class=\"wp-block-image is-resized\">\n<figure class=\"aligncenter size-large\"><img loading=\"lazy\" decoding=\"async\" width=\"876\" height=\"493\" src=\"https:\/\/www.click-mallorca.com\/blog\/wp-content\/uploads\/2020\/12\/valldemossa-jardines.jpg\" alt=\"Antiguo Ayuntamiento de Valldemossa y Jardines del Rey Juan Carlos, un rinc\u00f3n hist\u00f3rico junto a la Cartuja de Valldemossa\" class=\"wp-image-4060\" srcset=\"https:\/\/www.click-mallorca.com\/blog\/wp-content\/uploads\/2020\/12\/valldemossa-jardines.jpg 876w, https:\/\/www.click-mallorca.com\/blog\/wp-content\/uploads\/2020\/12\/valldemossa-jardines-300x169.jpg 300w, https:\/\/www.click-mallorca.com\/blog\/wp-content\/uploads\/2020\/12\/valldemossa-jardines-768x432.jpg 768w\" sizes=\"auto, (max-width: 876px) 100vw, 876px\" \/><\/figure><\/div>\n\n\n<p>\ud83c\udf3f <strong>Un paseo entre historia y arte<\/strong><br>Inaugurados en <strong>1960<\/strong>, estos jardines ofrecen un entorno tranquilo con bancos y senderos rodeados de vegetaci\u00f3n. En sus alrededores encontramos esculturas en homenaje a figuras como <strong>Santiago Rusi\u00f1ol, el Archiduque Luis Salvador y Rub\u00e9n Dar\u00edo<\/strong>, quienes dejaron huella en la historia y la cultura de <strong>Mallorca<\/strong>.<\/p>\n\n\n\n<h2 class=\"wp-block-heading parrafo-azul\" id=\"2-plaza-ruben-dario-chopin-y-valldemossa\"><span class=\"ez-toc-section\" id=\"2-plaza-ruben-dario-chopin-y-valldemossa\"><\/span>2-Plaza Rub\u00e9n Dar\u00edo, Chopin y Valldemossa<span class=\"ez-toc-section-end\"><\/span><\/h2>\n\n\n\n<p>En el coraz\u00f3n de <strong>Valldemossa<\/strong>, encontramos la <strong>Plaza Rub\u00e9n Dar\u00edo<\/strong>, un homenaje al c\u00e9lebre poeta nicarag\u00fcense que se hosped\u00f3 en el <strong>Palacio del Rey Sancho<\/strong>. Esta plaza, que en su origen formaba parte del monasterio amurallado, es hoy un lugar de encuentro lleno de historia.<\/p>\n\n\n\n<p>\ud83c\udfb5 <strong>El busto de Chopin y su historia en Mallorca<\/strong><br>Antes de llegar a la plaza, nos recibe un <strong>busto de Fr\u00e9d\u00e9ric Chopin<\/strong>, recordando la fuerte conexi\u00f3n del compositor con Valldemossa. En 1838, Chopin lleg\u00f3 a <strong>Mallorca<\/strong> acompa\u00f1ado de la escritora <strong>George Sand<\/strong> con la esperanza de mejorar su salud. Aunque su estancia estuvo marcada por dificultades, aqu\u00ed compuso algunas de sus obras m\u00e1s famosas, dejando una huella imborrable en la historia del pueblo.<\/p>\n\n\n<div class=\"wp-block-image\">\n<figure class=\"aligncenter size-large\"><img loading=\"lazy\" decoding=\"async\" width=\"1024\" height=\"528\" src=\"https:\/\/www.click-mallorca.com\/blog\/wp-content\/uploads\/2020\/12\/chopin-y-valldemossa-1024x528.jpg\" alt=\"Busto de Fr\u00e9d\u00e9ric Chopin en la Plaza Rub\u00e9n Dar\u00edo de Valldemossa, homenaje al compositor y su estancia en Mallorca\" class=\"wp-image-4061\" srcset=\"https:\/\/www.click-mallorca.com\/blog\/wp-content\/uploads\/2020\/12\/chopin-y-valldemossa-1024x528.jpg 1024w, https:\/\/www.click-mallorca.com\/blog\/wp-content\/uploads\/2020\/12\/chopin-y-valldemossa-300x155.jpg 300w, https:\/\/www.click-mallorca.com\/blog\/wp-content\/uploads\/2020\/12\/chopin-y-valldemossa-768x396.jpg 768w, https:\/\/www.click-mallorca.com\/blog\/wp-content\/uploads\/2020\/12\/chopin-y-valldemossa.jpg 1128w\" sizes=\"auto, (max-width: 1024px) 100vw, 1024px\" \/><\/figure><\/div>\n\n\n<p>\ud83d\udcd6 <strong>Chopin y George Sand: un amor envuelto en controversia<\/strong><br>George Sand, cuyo nombre real era <strong>Amandine Lucie Aurore Dupin<\/strong>, fue una mujer adelantada a su tiempo: vest\u00eda con ropa masculina y desafiaba las normas sociales de la \u00e9poca. Su relaci\u00f3n con Chopin comenz\u00f3 en circunstancias complicadas, lo que gener\u00f3 esc\u00e1ndalo en Par\u00eds. Para escapar de la presi\u00f3n social, decidieron viajar a Mallorca en noviembre de 1838.<\/p>\n\n\n\n<p>En un inicio, se alojaron en la <strong>embajada de Francia en Palma<\/strong>, pero debido al empeoramiento de la salud de Chopin, se trasladaron a <strong>Son Vent<\/strong> y posteriormente a una celda en el <strong>monasterio de Valldemossa<\/strong>. Sin embargo, la estancia no result\u00f3 como esperaban: el clima h\u00famedo y el rechazo de los lugare\u00f1os por miedo al contagio de tuberculosis empeoraron la situaci\u00f3n. En febrero de 1839, se vieron obligados a abandonar la isla.<\/p>\n\n\n\n<p>\ud83c\udfdb\ufe0f <strong>Un rinc\u00f3n lleno de historia<\/strong><br>Hoy en d\u00eda, la <strong>Plaza Rub\u00e9n Dar\u00edo<\/strong> es un lugar ideal para detenerse y reflexionar sobre la relaci\u00f3n de <strong>Valldemossa con la cultura y el arte<\/strong>, rindiendo homenaje tanto a Chopin como a otras figuras destacadas que pasaron por el pueblo.<\/p>\n\n\n\n<h2 class=\"wp-block-heading parrafo-azul\" id=\"3-la-cartuja-de-valldemossa\"><span class=\"ez-toc-section\" id=\"3-la-cartuja-de-valldemossa\"><\/span>3- La Cartuja de Valldemossa<span class=\"ez-toc-section-end\"><\/span><\/h2>\n\n\n\n<p>La <strong><a href=\"https:\/\/es.wikipedia.org\/wiki\/Cartuja_de_Valldemosa\" rel=\"nofollow\">Cartuja de Valldemossa<\/a><\/strong> es el <strong>monumento m\u00e1s emblem\u00e1tico<\/strong> del pueblo y una de las visitas imprescindibles en <strong>Mallorca<\/strong>. Su historia se remonta al siglo XIV, cuando el <strong>rey Jaime II<\/strong> orden\u00f3 la construcci\u00f3n del <strong>Palacio del Rey Sancho<\/strong> como refugio para su hijo.<\/p>\n\n\n\n<p>\ud83c\udff0 <strong>De palacio real a monasterio cartujo<\/strong><br>El <strong>rey Sancho de Mallorca<\/strong>, que padec\u00eda asma, necesitaba un lugar con aire puro y decidi\u00f3 establecer su residencia en <strong>Valldemossa<\/strong>, un enclave rodeado de monta\u00f1as y bosques. Sin embargo, con la desaparici\u00f3n del <strong>Reino de Mallorca<\/strong> en 1349, el palacio cay\u00f3 en desuso y se convirti\u00f3 en un centro de <strong>cetrer\u00eda real<\/strong>.<\/p>\n\n\n\n<p>En <strong>1399<\/strong>, el <strong>rey Mart\u00edn el Humano<\/strong> cedi\u00f3 el palacio a la <strong>Orden de los Cartujos<\/strong>, que lo transform\u00f3 en un monasterio. Durante siglos, la <strong>Cartuja de Valldemossa<\/strong> fue un importante centro religioso hasta que en <strong>1835<\/strong> fue confiscada por el gobierno espa\u00f1ol y vendida a particulares.<\/p>\n\n\n<div class=\"wp-block-image is-resized\">\n<figure class=\"aligncenter size-large\"><img loading=\"lazy\" decoding=\"async\" width=\"1024\" height=\"484\" src=\"https:\/\/www.click-mallorca.com\/blog\/wp-content\/uploads\/2020\/12\/cartuja-de-valldemossa-1024x484.jpg\" alt=\"Cartuja de Valldemossa, el monumento m\u00e1s emblem\u00e1tico del pueblo y antiguo monasterio cartujo\" class=\"wp-image-4062\" srcset=\"https:\/\/www.click-mallorca.com\/blog\/wp-content\/uploads\/2020\/12\/cartuja-de-valldemossa-1024x484.jpg 1024w, https:\/\/www.click-mallorca.com\/blog\/wp-content\/uploads\/2020\/12\/cartuja-de-valldemossa-300x142.jpg 300w, https:\/\/www.click-mallorca.com\/blog\/wp-content\/uploads\/2020\/12\/cartuja-de-valldemossa-768x363.jpg 768w, https:\/\/www.click-mallorca.com\/blog\/wp-content\/uploads\/2020\/12\/cartuja-de-valldemossa-520x245.jpg 520w, https:\/\/www.click-mallorca.com\/blog\/wp-content\/uploads\/2020\/12\/cartuja-de-valldemossa-720x340.jpg 720w, https:\/\/www.click-mallorca.com\/blog\/wp-content\/uploads\/2020\/12\/cartuja-de-valldemossa.jpg 1273w\" sizes=\"auto, (max-width: 1024px) 100vw, 1024px\" \/><\/figure><\/div>\n\n\n<p>\ud83c\udfad <strong>De monasterio a centro cultural<\/strong><br>A finales del siglo XIX, la Cartuja empez\u00f3 a abrir sus puertas a viajeros y artistas. Fue en <strong>1929<\/strong> cuando la familia Ferra abri\u00f3 la primera celda al p\u00fablico, incluyendo objetos y documentos relacionados con la estancia de <strong>Fr\u00e9d\u00e9ric Chopin y George Sand<\/strong> en 1838.<\/p>\n\n\n<div class=\"wp-block-image is-resized\">\n<figure class=\"aligncenter size-large\"><img loading=\"lazy\" decoding=\"async\" width=\"1024\" height=\"611\" src=\"https:\/\/www.click-mallorca.com\/blog\/wp-content\/uploads\/2020\/12\/interior-cartuja-valldemossa-1024x611.jpg\" alt=\"celda de la cartuja de Valldemossa\" class=\"wp-image-4078\" srcset=\"https:\/\/www.click-mallorca.com\/blog\/wp-content\/uploads\/2020\/12\/interior-cartuja-valldemossa-1024x611.jpg 1024w, https:\/\/www.click-mallorca.com\/blog\/wp-content\/uploads\/2020\/12\/interior-cartuja-valldemossa-300x179.jpg 300w, https:\/\/www.click-mallorca.com\/blog\/wp-content\/uploads\/2020\/12\/interior-cartuja-valldemossa-768x458.jpg 768w, https:\/\/www.click-mallorca.com\/blog\/wp-content\/uploads\/2020\/12\/interior-cartuja-valldemossa.jpg 1169w\" sizes=\"auto, (max-width: 1024px) 100vw, 1024px\" \/><\/figure><\/div>\n\n\n<p><strong>La visita a la Cartuja de Valldemossa incluye:<\/strong><\/p>\n\n\n\n<ul class=\"wp-block-list\">\n<li>La iglesia, que contiene unos preciosos frescos de Bayeau, el cu\u00f1ado de Goya<\/li>\n\n\n\n<li>La sacrist\u00eda, con verdaderos tesoros art\u00edsticos. Algunos tan curiosos c\u00f3mo un horario de misas de los monjes.<\/li>\n\n\n\n<li>Una antigua farmacia<\/li>\n\n\n\n<li>La celda del Prior con sus jardines, una capilla, la biblioteca, la sala de audiencias, un comedor y un dormitorio<\/li>\n\n\n\n<li>La 2 colecci\u00f3n privada m\u00e1s importante del mundo sobre Frederic Chopin y George Sand que rememora su estancia en la Cartuja en 1838<\/li>\n<\/ul>\n\n\n\n<p>Muchos de los visitantes a Valldemossa, reducen su visita de la Cartuja de Valldemossa a esas salas. Pero os recomendamos continuar la visita para ver:<\/p>\n\n\n\n<ul class=\"wp-block-list\">\n<li>La colecci\u00f3n de arte de pintores locales y espa\u00f1oles, con obras que incluyen a artistas de la tala de Mir\u00f3<\/li>\n\n\n\n<li>La colecci\u00f3n del Archiduque Luis Salvador, primo de la emperatriz Sisi y que se enamor\u00f3 de Valldemossa<\/li>\n<\/ul>\n\n\n\n<p>Por \u00faltimo, os recomendamos adquirir en nuestra web los <a href=\"https:\/\/www.click-mallorca.com\/excursiones\/cartuja-de-valldemossa-ticket-de-entrada\/\">tickets con descuento a la Cartuja<\/a>, y descargar la app de la Cartuja de Valldemossa. Mediante la tecnolog\u00eda Beacons puedes hacer un recorrido autoguiado.<\/p>\n\n\n\n<h2 class=\"wp-block-heading parrafo-azul\" id=\"4-la-celda-de-chopin-y-george-sand-en-la-cartuja-de-valldemossa\"><span class=\"ez-toc-section\" id=\"4-la-celda-de-chopin-y-george-sand-en-la-cartuja-de-valldemossa\"><\/span>4- La celda de Chopin y George Sand en la Cartuja de Valldemossa<span class=\"ez-toc-section-end\"><\/span><\/h2>\n\n\n\n<p>Entre los rincones m\u00e1s fascinantes de la <strong>Cartuja de Valldemossa<\/strong> se encuentra la <strong>celda n\u00famero 4<\/strong>, donde se alojaron <strong>Fr\u00e9d\u00e9ric Chopin<\/strong> y <strong>George Sand<\/strong> entre diciembre de 1838 y febrero de 1839. Aunque su estancia en <strong>Mallorca<\/strong> estuvo marcada por dificultades, este peque\u00f1o espacio se convirti\u00f3 en testigo de la creatividad del compositor y la escritora.<\/p>\n\n\n\n<p>\ud83c\udfb9 <strong>El piano Pleyel y las composiciones de Chopin<\/strong><br>Uno de los elementos m\u00e1s valiosos de la celda es el <strong>piano Pleyel<\/strong>, tra\u00eddo desde Francia, en el que Chopin compuso algunos de sus <strong>preludios m\u00e1s c\u00e9lebres<\/strong>. A pesar del clima h\u00famedo y las tensiones con los lugare\u00f1os, su paso por Valldemossa dej\u00f3 una huella imborrable en su obra musical.<\/p>\n\n\n<div class=\"wp-block-image is-resized\">\n<figure class=\"aligncenter size-large\"><img loading=\"lazy\" decoding=\"async\" width=\"991\" height=\"648\" src=\"https:\/\/www.click-mallorca.com\/blog\/wp-content\/uploads\/2020\/12\/celda-chopin-valldemossa.jpg\" alt=\"Celda de Chopin y George Sand en la Cartuja de Valldemossa, donde el compositor cre\u00f3 algunas de sus obras m\u00e1s ic\u00f3nica\" class=\"wp-image-4063\" srcset=\"https:\/\/www.click-mallorca.com\/blog\/wp-content\/uploads\/2020\/12\/celda-chopin-valldemossa.jpg 991w, https:\/\/www.click-mallorca.com\/blog\/wp-content\/uploads\/2020\/12\/celda-chopin-valldemossa-300x196.jpg 300w, https:\/\/www.click-mallorca.com\/blog\/wp-content\/uploads\/2020\/12\/celda-chopin-valldemossa-768x502.jpg 768w\" sizes=\"auto, (max-width: 991px) 100vw, 991px\" \/><\/figure><\/div>\n\n\n<p>\ud83d\udcd6 <strong>Un invierno en Mallorca: el testimonio de George Sand<\/strong><br>George Sand reflej\u00f3 su experiencia en <strong>Valldemossa<\/strong> en su libro <em>Un invierno en Mallorca<\/em>, donde describe la vida en la isla durante el siglo XIX. La obra es un retrato de las costumbres mallorquinas de la \u00e9poca y del choque cultural que vivieron los viajeros franceses en esta tierra de <strong>tradiciones arraigadas<\/strong>.<\/p>\n\n\n\n<p>Hoy en d\u00eda, la celda de Chopin y George Sand es una de las visitas m\u00e1s populares de la <strong>Cartuja de Valldemossa<\/strong>, atrayendo a amantes de la m\u00fasica y la literatura de todo el mundo.<\/p>\n\n\n\n<h2 class=\"wp-block-heading parrafo-azul\" id=\"5-el-palacio-del-rey-sancho\"><span class=\"ez-toc-section\" id=\"5-el-palacio-del-rey-sancho\"><\/span>5- El palacio del Rey Sancho<span class=\"ez-toc-section-end\"><\/span><\/h2>\n\n\n\n<p>El <strong>Palacio del Rey Sancho<\/strong> es el punto de partida de la historia de la <strong>Cartuja de Valldemossa<\/strong>. Construido en el siglo XIV por orden del <strong>rey Jaime II<\/strong>, fue concebido como residencia para su hijo, el <strong>rey Sancho de Mallorca<\/strong>, quien sufr\u00eda asma y necesitaba un clima m\u00e1s saludable.<\/p>\n\n\n\n<p>\ud83c\udff0 <strong>Un palacio con siglos de historia<\/strong><br>Este palacio de arquitectura g\u00f3tica se convirti\u00f3 en refugio de la realeza mallorquina antes de ser cedido a la <strong>Orden de los Cartujos<\/strong> en 1399. Hoy en d\u00eda, a\u00fan se conservan sus principales estancias, donde los visitantes pueden recorrer salones, pasillos y habitaciones que transportan a otra \u00e9poca.<\/p>\n\n\n<div class=\"wp-block-image is-resized\">\n<figure class=\"aligncenter size-large\"><img loading=\"lazy\" decoding=\"async\" width=\"1024\" height=\"603\" src=\"https:\/\/www.click-mallorca.com\/blog\/wp-content\/uploads\/2020\/12\/palacio-rey-sancho-1024x603.jpg\" alt=\"Palacio del Rey Sancho en Valldemossa, una joya de la arquitectura g\u00f3tica que combina historia y m\u00fasica\" class=\"wp-image-4071\" srcset=\"https:\/\/www.click-mallorca.com\/blog\/wp-content\/uploads\/2020\/12\/palacio-rey-sancho-1024x603.jpg 1024w, https:\/\/www.click-mallorca.com\/blog\/wp-content\/uploads\/2020\/12\/palacio-rey-sancho-300x177.jpg 300w, https:\/\/www.click-mallorca.com\/blog\/wp-content\/uploads\/2020\/12\/palacio-rey-sancho-768x452.jpg 768w, https:\/\/www.click-mallorca.com\/blog\/wp-content\/uploads\/2020\/12\/palacio-rey-sancho.jpg 1113w\" sizes=\"auto, (max-width: 1024px) 100vw, 1024px\" \/><\/figure><\/div>\n\n\n<p>\ud83c\udfb6 <strong>Conciertos de piano en un escenario \u00fanico<\/strong><br>Desde hace d\u00e9cadas, este emblem\u00e1tico palacio acoge <strong>conciertos de piano en vivo<\/strong>, donde se interpretan piezas de <strong>Fr\u00e9d\u00e9ric Chopin<\/strong> en un ambiente \u00edntimo y especial. Con una duraci\u00f3n aproximada de <strong>15 minutos<\/strong>, estas interpretaciones musicales permiten sumergirse en la esencia art\u00edstica de <strong>Valldemossa<\/strong> y revivir el legado del c\u00e9lebre compositor.<\/p>\n\n\n\n<p>Visitar el <strong>Palacio del Rey Sancho<\/strong> no solo es un viaje a la historia medieval de Mallorca, sino tambi\u00e9n una experiencia cultural \u00fanica que combina <strong>arquitectura, m\u00fasica y tradici\u00f3n<\/strong>.<\/p>\n\n\n\n<h2 class=\"wp-block-heading parrafo-azul\" id=\"6-mirador-de-la-miranda\"><span class=\"ez-toc-section\" id=\"6-mirador-de-la-miranda\"><\/span>6- Mirador de la Miranda<span class=\"ez-toc-section-end\"><\/span><\/h2>\n\n\n\n<p>\ud83d\udccd <strong>Un rinc\u00f3n escondido con vistas panor\u00e1micas<\/strong><br>A pocos pasos del <strong>Palacio del Rey Sancho<\/strong>, un peque\u00f1o callej\u00f3n nos conduce hasta la <strong>Plaza del Brollador<\/strong>, donde encontramos uno de los miradores m\u00e1s encantadores de <strong>Valldemossa<\/strong>: el <strong>Mirador de la Miranda<\/strong>.<\/p>\n\n\n\n<p>Desde este punto, se obtiene una de las <strong>vistas m\u00e1s impresionantes<\/strong> del valle, con la serpenteante carretera de acceso, el <strong>Estret de Valldemossa<\/strong> y la zona m\u00e1s antigua del pueblo. Este mirador es ideal para detenerse unos minutos, disfrutar del paisaje y capturar fotos inolvidables.<\/p>\n\n\n<div class=\"wp-block-image is-resized\">\n<figure class=\"aligncenter size-large\"><img loading=\"lazy\" decoding=\"async\" width=\"877\" height=\"493\" src=\"https:\/\/www.click-mallorca.com\/blog\/wp-content\/uploads\/2020\/12\/valldemossa-mirador.jpg\" alt=\"Mirador de la Miranda en Valldemossa, un rinc\u00f3n escondido con impresionantes vistas panor\u00e1micas del valle\" class=\"wp-image-4064\" srcset=\"https:\/\/www.click-mallorca.com\/blog\/wp-content\/uploads\/2020\/12\/valldemossa-mirador.jpg 877w, https:\/\/www.click-mallorca.com\/blog\/wp-content\/uploads\/2020\/12\/valldemossa-mirador-300x169.jpg 300w, https:\/\/www.click-mallorca.com\/blog\/wp-content\/uploads\/2020\/12\/valldemossa-mirador-768x432.jpg 768w\" sizes=\"auto, (max-width: 877px) 100vw, 877px\" \/><\/figure><\/div>\n\n\n<p>\ud83c\udfdb\ufe0f <strong>Historia y curiosidades<\/strong><br>En esta misma plaza se encontraba antiguamente la <strong>farmacia de los monjes cartujos<\/strong>. Como curiosidad, a\u00fan se puede ver el <strong>escudo de la orden cartuja<\/strong> sobre el dintel de una de las puertas, recordando el pasado mon\u00e1stico de este lugar.<\/p>\n\n\n\n<p>Si buscas un <strong>rinc\u00f3n tranquilo y con una panor\u00e1mica \u00fanica<\/strong>, el <strong>Mirador de la Miranda<\/strong> es una parada obligatoria en tu visita a <strong>Valldemossa<\/strong>.<\/p>\n\n\n\n<h2 class=\"wp-block-heading parrafo-azul\" id=\"7-la-iglesia-de-valldemossa\"><span class=\"ez-toc-section\" id=\"7-la-iglesia-de-valldemossa\"><\/span>7- La iglesia de Valldemossa<span class=\"ez-toc-section-end\"><\/span><\/h2>\n\n\n\n<p>\u26ea <strong>Un templo con siglos de historia<\/strong><br>En el centro de <strong>Valldemossa<\/strong>, en la <strong>Plaza Santa Catalina Tom\u00e1s<\/strong>, se encuentra la <strong>Iglesia Parroquial de San Bartolom\u00e9<\/strong>, un templo con m\u00e1s de siete siglos de historia. Sus primeros registros datan del a\u00f1o <strong>1236<\/strong>, y desde entonces ha sufrido varias modificaciones, hasta alcanzar su aspecto actual en <strong>1925<\/strong>, cuando se complet\u00f3 su caracter\u00edstico <strong>campanario de estilo neog\u00f3tico<\/strong>.<\/p>\n\n\n<div class=\"wp-block-image is-resized\">\n<figure class=\"aligncenter size-large\"><img loading=\"lazy\" decoding=\"async\" width=\"1024\" height=\"687\" src=\"https:\/\/www.click-mallorca.com\/blog\/wp-content\/uploads\/2020\/12\/valldemossa-carrer-rectoria-1024x687.jpg\" alt=\"Iglesia de San Bartolom\u00e9 en Valldemossa, un templo hist\u00f3rico con un imponente campanario neog\u00f3tico\" class=\"wp-image-4066\" srcset=\"https:\/\/www.click-mallorca.com\/blog\/wp-content\/uploads\/2020\/12\/valldemossa-carrer-rectoria-1024x687.jpg 1024w, https:\/\/www.click-mallorca.com\/blog\/wp-content\/uploads\/2020\/12\/valldemossa-carrer-rectoria-300x201.jpg 300w, https:\/\/www.click-mallorca.com\/blog\/wp-content\/uploads\/2020\/12\/valldemossa-carrer-rectoria-768x515.jpg 768w, https:\/\/www.click-mallorca.com\/blog\/wp-content\/uploads\/2020\/12\/valldemossa-carrer-rectoria.jpg 1107w\" sizes=\"auto, (max-width: 1024px) 100vw, 1024px\" \/><\/figure><\/div>\n\n\n<p>\ud83c\udfa8 <strong>Arte y detalles arquitect\u00f3nicos<\/strong><br>En su interior, la iglesia alberga elementos de gran valor art\u00edstico, incluyendo un <strong>retablo barroco<\/strong> y un \u00f3rgano que ha acompa\u00f1ado las ceremonias religiosas durante generaciones. Sus muros cuentan historias de fe y tradici\u00f3n, convirti\u00e9ndola en un punto clave del patrimonio cultural de <strong>Valldemossa<\/strong>.<\/p>\n\n\n\n<p>\ud83c\udf3f <strong>Un paseo con encanto por la Calle Rectoria<\/strong><br>Junto a la iglesia, encontramos la <strong>Calle Rectoria<\/strong>, una de las m\u00e1s pintorescas del pueblo, con fachadas adornadas con macetas y detalles tradicionales. Este es un lugar perfecto para pasear y disfrutar del <strong>encanto aut\u00e9ntico de Valldemossa<\/strong>.<\/p>\n\n\n\n<h2 class=\"wp-block-heading parrafo-azul\" id=\"8-casa-natal-de-santa-catalina-tomas\"><span class=\"ez-toc-section\" id=\"8-casa-natal-de-santa-catalina-tomas\"><\/span>8-Casa Natal de Santa Catalina Tom\u00e1s<span class=\"ez-toc-section-end\"><\/span><\/h2>\n\n\n\n<p>\ud83d\ude4f <strong>Un rinc\u00f3n de devoci\u00f3n y tradici\u00f3n<\/strong><br>En el coraz\u00f3n de <strong>Valldemossa<\/strong> se encuentra la <strong>Casa Natal de Santa Catalina Tom\u00e1s<\/strong>, el lugar donde naci\u00f3 en <strong>1533<\/strong> la que hoy es considerada la santa m\u00e1s venerada de <strong>Mallorca<\/strong>. Su vida estuvo marcada por <strong>milagros y episodios extraordinarios<\/strong>, lo que la convirti\u00f3 en una figura de gran devoci\u00f3n entre los mallorquines.<\/p>\n\n\n<div class=\"wp-block-image is-resized\">\n<figure class=\"aligncenter size-large\"><img loading=\"lazy\" decoding=\"async\" width=\"1024\" height=\"668\" src=\"https:\/\/www.click-mallorca.com\/blog\/wp-content\/uploads\/2020\/12\/ruta-valldemossa-1024x668.jpg\" alt=\"Casa Natal de Santa Catalina Tom\u00e1s en Valldemossa, convertida en capilla p\u00fablica en honor a la santa m\u00e1s venerada de Mallorca\" class=\"wp-image-4073\" srcset=\"https:\/\/www.click-mallorca.com\/blog\/wp-content\/uploads\/2020\/12\/ruta-valldemossa-1024x668.jpg 1024w, https:\/\/www.click-mallorca.com\/blog\/wp-content\/uploads\/2020\/12\/ruta-valldemossa-300x196.jpg 300w, https:\/\/www.click-mallorca.com\/blog\/wp-content\/uploads\/2020\/12\/ruta-valldemossa-768x501.jpg 768w, https:\/\/www.click-mallorca.com\/blog\/wp-content\/uploads\/2020\/12\/ruta-valldemossa.jpg 1120w\" sizes=\"auto, (max-width: 1024px) 100vw, 1024px\" \/><\/figure><\/div>\n\n\n<p>\u26ea <strong>De hogar a capilla conmemorativa<\/strong><br>En <strong>1972<\/strong>, su casa fue convertida en <strong>capilla p\u00fablica<\/strong> para conmemorar su <strong>beatificaci\u00f3n<\/strong>, aunque su santificaci\u00f3n oficial tuvo lugar en <strong>1931<\/strong>. A lo largo de <strong>Valldemossa<\/strong>, es posible ver peque\u00f1as <strong>baldosas de cer\u00e1mica<\/strong> en las fachadas de muchas casas, representando episodios de su vida y milagros.<\/p>\n\n\n\n<p>\ud83c\udf3f <strong>Un paseo por la esencia de Valldemossa<\/strong><br>M\u00e1s all\u00e1 de su importancia religiosa, la calle donde se encuentra la casa de <strong>Santa Catalina Tom\u00e1s<\/strong> es un reflejo del <strong>esp\u00edritu aut\u00e9ntico del pueblo<\/strong>. Hace a\u00f1os, el ayuntamiento propuso a los vecinos adornar sus fachadas con <strong>macetas de flores<\/strong>, una tradici\u00f3n que a\u00fan perdura y que llena las calles de <strong>color y encanto<\/strong>.<\/p>\n\n\n\n<h2 class=\"wp-block-heading parrafo-azul\" id=\"9-plaza-publica-de-valldemossa\"><span class=\"ez-toc-section\" id=\"9-plaza-publica-de-valldemossa\"><\/span>9- Plaza P\u00fablica de Valldemossa<span class=\"ez-toc-section-end\"><\/span><\/h2>\n\n\n\n<p>\ud83c\udfdb\ufe0f <strong>Un punto de encuentro con siglos de tradici\u00f3n<\/strong><br>La <strong>Plaza P\u00fablica de Valldemossa<\/strong> ha sido, desde tiempos medievales, el epicentro de la vida en el pueblo. Aqu\u00ed se celebraban eventos como el <strong>mercado semanal<\/strong>, festividades religiosas como la <strong>funci\u00f3n de los Reyes Magos<\/strong>, e incluso, en \u00e9pocas m\u00e1s oscuras, ejecuciones p\u00fablicas.<\/p>\n\n\n\n<p>\ud83c\udfe1 <strong>Arquitectura con historia<\/strong><br>La plaza conserva su esencia hist\u00f3rica, con un edificio de arcadas conocido como la <strong>hospeder\u00eda de los ermita\u00f1os<\/strong>. En el pasado, era costumbre que los peregrinos se detuvieran en estos lugares antes de llegar a una <strong>ermita<\/strong>, donde pod\u00edan lavarse y cambiarse antes de continuar su camino.<\/p>\n\n\n\n<p>\ud83c\udfa8 <strong>Rincones con encanto y detalles curiosos<\/strong><br>Al pasear por la plaza, es imposible no fijarse en sus <strong>muros de piedra<\/strong>, caracter\u00edsticos de <strong>Valldemossa<\/strong>, o en las casas cercanas con <strong>tejas pintadas<\/strong> con inscripciones y dibujos, un detalle peculiar que refleja la identidad del pueblo.<\/p>\n\n\n\n<p>La <strong>Plaza P\u00fablica de Valldemossa<\/strong> sigue siendo un punto clave donde locales y visitantes se re\u00fanen para disfrutar del ambiente tranquilo y del <strong>encanto aut\u00e9ntico de Mallorca<\/strong>.<\/p>\n\n\n\n<p><\/p>\n\n\n\n<h2 class=\"wp-block-heading parrafo-azul\" id=\"10-los-antiguos-lavaderos-de-valldemossa\"><span class=\"ez-toc-section\" id=\"10-%e2%80%93-los-antiguos-lavaderos-de-valldemossa\"><\/span>10 &#8211; Los antiguos lavaderos de Valldemossa<span class=\"ez-toc-section-end\"><\/span><\/h2>\n\n\n\n<p>\ud83d\udeb0 <strong>Un punto de encuentro para la comunidad<\/strong><br>En el pasado, los <strong>lavaderos de Valldemossa<\/strong> eran un lugar de reuni\u00f3n clave para las mujeres del pueblo. Aqu\u00ed no solo lavaban la ropa, sino que compart\u00edan historias, rumores y las \u00faltimas noticias del pueblo, especialmente los lunes, cuando la actividad era m\u00e1s intensa.<\/p>\n\n\n\n<p>\ud83c\udfdb\ufe0f <strong>Historia y evoluci\u00f3n del lugar<\/strong><br>En <strong>1888<\/strong>, sobre la parte superior de los lavaderos, se construy\u00f3 un edificio para la <strong>Guardia Civil<\/strong>, que permaneci\u00f3 en uso hasta hace pocos a\u00f1os. Aunque hoy los lavaderos ya no se utilizan, siguen siendo un s\u00edmbolo del pasado y de la vida cotidiana en <strong>Valldemossa<\/strong>.<\/p>\n\n\n\n<p>\u271d\ufe0f <strong>La cruz de t\u00e9rmino de 1704<\/strong><br>Junto a los lavaderos se encuentra una <strong>cruz de t\u00e9rmino de 1704<\/strong>, un elemento tradicional en muchos pueblos de <strong>Mallorca<\/strong>. Estas cruces marcaban la entrada a la localidad y ten\u00edan un profundo significado religioso, dando la bienvenida a los viajeros y simbolizando la protecci\u00f3n espiritual del pueblo.<\/p>\n\n\n\n<h2 class=\"wp-block-heading parrafo-azul\" id=\"11-can-molinas-y-la-coca-de-patata\"><span class=\"ez-toc-section\" id=\"11-can-molinas-y-la-coca-de-patata\"><\/span>11- Can Molinas y la coca de patata<span class=\"ez-toc-section-end\"><\/span><\/h2>\n\n\n\n<p>\u00a1Que ser\u00eda de una visita a Valldemossa, sin probar la famosa coca de patatas! Can Molinas en Valldemossa es el mejor lugar donde probar la coca de patatas. Desde 1920 en Can Molinas llevan ofreciendo su famosa coca de patatas, que se ofrece en formato individual, y es deliciosa acompa\u00f1ada con un chocolate a la taza, una horchata o un helado.<\/p>\n\n\n<div class=\"wp-block-image is-resized\">\n<figure class=\"aligncenter size-large\"><img loading=\"lazy\" decoding=\"async\" width=\"1024\" height=\"613\" src=\"https:\/\/www.click-mallorca.com\/blog\/wp-content\/uploads\/2020\/12\/can-molinas-coca-patata-1024x613.jpg\" alt=\"Can Molinas valldemossa\" class=\"wp-image-4068\" srcset=\"https:\/\/www.click-mallorca.com\/blog\/wp-content\/uploads\/2020\/12\/can-molinas-coca-patata-1024x613.jpg 1024w, https:\/\/www.click-mallorca.com\/blog\/wp-content\/uploads\/2020\/12\/can-molinas-coca-patata-300x180.jpg 300w, https:\/\/www.click-mallorca.com\/blog\/wp-content\/uploads\/2020\/12\/can-molinas-coca-patata-768x460.jpg 768w, https:\/\/www.click-mallorca.com\/blog\/wp-content\/uploads\/2020\/12\/can-molinas-coca-patata.jpg 1109w\" sizes=\"auto, (max-width: 1024px) 100vw, 1024px\" \/><\/figure><\/div>\n\n\n<p>Can Molinas tiene su origen en la panader\u00eda de la calle Rosa, pero os recomendamos ir a la sucursal de v\u00eda Blanquerna, donde tienen una preciosa terraza.<\/p>\n\n\n\n<h2 class=\"wp-block-heading parrafo-azul\" id=\"12-port-de-valldemossa\"><span class=\"ez-toc-section\" id=\"12-port-de-valldemossa\"><\/span>12- Port de Valldemossa<span class=\"ez-toc-section-end\"><\/span><\/h2>\n\n\n\n<p>El Port de Valldemossa o Puerto de Valldemossa es otro de los lugares que hay que incluir al visitar Valldemossa. Est\u00e1 situado a 8 kil\u00f3metros del pueblo, y tardaremos unos 15-20 minutos en llegar. Tiene quiz\u00e1s s\u00f3lo una dificultas, ya que la carretera de acceso es un poco complicada (estrecha, con muchas curvas\u2026), pero es un sitio que merece la pena visitar. Enseguida os vais a dar cuenta que es muy diferente al pueblo, que est\u00e1 llenos de turistas. El puerto de Valldemossa es un peque\u00f1o, acogedor y solitario.<\/p>\n\n\n<div class=\"wp-block-image is-resized\">\n<figure class=\"aligncenter size-large\"><img loading=\"lazy\" decoding=\"async\" width=\"1024\" height=\"535\" src=\"https:\/\/www.click-mallorca.com\/blog\/wp-content\/uploads\/2020\/12\/port-de-valldemossa-1024x535.jpg\" alt=\"Port de Valldemossa\" class=\"wp-image-4069\" srcset=\"https:\/\/www.click-mallorca.com\/blog\/wp-content\/uploads\/2020\/12\/port-de-valldemossa-1024x535.jpg 1024w, https:\/\/www.click-mallorca.com\/blog\/wp-content\/uploads\/2020\/12\/port-de-valldemossa-300x157.jpg 300w, https:\/\/www.click-mallorca.com\/blog\/wp-content\/uploads\/2020\/12\/port-de-valldemossa-768x401.jpg 768w, https:\/\/www.click-mallorca.com\/blog\/wp-content\/uploads\/2020\/12\/port-de-valldemossa.jpg 1151w\" sizes=\"auto, (max-width: 1024px) 100vw, 1024px\" \/><\/figure><\/div>\n\n\n<p>La playa del puerto de Valldemossa no es de arena, sino de piedras. Es ideal para hacer snorkel, ya que hay mucha fauna marina. Veremos en uno de sus laterales, un embarcadero, que tiene mucho encanto. En el puerto de Valldemossa hay algunos bares y restaurantes y un peque\u00f1o puerto deportivo y una calita de piedras.<\/p>\n\n\n\n<p>Por \u00faltimo, recomendaros ver la puesta de sol en el Port de Valldemossa. Es espectacular.<\/p>\n\n\n\n<p><\/p>\n\n\n\n<h2 class=\"wp-block-heading parrafo-azul\" id=\"mapa-de-las-cosas-que-ver-en-valldemossa\"><span class=\"ez-toc-section\" id=\"mapa-de-las-cosas-que-ver-en-valldemossa\"><\/span>Mapa de las cosas que ver en Valldemossa<span class=\"ez-toc-section-end\"><\/span><\/h2>\n\n\n\n<p>Te hemos preparado dos mapas de Valldemossa:<\/p>\n\n\n\n<ul class=\"wp-block-list\">\n<li>Un Google map donde hemos situado la mayor\u00eda de lugares que mencionamos y las sugerencias de aquello que ver en Valldemossa<\/li>\n<\/ul>\n\n\n\n<p><\/p>\n\n\n\n<iframe loading=\"lazy\" src=\"https:\/\/www.google.com\/maps\/d\/u\/0\/embed?mid=1Y_C3r6rw9vk2-jsEDbdjt24b4lqYa2XD\" width=\"640\" height=\"480\"><\/iframe>\n\n\n\n<ul class=\"wp-block-list\">\n<li>Un PDF descargable. Se trata de un excelente mapa editado por el ayuntamiento de Valldemossa con los principales lugares de inter\u00e9s.<\/li>\n<\/ul>\n\n\n<div class=\"wp-block-image is-resized\">\n<figure class=\"aligncenter size-large\"><a href=\"https:\/\/www.click-mallorca.com\/blog\/wp-content\/uploads\/2020\/12\/mapa-de-valldemosa.pdf\"><img loading=\"lazy\" decoding=\"async\" width=\"1024\" height=\"721\" src=\"https:\/\/www.click-mallorca.com\/blog\/wp-content\/uploads\/2020\/12\/mapa-de-valldemossa-1024x721.jpg\" alt=\"mapa de Valldemossa\" class=\"wp-image-4058\" srcset=\"https:\/\/www.click-mallorca.com\/blog\/wp-content\/uploads\/2020\/12\/mapa-de-valldemossa-1024x721.jpg 1024w, https:\/\/www.click-mallorca.com\/blog\/wp-content\/uploads\/2020\/12\/mapa-de-valldemossa-300x211.jpg 300w, https:\/\/www.click-mallorca.com\/blog\/wp-content\/uploads\/2020\/12\/mapa-de-valldemossa-768x541.jpg 768w, https:\/\/www.click-mallorca.com\/blog\/wp-content\/uploads\/2020\/12\/mapa-de-valldemossa.jpg 1134w\" sizes=\"auto, (max-width: 1024px) 100vw, 1024px\" \/><\/a><\/figure><\/div>\n\n\n<h2 class=\"wp-block-heading parrafo-azul\" id=\"actividades-en-valldemossa\"><span class=\"ez-toc-section\" id=\"actividades-en-valldemossa\"><\/span>Actividades en Valldemossa<span class=\"ez-toc-section-end\"><\/span><\/h2>\n\n\n\n<p>Terminamos ya nuestra gu\u00eda de Valldemossa con una serie de sugerencias de actividades que podemos hacer tanto en el pueblo c\u00f3mo en los alrededores:<\/p>\n\n\n\n<p id=\"senderismo-en-valldemossa\"><strong>Senderismo en Valldemossa<\/strong><\/p>\n\n\n\n<p>Desde Valldemossa podemos hacer algunas maravillosas <a href=\"https:\/\/www.click-mallorca.com\/blog\/rutas\/mejores-rutas-senderismo-mallorca\/\">excursiones de senderismo<\/a>, con distintos niveles de dificultad. La m\u00e1s recomendable es el camino del archiduque. Se trata de una ruta circular, en la que veremos parte del camino que mand\u00f3 construir el archiduque Luis Salvador, con unas vistas espectaculares.<\/p>\n\n\n\n<p>Podemos ampliar esta ruta, con la subida al Puig des Teix, una de las monta\u00f1as por encima de los 1000 metros en Mallorca. O incluso podemos optar por la ruta de Valldemossa a Deia, y regresar en bus p\u00fablico a Valldemossa.<\/p>\n\n\n\n<p>\ud83d\udccdPuedes reservar aqui esta ruta: <a href=\"https:\/\/www.click-mallorca.com\/excursiones\/ruta-de-senderismo-valldemossa\/\">ruta de senderismo en Valldemosa<\/a> con miradores y gu\u00eda local<\/p>\n\n\n\n<p>Cerca de la costa, podemos optar por la ruta de los miradores del Archiduque, y acercarnos hasta S\u2019 Estaca, la casa de Michael Douglas.<\/p>\n\n\n<div class=\"wp-block-image\">\n<figure class=\"aligncenter size-large\"><img loading=\"lazy\" decoding=\"async\" width=\"1024\" height=\"514\" src=\"https:\/\/www.click-mallorca.com\/blog\/wp-content\/uploads\/2020\/12\/senderismo-valldemossa-1024x514.jpg\" alt=\"actividades en valldemossa\" class=\"wp-image-4074\" srcset=\"https:\/\/www.click-mallorca.com\/blog\/wp-content\/uploads\/2020\/12\/senderismo-valldemossa-1024x514.jpg 1024w, https:\/\/www.click-mallorca.com\/blog\/wp-content\/uploads\/2020\/12\/senderismo-valldemossa-300x151.jpg 300w, https:\/\/www.click-mallorca.com\/blog\/wp-content\/uploads\/2020\/12\/senderismo-valldemossa-768x385.jpg 768w, https:\/\/www.click-mallorca.com\/blog\/wp-content\/uploads\/2020\/12\/senderismo-valldemossa.jpg 1112w\" sizes=\"auto, (max-width: 1024px) 100vw, 1024px\" \/><\/figure><\/div>\n\n\n<p>&nbsp;Para aquellos que no tienen coche y han venido de vacaciones a Mallorca, una buena opci\u00f3n para visitar y llegar a Valldemossa es con una excursi\u00f3n organizada desde su hotel o alojamiento. Aqu\u00ed pod\u00e9is encontrar algunas opciones:<\/p>\n\n\n\n<ul class=\"wp-block-list\">\n<li>Desde la zona norte: <a href=\"https:\/\/www.click-mallorca.com\/excursiones\/excursion-puerto-soller-valldemosa\/\">excursi\u00f3n a Valldemossa y el valle de Soller<\/a><\/li>\n\n\n\n<li>Desde la zona Este: <a href=\"https:\/\/www.click-mallorca.com\/excursiones\/excursion-a-palma-y-valldemossa\/\">excursi\u00f3n a Valldemossa y Palma<\/a><\/li>\n\n\n\n<li>Desde la zona sur: <a href=\"https:\/\/www.click-mallorca.com\/excursiones\/excursion-valldemosa\/\">excursi\u00f3n a Valldemossa<\/a><\/li>\n<\/ul>\n\n\n\n<p>La gran ventaja de ir en una excursi\u00f3n es que te recogen en tu hotel, tienes un gu\u00eda que te da los mejores consejos y en un mismo d\u00eda puedes visitar varios sitios.<\/p>\n\n\n\n<hr class=\"wp-block-separator has-text-color has-vivid-cyan-blue-color has-css-opacity has-vivid-cyan-blue-background-color has-background is-style-default\"\/>\n\n\n<div class=\"su-box su-box-style-default\" id=\"\" style=\"border-color:#0055cc;border-radius:3px;\"><div class=\"su-box-title\" style=\"background-color:#1188ff;color:#FFFFFF;border-top-left-radius:1px;border-top-right-radius:1px\">Planifica tu escapada a Mallorca<\/div><div class=\"su-box-content su-u-clearfix su-u-trim\" style=\"border-bottom-left-radius:1px;border-bottom-right-radius:1px\">\n<div class=\"content-box-area\">\n<div class=\"content-item\">\n        <span class=\"c-icon\"><i class=\"fas fa-camera\"><\/i><\/span><br \/>\n<span>Las mejores opciones para pasarlo bien en Mallorca: <a href=\"https:\/\/www.click-mallorca.com\/\">Excursiones en Mallorca<\/a><\/span><\/div>\n<div class=\"content-item\">\n        <span class=\"c-icon\"><i class=\"fas fa-bed\"><\/i><\/span><br \/>\n<span>Hoteles donde alojarte con cancelaci\u00f3n gratuita y al mejor precio: <a href=\"https:\/\/www.expedia.com\/affiliate\/RshNCLb region=767&amp;aid=2108356&amp;no_rooms=1&amp;group_adults=2\" rel=\"nofollow\">Hoteles en Mallorca<\/a><\/span><\/div>\n<div class=\"content-item\">\n        <span class=\"c-icon\"><i class=\"fas fa-car\"><\/i><\/span><br \/>\n<span>Alquila coches a los mejores precios. <a href=\"https:\/\/www.rentcars.com\/es\/?requestorid=5324&amp;utm_source=www.click-mallorca.com&amp;utm_medium=afiliado-link\" rel=\"nofollow\">Alquiler de coches en Mallorca<\/a><\/span><\/div>\n<div class=\"content-item\">\n        <span class=\"c-icon\"><i class=\"fas fa-plane\"><\/i><\/span><br \/>\n<span>Encuentra vuelos al mejor precio hacia Mallorca: <a href=\"https:\/\/skyscanner.pxf.io\/c\/3171348\/1027991\/13416?associateid=AFF_TRA_19354_00001\" rel=\"nofollow\">Vuelos a Mallorca<\/a><\/span><\/div>\n<div class=\"content-item\">\n        <span class=\"c-icon\"><i class=\"fas fa-ship\"><\/i><\/span><br \/>\n<span>Salidas y tours en barco y catamaran: <a href=\"https:\/\/www.click-mallorca.com\/actividades\/mallorca-paseos-barca-catamaran\/\">Excursiones en barco<\/a><\/span><\/div>\n<div class=\"content-item\">\n        <span class=\"c-icon\"><i class=\"fas fa-map\"><\/i><\/span><br \/>\n<span>Seguro de viaje: <a href=\"http:\/\/www.iatiseguros.com\/?r=67694918520896\">descuento en tu seguro IATI de un 5%<\/a><\/span><\/div>\n<\/div>\n<\/div><\/div>\n<!-- AddThis Advanced Settings generic via filter on the_content --><!-- AddThis Share Buttons generic via filter on the_content -->","protected":false},"excerpt":{"rendered":"<p>Valldemossa es uno de los pueblos m\u00e1s bonitos de Mallorca. Te hemos preparado una completa gu\u00eda de visita para que no te pierdas nada, y aproveches al m\u00e1ximo la visita.<!-- AddThis Advanced Settings generic via filter on get_the_excerpt --><!-- AddThis Share Buttons generic via filter on get_the_excerpt --><\/p>\n","protected":false},"author":2,"featured_media":15228,"comment_status":"open","ping_status":"open","sticky":false,"template":"","format":"standard","meta":{"footnotes":""},"categories":[40],"tags":[],"class_list":["post-4057","post","type-post","status-publish","format-standard","has-post-thumbnail","hentry","category-sitios"],"lang":"es","translations":{"es":4057,"de":15233,"en":15235},"pll_sync_post":[],"_links":{"self":[{"href":"https:\/\/www.click-mallorca.com\/blog\/wp-json\/wp\/v2\/posts\/4057","targetHints":{"allow":["GET"]}}],"collection":[{"href":"https:\/\/www.click-mallorca.com\/blog\/wp-json\/wp\/v2\/posts"}],"about":[{"href":"https:\/\/www.click-mallorca.com\/blog\/wp-json\/wp\/v2\/types\/post"}],"author":[{"embeddable":true,"href":"https:\/\/www.click-mallorca.com\/blog\/wp-json\/wp\/v2\/users\/2"}],"replies":[{"embeddable":true,"href":"https:\/\/www.click-mallorca.com\/blog\/wp-json\/wp\/v2\/comments?post=4057"}],"version-history":[{"count":24,"href":"https:\/\/www.click-mallorca.com\/blog\/wp-json\/wp\/v2\/posts\/4057\/revisions"}],"predecessor-version":[{"id":18186,"href":"https:\/\/www.click-mallorca.com\/blog\/wp-json\/wp\/v2\/posts\/4057\/revisions\/18186"}],"wp:featuredmedia":[{"embeddable":true,"href":"https:\/\/www.click-mallorca.com\/blog\/wp-json\/wp\/v2\/media\/15228"}],"wp:attachment":[{"href":"https:\/\/www.click-mallorca.com\/blog\/wp-json\/wp\/v2\/media?parent=4057"}],"wp:term":[{"taxonomy":"category","embeddable":true,"href":"https:\/\/www.click-mallorca.com\/blog\/wp-json\/wp\/v2\/categories?post=4057"},{"taxonomy":"post_tag","embeddable":true,"href":"https:\/\/www.click-mallorca.com\/blog\/wp-json\/wp\/v2\/tags?post=4057"}],"curies":[{"name":"wp","href":"https:\/\/api.w.org\/{rel}","templated":true}]}}