{"id":4709,"date":"2024-11-19T17:13:18","date_gmt":"2024-11-19T17:13:18","guid":{"rendered":"https:\/\/www.click-mallorca.com\/blog\/?p=4709"},"modified":"2026-02-24T07:09:02","modified_gmt":"2026-02-24T07:09:02","slug":"punta-amer","status":"publish","type":"post","link":"https:\/\/www.click-mallorca.com\/blog\/rutas\/punta-amer\/","title":{"rendered":"Punta de N\u2019Amer: la gu\u00eda completa para disfrutar una de las rutas m\u00e1s bonitas del levante de Mallorca"},"content":{"rendered":"\n<p>La <strong>Punta de N\u2019Amer<\/strong> es uno de los espacios naturales m\u00e1s especiales del levante mallorqu\u00edn: una pen\u00ednsula protegida que conserva dunas, bosques de pinar, acantilados, un castillo defensivo del siglo XVII y un litoral casi virgen entre <strong>Sa Coma<\/strong> y <strong>Cala Millor<\/strong>.<\/p>\n\n\n\n<p>Es una excursi\u00f3n perfecta para invierno, oto\u00f1o o primavera, cuando el clima es suave y permite disfrutar al m\u00e1ximo de sus senderos. Pero tambi\u00e9n es una excelente opci\u00f3n en verano si se realiza a primera hora de la ma\u00f1ana o al atardecer.<\/p>\n\n\n\n<p>Con la llegada de la temporada baja, os empezamos a proponer cosas qu\u00e9 hacer y <a href=\"https:\/\/www.barcelo.com\/pinandtravel\/es\/que-ver-y-hacer-en-mallorca-en-invierno\/\">que ver en Mallorca en invierno<\/a>. <strong>La excursi\u00f3n a la punta de N\u2019Amer es una interesant\u00edsima ruta por un espacio natural cerca de Sa Coma y Cala Millor<\/strong>. La excursi\u00f3n tiene un poco de todo: costa virgen, una antigua torre defensiva, naturaleza y bonitas visas. Te proponemos una excursi\u00f3n circular, pero hay tantos senderos y caminos en la punta de N\u2019Amer que puedes variar la ruta a tu elecci\u00f3n.<\/p>\n\n\n<div class=\"wp-block-image\">\n<figure class=\"aligncenter size-large\"><img loading=\"lazy\" decoding=\"async\" width=\"1024\" height=\"339\" src=\"https:\/\/www.click-mallorca.com\/blog\/wp-content\/uploads\/2021\/02\/excursion-a-la-punta-n-amer-1024x339.jpg\" alt=\"Excursion a la Punta de N Amer en Mallorca\" class=\"wp-image-4719\" srcset=\"https:\/\/www.click-mallorca.com\/blog\/wp-content\/uploads\/2021\/02\/excursion-a-la-punta-n-amer-1024x339.jpg 1024w, https:\/\/www.click-mallorca.com\/blog\/wp-content\/uploads\/2021\/02\/excursion-a-la-punta-n-amer-300x99.jpg 300w, https:\/\/www.click-mallorca.com\/blog\/wp-content\/uploads\/2021\/02\/excursion-a-la-punta-n-amer-768x254.jpg 768w, https:\/\/www.click-mallorca.com\/blog\/wp-content\/uploads\/2021\/02\/excursion-a-la-punta-n-amer-150x50.jpg 150w, https:\/\/www.click-mallorca.com\/blog\/wp-content\/uploads\/2021\/02\/excursion-a-la-punta-n-amer.jpg 1342w\" sizes=\"auto, (max-width: 1024px) 100vw, 1024px\" \/><\/figure><\/div>\n\n\n<p>En esta gu\u00eda creada por tu amigo experto Click Mallorca. te mostramos <strong>c\u00f3mo es la ruta<\/strong>, <strong>qu\u00e9 ver<\/strong>, <strong>su historia<\/strong>, <strong>d\u00f3nde empezar<\/strong>, <strong>c\u00f3mo llegar<\/strong>, y muchos consejos locales para aprovechar tu visita.<\/p>\n\n\n\n<p><\/p>\n\n\n\n<div id=\"ez-toc-container\" class=\"ez-toc-v2_0_72 counter-hierarchy ez-toc-counter ez-toc-light-blue ez-toc-container-direction\">\n<label for=\"ez-toc-cssicon-toggle-item-69f25cc4ded00\" class=\"ez-toc-cssicon-toggle-label\"><span class=\"\"><span class=\"eztoc-hide\" style=\"display:none;\">Toggle<\/span><span class=\"ez-toc-icon-toggle-span\"><svg style=\"fill: #999;color:#999\" xmlns=\"http:\/\/www.w3.org\/2000\/svg\" class=\"list-377408\" width=\"20px\" height=\"20px\" viewBox=\"0 0 24 24\" fill=\"none\"><path d=\"M6 6H4v2h2V6zm14 0H8v2h12V6zM4 11h2v2H4v-2zm16 0H8v2h12v-2zM4 16h2v2H4v-2zm16 0H8v2h12v-2z\" fill=\"currentColor\"><\/path><\/svg><svg style=\"fill: #999;color:#999\" class=\"arrow-unsorted-368013\" xmlns=\"http:\/\/www.w3.org\/2000\/svg\" width=\"10px\" height=\"10px\" viewBox=\"0 0 24 24\" version=\"1.2\" baseProfile=\"tiny\"><path d=\"M18.2 9.3l-6.2-6.3-6.2 6.3c-.2.2-.3.4-.3.7s.1.5.3.7c.2.2.4.3.7.3h11c.3 0 .5-.1.7-.3.2-.2.3-.5.3-.7s-.1-.5-.3-.7zM5.8 14.7l6.2 6.3 6.2-6.3c.2-.2.3-.5.3-.7s-.1-.5-.3-.7c-.2-.2-.4-.3-.7-.3h-11c-.3 0-.5.1-.7.3-.2.2-.3.5-.3.7s.1.5.3.7z\"\/><\/svg><\/span><\/span><\/label><input type=\"checkbox\"  id=\"ez-toc-cssicon-toggle-item-69f25cc4ded00\"  aria-label=\"Toggle\" \/><nav><ul class='ez-toc-list ez-toc-list-level-1 ' ><li class='ez-toc-page-1 ez-toc-heading-level-2'><a class=\"ez-toc-link ez-toc-heading-1\" href=\"https:\/\/www.click-mallorca.com\/blog\/rutas\/punta-amer\/#ficha-tecnica-de-la-ruta-a-la-punta-de-namer\" title=\"Ficha t\u00e9cnica de la ruta a la Punta de N\u2019Amer\">Ficha t\u00e9cnica de la ruta a la Punta de N\u2019Amer<\/a><\/li><li class='ez-toc-page-1 ez-toc-heading-level-2'><a class=\"ez-toc-link ez-toc-heading-2\" href=\"https:\/\/www.click-mallorca.com\/blog\/rutas\/punta-amer\/#itinerario-detallado-de-la-excursion\" title=\"Itinerario detallado de la excursi\u00f3n\">Itinerario detallado de la excursi\u00f3n<\/a><ul class='ez-toc-list-level-3' ><li class='ez-toc-heading-level-3'><a class=\"ez-toc-link ez-toc-heading-3\" href=\"https:\/\/www.click-mallorca.com\/blog\/rutas\/punta-amer\/#inicio-en-sa-coma-dunas-pinar-mediterraneo-y-nidos-de-ametralladora\" title=\"Inicio en Sa Coma: dunas, pinar mediterr\u00e1neo y nidos de ametralladora\">Inicio en Sa Coma: dunas, pinar mediterr\u00e1neo y nidos de ametralladora<\/a><\/li><li class='ez-toc-page-1 ez-toc-heading-level-3'><a class=\"ez-toc-link ez-toc-heading-4\" href=\"https:\/\/www.click-mallorca.com\/blog\/rutas\/punta-amer\/#camino-principal-hacia-es-castellet-la-joya-de-la-ruta\" title=\"Camino principal hacia Es Castellet, la joya de la ruta\">Camino principal hacia Es Castellet, la joya de la ruta<\/a><\/li><li class='ez-toc-page-1 ez-toc-heading-level-3'><a class=\"ez-toc-link ez-toc-heading-5\" href=\"https:\/\/www.click-mallorca.com\/blog\/rutas\/punta-amer\/#que-ver-en-el-castillo-de-namer\" title=\"Qu\u00e9 ver en el Castillo de N\u2019Amer\">Qu\u00e9 ver en el Castillo de N\u2019Amer<\/a><\/li><li class='ez-toc-page-1 ez-toc-heading-level-3'><a class=\"ez-toc-link ez-toc-heading-6\" href=\"https:\/\/www.click-mallorca.com\/blog\/rutas\/punta-amer\/#tramo-costero-acantilados-rocas-moldeadas-y-paisaje-salvaje\" title=\"Tramo costero: acantilados, rocas moldeadas y paisaje salvaje\">Tramo costero: acantilados, rocas moldeadas y paisaje salvaje<\/a><\/li><\/ul><\/li><li class='ez-toc-page-1 ez-toc-heading-level-2'><a class=\"ez-toc-link ez-toc-heading-7\" href=\"https:\/\/www.click-mallorca.com\/blog\/rutas\/punta-amer\/#mapa-y-gpx-de-la-ruta-de-la-punta-de-namer\" title=\"Mapa y GPX de la ruta de la Punta de N\u2019Amer\">Mapa y GPX de la ruta de la Punta de N\u2019Amer<\/a><\/li><li class='ez-toc-page-1 ez-toc-heading-level-2'><a class=\"ez-toc-link ez-toc-heading-8\" href=\"https:\/\/www.click-mallorca.com\/blog\/rutas\/punta-amer\/#consejos-locales-para-disfrutar-la-excursion-a-punta-de-namer\" title=\"Consejos locales para disfrutar la excursi\u00f3n a Punta de N\u2019Amer\">Consejos locales para disfrutar la excursi\u00f3n a Punta de N\u2019Amer<\/a><ul class='ez-toc-list-level-3' ><li class='ez-toc-heading-level-3'><a class=\"ez-toc-link ez-toc-heading-9\" href=\"https:\/\/www.click-mallorca.com\/blog\/rutas\/punta-amer\/#elige-bien-la-hora-amanecer-o-tarde-los-mejores-momentos-del-dia\" title=\"Elige bien la hora: amanecer o tarde, los mejores momentos del d\u00eda\">Elige bien la hora: amanecer o tarde, los mejores momentos del d\u00eda<\/a><\/li><li class='ez-toc-page-1 ez-toc-heading-level-3'><a class=\"ez-toc-link ez-toc-heading-10\" href=\"https:\/\/www.click-mallorca.com\/blog\/rutas\/punta-amer\/#lleva-agua-y-calzado-adecuado\" title=\"Lleva Agua y Calzado adecuado\">Lleva Agua y Calzado adecuado<\/a><\/li><li class='ez-toc-page-1 ez-toc-heading-level-3'><a class=\"ez-toc-link ez-toc-heading-11\" href=\"https:\/\/www.click-mallorca.com\/blog\/rutas\/punta-amer\/#respeto-absoluto-por-el-entorno-natural\" title=\"Respeto absoluto por el entorno natural\">Respeto absoluto por el entorno natural<\/a><\/li><li class='ez-toc-page-1 ez-toc-heading-level-3'><a class=\"ez-toc-link ez-toc-heading-12\" href=\"https:\/\/www.click-mallorca.com\/blog\/rutas\/punta-amer\/#observacion-de-fauna-lagartijas-aves-y-conejos\" title=\"Observaci\u00f3n de fauna: lagartijas, aves y conejos\">Observaci\u00f3n de fauna: lagartijas, aves y conejos<\/a><\/li><li class='ez-toc-page-1 ez-toc-heading-level-3'><a class=\"ez-toc-link ez-toc-heading-13\" href=\"https:\/\/www.click-mallorca.com\/blog\/rutas\/punta-amer\/#aprovecha-la-red-de-senderos-para-personalizar-tu-ruta\" title=\"Aprovecha la red de senderos para personalizar tu ruta\">Aprovecha la red de senderos para personalizar tu ruta<\/a><\/li><li class='ez-toc-page-1 ez-toc-heading-level-3'><a class=\"ez-toc-link ez-toc-heading-14\" href=\"https:\/\/www.click-mallorca.com\/blog\/rutas\/punta-amer\/#%f0%9f%93%b8-lugares-perfectos-para-fotografia\" title=\"\ud83d\udcf8 Lugares perfectos para fotograf\u00eda\">\ud83d\udcf8 Lugares perfectos para fotograf\u00eda<\/a><\/li><li class='ez-toc-page-1 ez-toc-heading-level-3'><a class=\"ez-toc-link ez-toc-heading-15\" href=\"https:\/\/www.click-mallorca.com\/blog\/rutas\/punta-amer\/#pausa-recomendada-en-el-bar-del-castillo-de-namer\" title=\"Pausa recomendada en el bar del Castillo de N\u2019Amer\">Pausa recomendada en el bar del Castillo de N\u2019Amer<\/a><\/li><\/ul><\/li><li class='ez-toc-page-1 ez-toc-heading-level-2'><a class=\"ez-toc-link ez-toc-heading-16\" href=\"https:\/\/www.click-mallorca.com\/blog\/rutas\/punta-amer\/#preguntas-frecuentes-sobre-punta-de-namer\" title=\"Preguntas frecuentes sobre Punta de N\u2019Amer\">Preguntas frecuentes sobre Punta de N\u2019Amer<\/a><\/li><\/ul><\/nav><\/div>\n<h2 class=\"wp-block-heading parrafo-azul\" id=\"ficha-tecnica-de-la-ruta-a-la-punta-de-n-amer\"><span class=\"ez-toc-section\" id=\"ficha-tecnica-de-la-ruta-a-la-punta-de-namer\"><\/span>Ficha t\u00e9cnica de la ruta a la Punta de N\u2019Amer<span class=\"ez-toc-section-end\"><\/span><\/h2>\n\n\n\n<ul class=\"wp-block-list\">\n<li><strong>Duraci\u00f3n<\/strong>: se trata de una excursi\u00f3n corta, a la que le vamos a dedicar unas dos horas<\/li>\n\n\n\n<li><strong>Dificultad<\/strong>: es f\u00e1cil y c\u00f3moda, ya que todo el terreno es llano y no representa ninguna dificultad<\/li>\n\n\n\n<li><strong>Distancia<\/strong>: unos 8 kil\u00f3metros<\/li>\n\n\n\n<li><strong>Tipo de excursi\u00f3n<\/strong>: ruta de senderismo circular, en la que puedes variar el itinerario propuesto ya que hay multitud de senderos y caminos<\/li>\n\n\n\n<li><strong>Situaci\u00f3n<\/strong>: La excursi\u00f3n a la punta de N\u2019Amer se puede hacer desde Cala Millor o Sa Coma. En nuestra ruta os proponemos empezar en Sa Coma, al final de la avinguda de Ses Palmeres<\/li>\n<\/ul>\n\n\n\n<h2 class=\"wp-block-heading parrafo-azul\" id=\"itinerario-de-la-excursion\"><span class=\"ez-toc-section\" id=\"itinerario-detallado-de-la-excursion\"><\/span>Itinerario detallado de la excursi\u00f3n<span class=\"ez-toc-section-end\"><\/span><\/h2>\n\n\n\n<h3 class=\"wp-block-heading\"><span class=\"ez-toc-section\" id=\"inicio-en-sa-coma-dunas-pinar-mediterraneo-y-nidos-de-ametralladora\"><\/span>Inicio en Sa Coma: dunas, pinar mediterr\u00e1neo y nidos de ametralladora<span class=\"ez-toc-section-end\"><\/span><\/h3>\n\n\n\n<p>Empezamos la excursi\u00f3n en Sa Coma, y podemos aparcar sin problemas al final de la avinguda de Ses Palmeres. En el lado izquierdo (mirando al mar) vemos un cartel de entrada a la Punta de N\u2019Amer. Se trata de un camino amplio y muy f\u00e1cil de seguir. Apenas unos minutos despu\u00e9s vemos en el lado derecho <strong>unos antiguos nidos de ametralladora<\/strong>.<\/p>\n\n\n<div class=\"wp-block-image\">\n<figure class=\"aligncenter size-large\"><img loading=\"lazy\" decoding=\"async\" width=\"1024\" height=\"485\" src=\"https:\/\/www.click-mallorca.com\/blog\/wp-content\/uploads\/2021\/02\/nidos-de-ametralladora-punta-amer-1024x485.jpg\" alt=\"Nidos de ametralladora en Sa Coma al inicio punta Amer\" class=\"wp-image-4718\" srcset=\"https:\/\/www.click-mallorca.com\/blog\/wp-content\/uploads\/2021\/02\/nidos-de-ametralladora-punta-amer-1024x485.jpg 1024w, https:\/\/www.click-mallorca.com\/blog\/wp-content\/uploads\/2021\/02\/nidos-de-ametralladora-punta-amer-300x142.jpg 300w, https:\/\/www.click-mallorca.com\/blog\/wp-content\/uploads\/2021\/02\/nidos-de-ametralladora-punta-amer-768x363.jpg 768w, https:\/\/www.click-mallorca.com\/blog\/wp-content\/uploads\/2021\/02\/nidos-de-ametralladora-punta-amer-520x245.jpg 520w, https:\/\/www.click-mallorca.com\/blog\/wp-content\/uploads\/2021\/02\/nidos-de-ametralladora-punta-amer-720x340.jpg 720w, https:\/\/www.click-mallorca.com\/blog\/wp-content\/uploads\/2021\/02\/nidos-de-ametralladora-punta-amer-150x71.jpg 150w, https:\/\/www.click-mallorca.com\/blog\/wp-content\/uploads\/2021\/02\/nidos-de-ametralladora-punta-amer.jpg 1105w\" sizes=\"auto, (max-width: 1024px) 100vw, 1024px\" \/><\/figure><\/div>\n\n\n<p>Estos nidos de ametralladora fueron construidos durante la guerra Civil Espa\u00f1ola, entre 1936-1939, con el objetivo de impedir el desembarco de las tropas republicanas en la costa de Mallorca. Son c\u00f3mo fortalezas camufladas, que abundan en la costa de la isla. Seguro que las has visto en muchos otros sitios. Por poner un ejemplo en la <a href=\"https:\/\/www.click-mallorca.com\/blog\/playas\/playa-es-trenc\/\">playa de Es Trenc<\/a>.<\/p>\n\n\n<div class=\"wp-block-image\">\n<figure class=\"aligncenter size-large\"><img loading=\"lazy\" decoding=\"async\" width=\"1024\" height=\"611\" src=\"https:\/\/www.click-mallorca.com\/blog\/wp-content\/uploads\/2021\/02\/excursion-punta-n-amer-1024x611.jpg\" alt=\"Sendero o camino de la ruta de la excursi\u00f3n\" class=\"wp-image-4714\" srcset=\"https:\/\/www.click-mallorca.com\/blog\/wp-content\/uploads\/2021\/02\/excursion-punta-n-amer-1024x611.jpg 1024w, https:\/\/www.click-mallorca.com\/blog\/wp-content\/uploads\/2021\/02\/excursion-punta-n-amer-300x179.jpg 300w, https:\/\/www.click-mallorca.com\/blog\/wp-content\/uploads\/2021\/02\/excursion-punta-n-amer-768x458.jpg 768w, https:\/\/www.click-mallorca.com\/blog\/wp-content\/uploads\/2021\/02\/excursion-punta-n-amer-150x89.jpg 150w, https:\/\/www.click-mallorca.com\/blog\/wp-content\/uploads\/2021\/02\/excursion-punta-n-amer.jpg 1118w\" sizes=\"auto, (max-width: 1024px) 100vw, 1024px\" \/><\/figure><\/div>\n\n\n<p>Despu\u00e9s de dar un vistazo a estos nidos de ametralladora, continuaremos nuestra ruta por el amplio camino de tierra. <\/p>\n\n\n\n<h3 class=\"wp-block-heading\"><span class=\"ez-toc-section\" id=\"camino-principal-hacia-es-castellet-la-joya-de-la-ruta\"><\/span>Camino principal hacia Es Castellet, la joya de la ruta<span class=\"ez-toc-section-end\"><\/span><\/h3>\n\n\n\n<p>Iremos viendo que van apareciendo otros peque\u00f1os caminos y senderos, que no cogeremos. Nuestro destino es el castillo de N\u2019Amer, que ya empezamos a divisar a lo lejos. Despu\u00e9s de haber andado unos dos kil\u00f3metros, llegaremos a \u00e9l.<\/p>\n\n\n<div class=\"wp-block-image\">\n<figure class=\"aligncenter size-large\"><img loading=\"lazy\" decoding=\"async\" width=\"1024\" height=\"637\" src=\"https:\/\/www.click-mallorca.com\/blog\/wp-content\/uploads\/2021\/02\/castillo-de-n-amer-1024x637.jpg\" alt=\"Castillo de Amer\" class=\"wp-image-4713\" srcset=\"https:\/\/www.click-mallorca.com\/blog\/wp-content\/uploads\/2021\/02\/castillo-de-n-amer-1024x637.jpg 1024w, https:\/\/www.click-mallorca.com\/blog\/wp-content\/uploads\/2021\/02\/castillo-de-n-amer-300x187.jpg 300w, https:\/\/www.click-mallorca.com\/blog\/wp-content\/uploads\/2021\/02\/castillo-de-n-amer-768x478.jpg 768w, https:\/\/www.click-mallorca.com\/blog\/wp-content\/uploads\/2021\/02\/castillo-de-n-amer-150x93.jpg 150w, https:\/\/www.click-mallorca.com\/blog\/wp-content\/uploads\/2021\/02\/castillo-de-n-amer.jpg 1100w\" sizes=\"auto, (max-width: 1024px) 100vw, 1024px\" \/><\/figure><\/div>\n\n\n<p><strong>El <a href=\"https:\/\/es.wikipedia.org\/wiki\/Castillo_de_Amer\" target=\"_blank\" rel=\"noreferrer noopener nofollow\">Castillo de N\u2019Amer<\/a> es tambi\u00e9n conocido c\u00f3mo Es Castellet. M\u00e1s que un castillo se trata de una torre defensiva construida a finales del siglo 17<\/strong> y restaurada en el siglo 20. Es de forma cuadrada, rodeada de un foso y con un puente de madera que da acceso al interior. Si nos fijamos en la parte superior se ven unos ca\u00f1ones.<\/p>\n\n\n\n<p>El conjunto de la torre est\u00e1 construido en siller\u00eda de mar\u00e9s, en la planta baja, que cuenta con una chimenea, se encontraban las dependencias para la tropa, ten\u00eda un altillo dispuesto perimetralmente sobre unas vigas de madera desde el que se acced\u00eda a las ventanas troneras de las cuatro caras y tambi\u00e9n al mecanismo de elevaci\u00f3n del puente de entrada. Se accede a la planta superior por una escalera de caracol que da paso tambi\u00e9n al altillo. Actualmente acoge un museo, y abre cada d\u00eda. Aunque, en estos tiempos de Covid, o al menos durante nuestra visita, se encontraba cerrado.<\/p>\n\n\n\n<h3 class=\"wp-block-heading\"><span class=\"ez-toc-section\" id=\"que-ver-en-el-castillo-de-namer\"><\/span>Qu\u00e9 ver en el Castillo de N\u2019Amer<span class=\"ez-toc-section-end\"><\/span><\/h3>\n\n\n\n<ul class=\"wp-block-list\">\n<li>Torre defensiva cuadrada construida en <strong>mar\u00e9s<\/strong>, la piedra arenisca t\u00edpica de Mallorca<\/li>\n\n\n\n<li>Foso perimetral y <strong>puente de madera<\/strong><\/li>\n\n\n\n<li>Ca\u00f1ones y troneras con vistas directas al litoral<\/li>\n\n\n\n<li>Escalera de caracol hacia la terraza superior<\/li>\n\n\n\n<li>Peque\u00f1o museo interior (abierto seg\u00fan temporada)<\/li>\n<\/ul>\n\n\n\n<p>Al lado del Castillo encontramos <strong>el restaurante de la Punta de N\u2019Amer,<\/strong> que cuenta con unas bonitas vistas de la costa. Es una buena opci\u00f3n para hacer una parada, y disfrutar de la tranquilidad del lugar. Ofrecen snacks y bebidas, aunque se debe pedir en la barra, ya que no hay servicio en mesa.<\/p>\n\n\n\n<p>Proseguimos ahora nuestro itinerario, y tomamos un camino que sale detr\u00e1s del castillo, en su lateral derecho. Este camino nos llevar\u00e1 hasta el mar. En el mapa de nuestra ruta (lo ten\u00e9is m\u00e1s abajo) nos vamos hacia la izquierda, pero debemos deciros que, si quer\u00e9is ir hacia la derecha, pod\u00e9is echar un vistazo a unas antiguas canteras de piedra.<\/p>\n\n\n<div class=\"wp-block-image\">\n<figure class=\"aligncenter size-large\"><img loading=\"lazy\" decoding=\"async\" width=\"1024\" height=\"636\" src=\"https:\/\/www.click-mallorca.com\/blog\/wp-content\/uploads\/2021\/02\/sendero-punta-de-n-amer-1024x636.jpg\" alt=\"Sendero de la ruta por la costa\" class=\"wp-image-4717\" srcset=\"https:\/\/www.click-mallorca.com\/blog\/wp-content\/uploads\/2021\/02\/sendero-punta-de-n-amer-1024x636.jpg 1024w, https:\/\/www.click-mallorca.com\/blog\/wp-content\/uploads\/2021\/02\/sendero-punta-de-n-amer-300x186.jpg 300w, https:\/\/www.click-mallorca.com\/blog\/wp-content\/uploads\/2021\/02\/sendero-punta-de-n-amer-768x477.jpg 768w, https:\/\/www.click-mallorca.com\/blog\/wp-content\/uploads\/2021\/02\/sendero-punta-de-n-amer-150x93.jpg 150w, https:\/\/www.click-mallorca.com\/blog\/wp-content\/uploads\/2021\/02\/sendero-punta-de-n-amer.jpg 1119w\" sizes=\"auto, (max-width: 1024px) 100vw, 1024px\" \/><\/figure><\/div>\n\n\n<h3 class=\"wp-block-heading\"><span class=\"ez-toc-section\" id=\"tramo-costero-acantilados-rocas-moldeadas-y-paisaje-salvaje\"><\/span>Tramo costero: acantilados, rocas moldeadas y paisaje salvaje<span class=\"ez-toc-section-end\"><\/span><\/h3>\n\n\n\n<p><strong>El sendero discurre ahora bordeando el litoral costero<\/strong>, y vemos c\u00f3mo ha cambiado notablemente la vegetaci\u00f3n. Caminamos sobre piedras moldeadas por efectos del agua y el mar, en un terreno pedregoso. Iremos viendo diferentes hitos de piedra, que son totalmente innecesarios ya que es muy f\u00e1cil seguir el camino.<\/p>\n\n\n\n<p>Despu\u00e9s de pasar la punta de N\u2019Amer, veremos en el lado izquierdo el <strong>v\u00e9rtice geod\u00e9sico<\/strong>. Nos acercamos a \u00e9l para disfrutar de las vistas y sacar las fotos de rigor. Desde all\u00ed, continuamos por la izquierda (direcci\u00f3n Cala Millor) pasando por los restos de una antigua cantera de mares, y bajando de nuevo al litoral.<\/p>\n\n\n<div class=\"wp-block-image\">\n<figure class=\"aligncenter size-large\"><img loading=\"lazy\" decoding=\"async\" width=\"1024\" height=\"653\" src=\"https:\/\/www.click-mallorca.com\/blog\/wp-content\/uploads\/2021\/02\/punta-de-n-amer-vertice-geodesico-1024x653.jpg\" alt=\"Punta de N amer vertice geodesico\" class=\"wp-image-4715\" srcset=\"https:\/\/www.click-mallorca.com\/blog\/wp-content\/uploads\/2021\/02\/punta-de-n-amer-vertice-geodesico-1024x653.jpg 1024w, https:\/\/www.click-mallorca.com\/blog\/wp-content\/uploads\/2021\/02\/punta-de-n-amer-vertice-geodesico-300x191.jpg 300w, https:\/\/www.click-mallorca.com\/blog\/wp-content\/uploads\/2021\/02\/punta-de-n-amer-vertice-geodesico-768x490.jpg 768w, https:\/\/www.click-mallorca.com\/blog\/wp-content\/uploads\/2021\/02\/punta-de-n-amer-vertice-geodesico-150x96.jpg 150w, https:\/\/www.click-mallorca.com\/blog\/wp-content\/uploads\/2021\/02\/punta-de-n-amer-vertice-geodesico.jpg 1104w\" sizes=\"auto, (max-width: 1024px) 100vw, 1024px\" \/><\/figure><\/div>\n\n\n<p>Desde aqu\u00ed seguimos el sendero del litoral hasta que m\u00e1s adelante encontramos a nuestra izquierda un amplio camino de tierra. En nuestro caso optamos no por el primero, sino el segundo. De esta forma alargamos un poco m\u00e1s la ruta, y pasamos por la zona dunar que actualmente est\u00e1 en regeneraci\u00f3n.<\/p>\n\n\n<div class=\"wp-block-image\">\n<figure class=\"aligncenter size-large\"><img loading=\"lazy\" decoding=\"async\" width=\"1024\" height=\"650\" src=\"https:\/\/www.click-mallorca.com\/blog\/wp-content\/uploads\/2021\/02\/ruta-senderismo-mallorca-sa-coma-1024x650.jpg\" alt=\"excursion por mallorca\" class=\"wp-image-4716\" srcset=\"https:\/\/www.click-mallorca.com\/blog\/wp-content\/uploads\/2021\/02\/ruta-senderismo-mallorca-sa-coma-1024x650.jpg 1024w, https:\/\/www.click-mallorca.com\/blog\/wp-content\/uploads\/2021\/02\/ruta-senderismo-mallorca-sa-coma-300x191.jpg 300w, https:\/\/www.click-mallorca.com\/blog\/wp-content\/uploads\/2021\/02\/ruta-senderismo-mallorca-sa-coma-768x488.jpg 768w, https:\/\/www.click-mallorca.com\/blog\/wp-content\/uploads\/2021\/02\/ruta-senderismo-mallorca-sa-coma-150x95.jpg 150w, https:\/\/www.click-mallorca.com\/blog\/wp-content\/uploads\/2021\/02\/ruta-senderismo-mallorca-sa-coma.jpg 1113w\" sizes=\"auto, (max-width: 1024px) 100vw, 1024px\" \/><\/figure><\/div>\n\n\n<p>Desde este punto seguimos recto por este amplio camino de tierra hasta encontrarnos con el camino donde hemos empezado la ruta. En este punto, en lugar de seguir a la derecha por ese camino y regresar al punto de inicio de la excursi\u00f3n, os proponemos algo diferente. Seguiremos recto por un sendero que discurre paralelo a un pinar hasta encontrarnos de nuevo el litoral de la costa, y por aqu\u00ed iremos costeando bien hasta la playa de Sa Coma o hasta que nos cansemos y veamos alg\u00fan sendero que nos lleve a retomar el camino principal.<\/p>\n\n\n\n<p><\/p>\n\n\n\n<p><strong>La ruta no tiene perdida, y es muy f\u00e1cil orientarse <\/strong>pues siempre tienes de referencia los hoteles de Sa Coma. En los caminos principales hay siempre m\u00e1s gente, mientras que en los senderos apenas hay nadie. Al final, es un poco las ganas de explorar que tenga cada uno.<\/p>\n\n\n\n<h2 class=\"wp-block-heading parrafo-azul\" id=\"mapa-de-la-ruta-de-la-punta-de-n-amer\"><span class=\"ez-toc-section\" id=\"mapa-y-gpx-de-la-ruta-de-la-punta-de-namer\"><\/span>Mapa y GPX de la ruta de la Punta de N\u2019Amer<span class=\"ez-toc-section-end\"><\/span><\/h2>\n\n\n\n<p>A continuaci\u00f3n, pod\u00e9is ver el perfil de la ruta de esta excursi\u00f3n a la Punta de N\u2019amer. Hemos subido la ruta a la popular app de rutas de wikiloc. Si no hab\u00e9is probado la app os lo recomendamos. Se puede seguir la ruta con el GPS del smartphone, y te va indicando si vas en el buen camino. La encontramos muy pr\u00e1ctica y \u00fatil en las excursiones a pie por Mallorca.<\/p>\n\n\n\n<iframe loading=\"lazy\" frameborder=\"0\" scrolling=\"no\" src=\"https:\/\/es.wikiloc.com\/wikiloc\/spatialArtifacts.do?event=view&amp;id=65653779&amp;measures=off&amp;title=on&amp;near=off&amp;images=off&amp;maptype=H\" width=\"1000\" height=\"600\"><\/iframe><div style=\"color:#777;font-size:11px;line-height:16px;\">Powered by <a style=\"color:#06d;font-size:11px;line-height:16px;\" target=\"_blank\" href=\"https:\/\/es.wikiloc.com\" rel=\"noopener noreferrer\">Wikiloc<\/a><\/div>\n\n\n\n<h2 class=\"wp-block-heading parrafo-azul\"><span class=\"ez-toc-section\" id=\"consejos-locales-para-disfrutar-la-excursion-a-punta-de-namer\"><\/span>Consejos locales para disfrutar la excursi\u00f3n a Punta de N\u2019Amer<span class=\"ez-toc-section-end\"><\/span><\/h2>\n\n\n\n<h3 class=\"wp-block-heading\"><span class=\"ez-toc-section\" id=\"elige-bien-la-hora-amanecer-o-tarde-los-mejores-momentos-del-dia\"><\/span>Elige bien la hora: amanecer o tarde, los mejores momentos del d\u00eda<span class=\"ez-toc-section-end\"><\/span><\/h3>\n\n\n\n<p>La Punta de N\u2019Amer es un espacio <strong>muy expuesto al sol<\/strong>, por lo que los locales solemos hacer esta excursi\u00f3n <strong>a primera hora<\/strong> o <strong>al atardecer<\/strong>, cuando el camino es m\u00e1s fresco y la luz convierte el paisaje en una postal espectacular. Adem\u00e1s, encontrar\u00e1s menos gente y fauna m\u00e1s activa.<\/p>\n\n\n\n<h3 class=\"wp-block-heading\"><span class=\"ez-toc-section\" id=\"lleva-agua-y-calzado-adecuado\"><\/span>Lleva Agua y Calzado adecuado<span class=\"ez-toc-section-end\"><\/span><\/h3>\n\n\n\n<p>Aunque gran parte del sendero es f\u00e1cil, el tramo costero presenta <strong>roca marina irregular, f\u00f3siles incrustados y superficies abrasivas<\/strong>.<br>Se recomienda:<br><br>\u2714 Calzado deportivo con suela firme<br>\u2714 No usar chanclas ni sandalias finas<br>\u2714 Especial atenci\u00f3n si el mar est\u00e1 agitado, ya que la roca puede estar h\u00fameda<\/p>\n\n\n\n<p><strong>Lleva suficiente agua: no hay fuentes en todo el recorrido<\/strong>.: Al ser un <strong>parque natural protegido<\/strong>, no existen puntos de abastecimiento.<br><\/p>\n\n\n\n<h3 class=\"wp-block-heading\"><span class=\"ez-toc-section\" id=\"respeto-absoluto-por-el-entorno-natural\"><\/span>Respeto absoluto por el entorno natural<span class=\"ez-toc-section-end\"><\/span><\/h3>\n\n\n\n<p>La Punta de N\u2019Amer es un <strong>ANEI<\/strong> (\u00c1rea Natural de Especial Inter\u00e9s).<br>Qu\u00e9 debes tener en cuenta:<br>\u2714 No salgas de los senderos (protecci\u00f3n de dunas y flora end\u00e9mica)<br>\u2714 No arranques plantas ni moleste a lagartijas o aves marinas<br>\u2714 No construyas nuevos hitos de piedras<br>\u2714 No accedas a zonas se\u00f1alizadas como \u201crestauraci\u00f3n dunar\u201d<\/p>\n\n\n\n<p>Esto ayuda a conservar uno de los ecosistemas dunares mejor preservados del levante mallorqu\u00edn.<\/p>\n\n\n\n<h3 class=\"wp-block-heading\"><span class=\"ez-toc-section\" id=\"observacion-de-fauna-lagartijas-aves-y-conejos\"><\/span>Observaci\u00f3n de fauna: lagartijas, aves y conejos<span class=\"ez-toc-section-end\"><\/span><\/h3>\n\n\n\n<p>Si vas en silencio y evitas horas de masificaci\u00f3n, podr\u00e1s ver:<\/p>\n\n\n\n<ul class=\"wp-block-list\">\n<li><strong>Lagartija balear<\/strong> (endemismo de Mallorca y Cabrera)<\/li>\n\n\n\n<li>Cern\u00edcalos y gavinas<\/li>\n\n\n\n<li>Conejos y peque\u00f1os mam\u00edferos<\/li>\n<\/ul>\n\n\n\n<p>El amanecer es el mejor momento para quienes buscan naturaleza.<\/p>\n\n\n\n<h3 class=\"wp-block-heading\"><span class=\"ez-toc-section\" id=\"aprovecha-la-red-de-senderos-para-personalizar-tu-ruta\"><\/span>Aprovecha la red de senderos para personalizar tu ruta<span class=\"ez-toc-section-end\"><\/span><\/h3>\n\n\n\n<p>La pen\u00ednsula est\u00e1 llena de caminos secundarios:<\/p>\n\n\n\n<ul class=\"wp-block-list\">\n<li>Puedes hacer una vuelta m\u00e1s larga bordeando la costa.<\/li>\n\n\n\n<li>Tambi\u00e9n puedes explorar la antigua zona de canteras.<\/li>\n\n\n\n<li>O caminar por el interior entre dunas y pinares.<\/li>\n<\/ul>\n\n\n\n<p>El consejo local: <strong>lleva la ruta en Wikiloc<\/strong> si no conoces bien la zona, aunque es dif\u00edcil perderse.<\/p>\n\n\n\n<h3 class=\"wp-block-heading\"><span class=\"ez-toc-section\" id=\"%f0%9f%93%b8-lugares-perfectos-para-fotografia\"><\/span>\ud83d\udcf8 Lugares perfectos para fotograf\u00eda<span class=\"ez-toc-section-end\"><\/span><\/h3>\n\n\n\n<ul class=\"wp-block-list\">\n<li>El <strong>v\u00e9rtice geod\u00e9sico<\/strong> con la costa de fondo<\/li>\n\n\n\n<li>El <strong>Castillo de N\u2019Amer<\/strong> y su puente de madera<\/li>\n\n\n\n<li>Las formaciones rocosas erosionadas del litoral<\/li>\n\n\n\n<li>La zona dunar regenerada<\/li>\n\n\n\n<li>El sendero paralelo al mar al atardecer<\/li>\n<\/ul>\n\n\n\n<p>Es una de las rutas m\u00e1s fotog\u00e9nicas del este mallorqu\u00edn.<\/p>\n\n\n\n<h3 class=\"wp-block-heading\"><span class=\"ez-toc-section\" id=\"pausa-recomendada-en-el-bar-del-castillo-de-namer\"><\/span>Pausa recomendada en el bar del Castillo de N\u2019Amer<span class=\"ez-toc-section-end\"><\/span><\/h3>\n\n\n\n<p>Un lugar excelente para descansar y disfrutar del entorno.<br>Consejo local: prueba su <strong>sangr\u00eda casera<\/strong> o un refresco con vistas al Mediterr\u00e1neo.<\/p>\n\n\n\n<p><\/p>\n\n\n\n<h2 class=\"wp-block-heading parrafo-azul\"><span class=\"ez-toc-section\" id=\"preguntas-frecuentes-sobre-punta-de-namer\"><\/span>Preguntas frecuentes sobre Punta de N\u2019Amer<span class=\"ez-toc-section-end\"><\/span><\/h2>\n\n\n\n<div class=\"schema-faq wp-block-yoast-faq-block\"><div class=\"schema-faq-section\" id=\"faq-question-1765463164577\"><strong class=\"schema-faq-question\">\u00bfLa excursi\u00f3n a Punta de N\u2019Amer es apta para ni\u00f1os?<\/strong> <p class=\"schema-faq-answer\">S\u00ed. Es una ruta muy f\u00e1cil, llana y sin riesgos. Perfecta para familias y para quienes no est\u00e1n habituados a caminar mucho.<\/p> <\/div> <div class=\"schema-faq-section\" id=\"faq-question-1765463249415\"><strong class=\"schema-faq-question\">\u00bfEs necesario llevar calzado especial?<\/strong> <p class=\"schema-faq-answer\">Calzado deportivo suficiente. El tramo costero tiene piedra marina irregular.<\/p> <\/div> <div class=\"schema-faq-section\" id=\"faq-question-1765463262634\"><strong class=\"schema-faq-question\">\u00bfHay sombra durante la ruta?<\/strong> <p class=\"schema-faq-answer\">Muy poca. Es un itinerario expuesto, por lo que recomendamos gorra, agua y protector solar.<\/p> <\/div> <div class=\"schema-faq-section\" id=\"faq-question-1765463320597\"><strong class=\"schema-faq-question\">\u00bfSe puede visitar el interior del castillo?<\/strong> <p class=\"schema-faq-answer\">S\u00ed, pero los horarios var\u00edan seg\u00fan temporada. A veces permanece cerrado por mantenimiento o condiciones sanitarias.<\/p> <\/div> <div class=\"schema-faq-section\" id=\"faq-question-1765463459304\"><strong class=\"schema-faq-question\">\u00bfCu\u00e1nto se tarda en llegar al Castillo de N\u2019Amer?<\/strong> <p class=\"schema-faq-answer\">Aproximadamente <strong>20\u201325 minutos<\/strong> desde Sa Coma, dependiendo del ritmo.<\/p> <\/div> <\/div>\n\n\n\n<p><strong>Esperamos que os haya gustado esta nueva excursi\u00f3n \/ ruta de senderismo por Mallorca.<\/strong><\/p>\n\n\n\n<ul class=\"wp-block-list\">\n<li><strong>\u00bfHas hecho la excursi\u00f3n a la Punta de N\u2019Amer?<\/strong> d\u00e9janos tu comentario sobre qu\u00e9 te pareci\u00f3<\/li>\n\n\n\n<li><strong>\u00bfTe ha gustado el art\u00edculo?<\/strong> Comp\u00e1rtelo en facebook<\/li>\n<\/ul>\n\n\n\n<p><\/p>\n\n\n<div class=\"su-box su-box-style-default\" id=\"\" style=\"border-color:#0055cc;border-radius:3px;\"><div class=\"su-box-title\" style=\"background-color:#1188ff;color:#FFFFFF;border-top-left-radius:1px;border-top-right-radius:1px\">Planifica tu escapada a Mallorca<\/div><div class=\"su-box-content su-u-clearfix su-u-trim\" style=\"border-bottom-left-radius:1px;border-bottom-right-radius:1px\">\n<div class=\"content-box-area\">\n<div class=\"content-item\">\n        <span class=\"c-icon\"><i class=\"fas fa-camera\"><\/i><\/span><br \/>\n<span>Las mejores opciones para pasarlo bien en Mallorca: <a href=\"https:\/\/www.click-mallorca.com\/\">Excursiones en Mallorca<\/a><\/span><\/div>\n<div class=\"content-item\">\n        <span class=\"c-icon\"><i class=\"fas fa-bed\"><\/i><\/span><br \/>\n<span>Hoteles donde alojarte con cancelaci\u00f3n gratuita y al mejor precio: <a href=\"https:\/\/www.expedia.com\/affiliate\/RshNCLb region=767&amp;aid=2108356&amp;no_rooms=1&amp;group_adults=2\" rel=\"nofollow\">Hoteles en Mallorca<\/a><\/span><\/div>\n<div class=\"content-item\">\n        <span class=\"c-icon\"><i class=\"fas fa-car\"><\/i><\/span><br \/>\n<span>Alquila coches a los mejores precios. <a href=\"https:\/\/www.rentcars.com\/es\/?requestorid=5324&amp;utm_source=www.click-mallorca.com&amp;utm_medium=afiliado-link\" rel=\"nofollow\">Alquiler de coches en Mallorca<\/a><\/span><\/div>\n<div class=\"content-item\">\n        <span class=\"c-icon\"><i class=\"fas fa-plane\"><\/i><\/span><br \/>\n<span>Encuentra vuelos al mejor precio hacia Mallorca: <a href=\"https:\/\/skyscanner.pxf.io\/c\/3171348\/1027991\/13416?associateid=AFF_TRA_19354_00001\" rel=\"nofollow\">Vuelos a Mallorca<\/a><\/span><\/div>\n<div class=\"content-item\">\n        <span class=\"c-icon\"><i class=\"fas fa-ship\"><\/i><\/span><br \/>\n<span>Salidas y tours en barco y catamaran: <a href=\"https:\/\/www.click-mallorca.com\/actividades\/mallorca-paseos-barca-catamaran\/\">Excursiones en barco<\/a><\/span><\/div>\n<div class=\"content-item\">\n        <span class=\"c-icon\"><i class=\"fas fa-map\"><\/i><\/span><br \/>\n<span>Seguro de viaje: <a href=\"http:\/\/www.iatiseguros.com\/?r=67694918520896\">descuento en tu seguro IATI de un 5%<\/a><\/span><\/div>\n<\/div>\n<\/div><\/div>\n<!-- AddThis Advanced Settings generic via filter on the_content --><!-- AddThis Share Buttons generic via filter on the_content -->","protected":false},"excerpt":{"rendered":"<p>Explora la Punta de N\u2019Amer con esta ruta f\u00e1cil entre costa virgen, el castillo y miradores \u00fanicos. Te contamos c\u00f3mo llegar, qu\u00e9 ver y los mejores consejos locales<!-- AddThis Advanced Settings generic via filter on get_the_excerpt --><!-- AddThis Share Buttons generic via filter on get_the_excerpt --><\/p>\n","protected":false},"author":2,"featured_media":4713,"comment_status":"open","ping_status":"open","sticky":false,"template":"","format":"standard","meta":{"footnotes":""},"categories":[135],"tags":[],"class_list":["post-4709","post","type-post","status-publish","format-standard","has-post-thumbnail","hentry","category-rutas"],"lang":"es","translations":{"es":4709,"de":10807},"pll_sync_post":[],"_links":{"self":[{"href":"https:\/\/www.click-mallorca.com\/blog\/wp-json\/wp\/v2\/posts\/4709","targetHints":{"allow":["GET"]}}],"collection":[{"href":"https:\/\/www.click-mallorca.com\/blog\/wp-json\/wp\/v2\/posts"}],"about":[{"href":"https:\/\/www.click-mallorca.com\/blog\/wp-json\/wp\/v2\/types\/post"}],"author":[{"embeddable":true,"href":"https:\/\/www.click-mallorca.com\/blog\/wp-json\/wp\/v2\/users\/2"}],"replies":[{"embeddable":true,"href":"https:\/\/www.click-mallorca.com\/blog\/wp-json\/wp\/v2\/comments?post=4709"}],"version-history":[{"count":12,"href":"https:\/\/www.click-mallorca.com\/blog\/wp-json\/wp\/v2\/posts\/4709\/revisions"}],"predecessor-version":[{"id":21121,"href":"https:\/\/www.click-mallorca.com\/blog\/wp-json\/wp\/v2\/posts\/4709\/revisions\/21121"}],"wp:featuredmedia":[{"embeddable":true,"href":"https:\/\/www.click-mallorca.com\/blog\/wp-json\/wp\/v2\/media\/4713"}],"wp:attachment":[{"href":"https:\/\/www.click-mallorca.com\/blog\/wp-json\/wp\/v2\/media?parent=4709"}],"wp:term":[{"taxonomy":"category","embeddable":true,"href":"https:\/\/www.click-mallorca.com\/blog\/wp-json\/wp\/v2\/categories?post=4709"},{"taxonomy":"post_tag","embeddable":true,"href":"https:\/\/www.click-mallorca.com\/blog\/wp-json\/wp\/v2\/tags?post=4709"}],"curies":[{"name":"wp","href":"https:\/\/api.w.org\/{rel}","templated":true}]}}