{"id":9120,"date":"2023-02-05T16:49:34","date_gmt":"2023-02-05T16:49:34","guid":{"rendered":"https:\/\/www.click-mallorca.com\/blog\/?p=9120"},"modified":"2025-06-12T11:25:15","modified_gmt":"2025-06-12T11:25:15","slug":"wandern-auf-mallorca-leichte-rundwege","status":"publish","type":"post","link":"https:\/\/www.click-mallorca.com\/blog\/de\/wandern\/wandern-auf-mallorca-leichte-rundwege\/","title":{"rendered":"Wandern auf Mallorca: leichte Rundwege"},"content":{"rendered":"\n<p>Sind Sie auf Mallorca?<strong> Ihr sucht f\u00fcr dieses Wochenende Rundwander- und leichte Wanderrouten<\/strong>? Dann sind Sie hier genau richtig. Unser Expertenteam f\u00fcr <a href=\"https:\/\/www.click-mallorca.com\/de\/\">Ausfl\u00fcge rund um Mallorca<\/a> von click-mallorca.com hat eine Liste mit verschiedenen Routen zusammengestellt, um die Insel zu genie\u00dfen. <\/p>\n\n\n\n<ul class=\"wp-block-list\">\n<li>Gut markierte Routen <\/li>\n\n\n\n<li>Routen, die keine gro\u00dfe k\u00f6rperliche Anstrengung erfordern, weil sie einfach und bequem sind <\/li>\n\n\n\n<li>Spazierg\u00e4nge, die Sie mit Kindern machen k\u00f6nnen <\/li>\n\n\n\n<li>Routen von kurzer Dauer, kurzer Distanz und kreisf\u00f6rmig <\/li>\n<\/ul>\n\n\n<div class=\"su-box su-box-style-soft\" id=\"\" style=\"border-color:#0055cc;border-radius:5px;\"><div class=\"su-box-title\" style=\"background-color:#1188ff;color:#f3f4f4;border-top-left-radius:3px;border-top-right-radius:3px\">\u00dcber diesen Artikel<\/div><div class=\"su-box-content su-u-clearfix su-u-trim\" style=\"border-bottom-left-radius:3px;border-bottom-right-radius:3px\">Dieser Artikel wurde von  <a href=\"https:\/\/www.click-mallorca.com\/de\/\">Click-Mallorca<\/a>, einem Expertenteam f\u00fcr Ausfl\u00fcge und Touren geschrieben. Wir sind eine Reiseagentur auf Mallorca, die auf Freizeitaktivit\u00e4ten spezialisiert ist: Touren und Exkursionen und viele andere Aktivit\u00e4ten auf Mallorca.<\/p>\n<p>Wir leben auf der Insel und haben \u00fcber 15 Jahre Erfahrung im Gestalten und Anbieten von Ausfl\u00fcgen. Wir kennen die Insel in- und auswendig und widmen uns der Erstellung hilfreicher und interessanter Artikel f\u00fcr unsere Urlauber, die nach Mallorca kommen.<br \/>\n<\/div><\/div>\n\n\n\n<p>Da nicht jeder die gleichen Vorlieben hat, haben wir verschiedene Routen mit aufgenommen. Es gibt diejenigen, die nur Berge bevorzugen, andere, die gerne das Meer sehen, andere bevorzugen Routen mit wenigen Menschen \u2026 Nat\u00fcrlich haben wir auch bei den letzten Routen, die wir Ihnen anbieten, den Schwierigkeitsgrad etwas angehoben in Dauer oder Ungleichm\u00e4\u00dfigkeit <\/p>\n\n\n\n<div id=\"ez-toc-container\" class=\"ez-toc-v2_0_72 counter-hierarchy ez-toc-counter ez-toc-light-blue ez-toc-container-direction\">\n<label for=\"ez-toc-cssicon-toggle-item-69f25d45ee544\" class=\"ez-toc-cssicon-toggle-label\"><span class=\"\"><span class=\"eztoc-hide\" style=\"display:none;\">Toggle<\/span><span class=\"ez-toc-icon-toggle-span\"><svg style=\"fill: #999;color:#999\" xmlns=\"http:\/\/www.w3.org\/2000\/svg\" class=\"list-377408\" width=\"20px\" height=\"20px\" viewBox=\"0 0 24 24\" fill=\"none\"><path d=\"M6 6H4v2h2V6zm14 0H8v2h12V6zM4 11h2v2H4v-2zm16 0H8v2h12v-2zM4 16h2v2H4v-2zm16 0H8v2h12v-2z\" fill=\"currentColor\"><\/path><\/svg><svg style=\"fill: #999;color:#999\" class=\"arrow-unsorted-368013\" xmlns=\"http:\/\/www.w3.org\/2000\/svg\" width=\"10px\" height=\"10px\" viewBox=\"0 0 24 24\" version=\"1.2\" baseProfile=\"tiny\"><path d=\"M18.2 9.3l-6.2-6.3-6.2 6.3c-.2.2-.3.4-.3.7s.1.5.3.7c.2.2.4.3.7.3h11c.3 0 .5-.1.7-.3.2-.2.3-.5.3-.7s-.1-.5-.3-.7zM5.8 14.7l6.2 6.3 6.2-6.3c.2-.2.3-.5.3-.7s-.1-.5-.3-.7c-.2-.2-.4-.3-.7-.3h-11c-.3 0-.5.1-.7.3-.2.2-.3.5-.3.7s.1.5.3.7z\"\/><\/svg><\/span><\/span><\/label><input type=\"checkbox\"  id=\"ez-toc-cssicon-toggle-item-69f25d45ee544\"  aria-label=\"Toggle\" \/><nav><ul class='ez-toc-list ez-toc-list-level-1 ' ><li class='ez-toc-page-1 ez-toc-heading-level-2'><a class=\"ez-toc-link ez-toc-heading-1\" href=\"https:\/\/www.click-mallorca.com\/blog\/de\/wandern\/wandern-auf-mallorca-leichte-rundwege\/#rundwanderung-von-soller-nach-biniaraix\" title=\"Rundwanderung von Soller nach Biniaraix\">Rundwanderung von Soller nach Biniaraix<\/a><\/li><li class='ez-toc-page-1 ez-toc-heading-level-2'><a class=\"ez-toc-link ez-toc-heading-2\" href=\"https:\/\/www.click-mallorca.com\/blog\/de\/wandern\/wandern-auf-mallorca-leichte-rundwege\/#puig-de-galatzo-parkreservat\" title=\"Puig de Galatzo Parkreservat\">Puig de Galatzo Parkreservat<\/a><\/li><li class='ez-toc-page-1 ez-toc-heading-level-2'><a class=\"ez-toc-link ez-toc-heading-3\" href=\"https:\/\/www.click-mallorca.com\/blog\/de\/wandern\/wandern-auf-mallorca-leichte-rundwege\/#das-kloster-von-lluc\" title=\"Das Kloster von Lluc\">Das Kloster von Lluc<\/a><\/li><li class='ez-toc-page-1 ez-toc-heading-level-2'><a class=\"ez-toc-link ez-toc-heading-4\" href=\"https:\/\/www.click-mallorca.com\/blog\/de\/wandern\/wandern-auf-mallorca-leichte-rundwege\/#son-real\" title=\"Son Real\">Son Real<\/a><\/li><li class='ez-toc-page-1 ez-toc-heading-level-2'><a class=\"ez-toc-link ez-toc-heading-5\" href=\"https:\/\/www.click-mallorca.com\/blog\/de\/wandern\/wandern-auf-mallorca-leichte-rundwege\/#route-in-santa-eugenia\" title=\"Route in Santa Eugenia\">Route in Santa Eugenia<\/a><\/li><li class='ez-toc-page-1 ez-toc-heading-level-2'><a class=\"ez-toc-link ez-toc-heading-6\" href=\"https:\/\/www.click-mallorca.com\/blog\/de\/wandern\/wandern-auf-mallorca-leichte-rundwege\/#son-jaumell-wachturm\" title=\"Son Jaumell Wachturm\">Son Jaumell Wachturm<\/a><\/li><li class='ez-toc-page-1 ez-toc-heading-level-2'><a class=\"ez-toc-link ez-toc-heading-7\" href=\"https:\/\/www.click-mallorca.com\/blog\/de\/wandern\/wandern-auf-mallorca-leichte-rundwege\/#rundweg-in-valldemossa\" title=\"Rundweg in Valldemossa\">Rundweg in Valldemossa<\/a><\/li><li class='ez-toc-page-1 ez-toc-heading-level-2'><a class=\"ez-toc-link ez-toc-heading-8\" href=\"https:\/\/www.click-mallorca.com\/blog\/de\/wandern\/wandern-auf-mallorca-leichte-rundwege\/#rundweg-durch-deia\" title=\"Rundweg durch Deia\">Rundweg durch Deia<\/a><\/li><li class='ez-toc-page-1 ez-toc-heading-level-2'><a class=\"ez-toc-link ez-toc-heading-9\" href=\"https:\/\/www.click-mallorca.com\/blog\/de\/wandern\/wandern-auf-mallorca-leichte-rundwege\/#cuber-stausee\" title=\"Cuber-Stausee\">Cuber-Stausee<\/a><\/li><li class='ez-toc-page-1 ez-toc-heading-level-2'><a class=\"ez-toc-link ez-toc-heading-10\" href=\"https:\/\/www.click-mallorca.com\/blog\/de\/wandern\/wandern-auf-mallorca-leichte-rundwege\/#eine-urbane-route-durch-alcudia\" title=\"Eine urbane Route durch Alcudia\">Eine urbane Route durch Alcudia<\/a><\/li><li class='ez-toc-page-1 ez-toc-heading-level-2'><a class=\"ez-toc-link ez-toc-heading-11\" href=\"https:\/\/www.click-mallorca.com\/blog\/de\/wandern\/wandern-auf-mallorca-leichte-rundwege\/#die-albufera-von-alcudia\" title=\"Die Albufera von Alcudia\">Die Albufera von Alcudia<\/a><\/li><li class='ez-toc-page-1 ez-toc-heading-level-2'><a class=\"ez-toc-link ez-toc-heading-12\" href=\"https:\/\/www.click-mallorca.com\/blog\/de\/wandern\/wandern-auf-mallorca-leichte-rundwege\/#der-hugel-von-binifaldo\" title=\"Der H\u00fcgel von Binifaldo\">Der H\u00fcgel von Binifaldo<\/a><\/li><li class='ez-toc-page-1 ez-toc-heading-level-2'><a class=\"ez-toc-link ez-toc-heading-13\" href=\"https:\/\/www.click-mallorca.com\/blog\/de\/wandern\/wandern-auf-mallorca-leichte-rundwege\/#aktivitaten-und-ausfluge-auf-mallorca\" title=\"Aktivit\u00e4ten und Ausfl\u00fcge auf Mallorca\">Aktivit\u00e4ten und Ausfl\u00fcge auf Mallorca<\/a><\/li><\/ul><\/nav><\/div>\n<h2 class=\"wp-block-heading parrafo-azul\" id=\"rundwanderung-von-soller-nach-biniaraix\"><span class=\"ez-toc-section\" id=\"rundwanderung-von-soller-nach-biniaraix\"><\/span>Rundwanderung von Soller nach Biniaraix <span class=\"ez-toc-section-end\"><\/span><\/h2>\n\n\n\n<p>Das Soller-Tal ist eines der wichtigsten Wandergebiete auf Mallorca. In diesem Tal gibt es sch\u00f6ne Orte, wie Biniaraix. Von dort gehen zahlreiche Routen aus, von denen eine der empfehlenswertesten die der Schlucht von Biniaraix ist. Tats\u00e4chlich haben wir diese Route in die Liste der besten Wanderrouten auf Mallorca aufgenommen.<\/p>\n\n\n<div class=\"wp-block-image wp-block-image aligncenter size-full is-resized\">\n<figure class=\"\"><img loading=\"lazy\" decoding=\"async\" width=\"891\" height=\"462\" src=\"https:\/\/www.click-mallorca.com\/blog\/wp-content\/uploads\/2023\/02\/Wandern-auf-Mallorca-leichte-Rundwege-1.jpg\" alt=\"Wandern auf Mallorca: leichte Rundwege\" class=\"wp-image-9267\" srcset=\"https:\/\/www.click-mallorca.com\/blog\/wp-content\/uploads\/2023\/02\/Wandern-auf-Mallorca-leichte-Rundwege-1.jpg 891w, https:\/\/www.click-mallorca.com\/blog\/wp-content\/uploads\/2023\/02\/Wandern-auf-Mallorca-leichte-Rundwege-1-300x156.jpg 300w, https:\/\/www.click-mallorca.com\/blog\/wp-content\/uploads\/2023\/02\/Wandern-auf-Mallorca-leichte-Rundwege-1-768x398.jpg 768w\" sizes=\"auto, (max-width: 891px) 100vw, 891px\" \/><\/figure><\/div>\n\n\n<p>Die von uns vorgeschlagene Route beginnt in Soller und f\u00fchrt uns in einer 90-min\u00fctigen Fahrt zum Besitz von Binibassi und der sch\u00f6nen Stadt Biniaraix. Sie k\u00f6nnen eine wundersch\u00f6ne Landschaft mit alten H\u00e4usern, Bergen, Zitronen- und Olivenb\u00e4umen genie\u00dfen. Am Ende k\u00f6nnen Sie die Gelegenheit nutzen, einen Spaziergang durch Soller zu machen. <\/p>\n\n\n\n<h2 class=\"wp-block-heading parrafo-azul\" id=\"puig-de-galatzo-parkreservat\"><span class=\"ez-toc-section\" id=\"puig-de-galatzo-parkreservat\"><\/span>Puig de Galatzo Parkreservat<span class=\"ez-toc-section-end\"><\/span><\/h2>\n\n\n\n<p>Wenn Sie nach einer Aktivit\u00e4t oder Route f\u00fcr Kinder suchen, die sehr einfach und ideal f\u00fcr sie ist, lieben wir diese Option. In La Reserva del Puig de Galatzo gibt es eine Route von etwa 3 Kilometern, die Sie durch den Wald f\u00fchrt.<\/p>\n\n\n\n<p>Auf der gesamten Route k\u00f6nnen Sie eine gro\u00dfe Vielfalt an Vegetation sehen, diese Vielfalt ist auf die abrupte Landschaft zur\u00fcckzuf\u00fchren, da sie von 200 Metern \u00fcber dem Meeresspiegel bis zu 1.026 Metern vom Puig de Galatz\u00f3 variiert. Neben Pflanzen beherbergt das Reservat Braunb\u00e4ren, Emus, Damhirsche, Ginsterkatzen, wilde Esel, Ziegen, Pfauen, G\u00e4nse und unz\u00e4hlige Entenarten in einer Umgebung aus H\u00f6hlen und Wasserf\u00e4llen.<\/p>\n\n\n<div class=\"n2-section-smartslider fitvidsignore  n2_clear\" data-ssid=\"81\" tabindex=\"0\" role=\"region\" aria-label=\"Slider\"><div id=\"n2-ss-81-align\" class=\"n2-ss-align\"><div class=\"n2-padding\"><div id=\"n2-ss-81\" data-creator=\"Smart Slider 3\" data-responsive=\"auto\" class=\"n2-ss-slider n2-ow n2-has-hover n2notransition  \">\n        <div class=\"n2-ss-slider-1 n2-ow\">\n            <div class=\"n2-ss-slider-2 n2-ow\">\n                <div class=\"n2-ss-slide-backgrounds n2-ow-all\"><div class=\"n2-ss-slide-background\" data-public-id=\"1\" data-mode=\"fill\"><div class=\"n2-ss-slide-background-image\" data-blur=\"0\" data-opacity=\"50\" data-x=\"82\" data-y=\"49\" data-alt=\"puig galatzo\" data-title=\"puig galtazo\" style=\"opacity:0.5;--ss-o-pos-x:82%;--ss-o-pos-y:49%\"><picture class=\"skip-lazy\" data-skip-lazy=\"1\"><img decoding=\"async\" src=\"\/\/www.click-mallorca.com\/blog\/wp-content\/uploads\/2023\/01\/reserva-puig-galatzo-1.jpg\" alt=\"puig galatzo\" title=\"puig galtazo\" loading=\"lazy\" class=\"skip-lazy\" data-skip-lazy=\"1\"><\/picture><\/div><div data-color=\"RGBA(60,60,60,1)\" style=\"background-color: RGBA(60,60,60,1);\" class=\"n2-ss-slide-background-color\"><\/div><\/div><\/div>                <div class=\"n2-ss-slider-3 n2-ow\">\n                    <svg xmlns=\"http:\/\/www.w3.org\/2000\/svg\" viewBox=\"0 0 1220 312\" data-related-device=\"desktopPortrait\" class=\"n2-ow n2-ss-preserve-size n2-ss-preserve-size--slider n2-ss-slide-limiter\"><\/svg><div data-first=\"1\" data-slide-duration=\"0\" data-id=\"85\" data-slide-public-id=\"1\" data-title=\"canoeing\" class=\"n2-ss-slide n2-ow  n2-ss-slide-85\"><div role=\"note\" class=\"n2-ss-slide--focus\" tabindex=\"-1\">canoeing<\/div><div class=\"n2-ss-layers-container n2-ss-slide-limiter n2-ow\"><div class=\"n2-ss-layer n2-ow n-uc-cXskmjALv2wA\" data-sstype=\"slide\" data-pm=\"default\"><div class=\"n2-ss-layer n2-ow n-uc-6x17SxXJKi0J\" data-pm=\"default\" data-sstype=\"content\" data-hasbackground=\"0\"><div class=\"n2-ss-section-main-content n2-ss-layer-with-background n2-ss-layer-content n2-ow n-uc-6x17SxXJKi0J-inner\"><div class=\"n2-ss-layer n2-ow n-uc-tYxIRHVgbOWx\" data-pm=\"normal\" data-sstype=\"layer\"><div id=\"n2-ss-81item1\" class=\"n2-font-a5e2522f416001c57981fbde2ee9382f-hover   n2-ss-item-content n2-ss-text n2-ow\" style=\"display:block;\">Puig Galtazo Nature Park<\/div><\/div><div class=\"n2-ss-layer n2-ow n-uc-GN6zamovV9F6\" data-pm=\"normal\" data-sstype=\"layer\"><div id=\"n2-ss-81item2\" class=\"  n2-ss-item-content n2-ss-text n2-ow\" style=\"display:block;\"><a class=\"n2-ow n2-font-e444516f3cd201d3c6c7798a5ce0ed55-hover \" style=\"display:block;\" href=\"https:\/\/www.click-mallorca.com\/de\/ausfluge\/reserva-puig-galatzo\/\">Genie\u00dfen Sie einen Tag in der Natur<\/a><\/div><\/div><div class=\"n2-ss-layer n2-ow n-uc-lxnRiYEzazpK\" data-pm=\"normal\" data-sstype=\"layer\"><div class=\"n2-ss-button-container n2-ss-item-content n2-ow n2-font-aa17aaeef61b48c1ce9107526e93a5f5-link  n2-ss-nowrap\"><a class=\"n2-style-91de29be64dbe428acccb3b339585304-heading  n2-ow \" href=\"https:\/\/www.click-mallorca.com\/excursiones\/reserva-puig-galatzo\/\"><div><div>Info und Tickets<\/div><\/div><\/a><\/div><\/div><\/div><\/div><\/div><\/div><\/div>                <\/div>\n                            <\/div>\n        <\/div>\n        <\/div><ss3-loader><\/ss3-loader><\/div><\/div><div class=\"n2_clear\"><\/div><\/div>\n\n\n<p><strong>Alle Tiere sind in Pflege. <\/strong>Sie sind Tiere, die ein Problem haben, und leider k\u00f6nnen sie nicht in v\u00f6lliger Freiheit leben. Sie sollten geopfert werden, und das Reservat ist ihre Pflegestelle, wo sie eine zweite Chance genie\u00dfen k\u00f6nnen. <\/p>\n\n\n\n<p><br><br>Die gesamte Route f\u00fchrt durch alte Pfade von K\u00f6hlern und besteht aus 3,5 km, die entlang Wasserf\u00e4llen von au\u00dfergew\u00f6hnlicher Sch\u00f6nheit f\u00fchren. Sie k\u00f6nnen mehrere Tiere in einem Gel\u00e4nde mit leichten Anstiegen und Gef\u00e4llen sehen. Nach einem Spaziergang von etwa anderthalb Stunden finden Sie einen Rastplatz mit Tischen zum Essen und einem Barservice. Und im Sommer eine Poollandschaft.<\/p>\n\n\n\n<h2 class=\"wp-block-heading parrafo-azul\" id=\"das-kloster-von-lluc\"><span class=\"ez-toc-section\" id=\"das-kloster-von-lluc\"><\/span>Das Kloster von Lluc <span class=\"ez-toc-section-end\"><\/span><\/h2>\n\n\n\n<p>Das Heiligtum von Lluc darf in unserer Liste der Rundwege auf Mallorca nicht fehlen. Dies ist eine der klassischen und beliebtesten Routen, die uns zum religi\u00f6sen Zentrum der Insel f\u00fchrt. Lluc liegt in einem wundersch\u00f6nen Tal auf 400 Metern H\u00f6he, umgeben von Bergen und Wanderwegen <\/p>\n\n\n<div class=\"wp-block-image wp-block-image aligncenter size-large is-resized\">\n<figure class=\"\"><img loading=\"lazy\" decoding=\"async\" width=\"1024\" height=\"613\" src=\"https:\/\/www.click-mallorca.com\/blog\/wp-content\/uploads\/2021\/11\/excursiones-en-lluc-1024x613.jpg\" alt=\"Rundweg und einfache Route in Lluc\" class=\"wp-image-5786\" srcset=\"https:\/\/www.click-mallorca.com\/blog\/wp-content\/uploads\/2021\/11\/excursiones-en-lluc-1024x613.jpg 1024w, https:\/\/www.click-mallorca.com\/blog\/wp-content\/uploads\/2021\/11\/excursiones-en-lluc-300x180.jpg 300w, https:\/\/www.click-mallorca.com\/blog\/wp-content\/uploads\/2021\/11\/excursiones-en-lluc-768x460.jpg 768w, https:\/\/www.click-mallorca.com\/blog\/wp-content\/uploads\/2021\/11\/excursiones-en-lluc-150x90.jpg 150w, https:\/\/www.click-mallorca.com\/blog\/wp-content\/uploads\/2021\/11\/excursiones-en-lluc.jpg 1120w\" sizes=\"auto, (max-width: 1024px) 100vw, 1024px\" \/><\/figure><\/div>\n\n\n<p>Die von uns vorgeschlagene Route f\u00fchrt uns nicht zu den hohen Bergen in der N\u00e4he von Lluc, wie Puig Tomir oder Puig de Galileu. Im Gegenteil, es handelt sich um einen Rundweg mit nur leichtem Anstieg. Die Route f\u00fchrt vom Kloster Lluc in Richtung Fu\u00dfballplatz, und von dort sehen wir h\u00f6lzerne Markierungen in Richtung Camell. Es ist ein Karstfelsen, den die Zeit so geformt hat, dass er einem Kamel \u00e4hnelt. Von dort folgen wir den Hinweisen zum Comet des Morts, einer alten pr\u00e4historischen H\u00f6hle. <\/p>\n\n\n\n<h2 class=\"wp-block-heading parrafo-azul\" id=\"son-real\"><span class=\"ez-toc-section\" id=\"son-real\"><\/span>Son Real<span class=\"ez-toc-section-end\"><\/span><\/h2>\n\n\n\n<p>Die Son Real Farm ist ein Anwesen, das sich in der N\u00e4he von Can Picafort befindet. Ein Teil der Farm wurde von der balearischen Regierung erworben, die in den alten H\u00e4usern ein Informationszentrum und verschiedene leichte Wanderrouten errichtete. Wenn Sie in Son Real ankommen, sehen Sie informative Schilder mit den 4 m\u00f6glichen Routen. Alle Routen sind perfekt gekennzeichnet, und auf den Informationstafeln gibt es Karten der Route. <\/p>\n\n\n\n<p>Wir schlagen einen Rundweg vor, der die verschiedenen Routen kombiniert, um die Bergh\u00fctte Son Real zu erreichen. Beobachten Sie von dort aus die alten Wehrt\u00fcrme und gehen Sie weiter entlang der K\u00fcste. Sie erreichen die Nekropole Punta des Fenicis und k\u00f6nnen von dort nach Son Real zur\u00fcckkehren. <\/p>\n\n\n\n<h2 class=\"wp-block-heading parrafo-azul\" id=\"route-in-santa-eugenia\"><span class=\"ez-toc-section\" id=\"route-in-santa-eugenia\"><\/span>Route in Santa Eugenia<span class=\"ez-toc-section-end\"><\/span><\/h2>\n\n\n\n<p>In der Gegend von Raiguer auf Mallorca k\u00f6nnen Sie viele Wanderwege unternehmen, und das wissen nicht viele. In diesem Fall ist die von uns vorgeschlagene Route eine \u00e4u\u00dferst einfache und unterhaltsame Route, die wir in nur zwei Stunden absolvieren k\u00f6nnen.l<\/p>\n\n\n\n<p>Von der Kirche Santa Eugenia gehen wir zur Lourdes-H\u00f6hle, einem ganz besonderen Ort mit einer interessanten Geschichte. Von dort aus gehen wir zum Ses Olleries llogaret und von dort auf einem Pfad zum Gipfel des Puig de Santa Eugenia, 243 Meter hoch. Von dort hat man einen au\u00dfergew\u00f6hnlichen Blick auf den Pla de Mallorca. Oben angekommen, beginnen wir mit dem Abstieg zu einem &#8220;U-Boot&#8221; oder &#8220;UFO&#8221; (ja, ja, Sie werden sehen, was es ist, wenn Sie den Ausflug machen;)) und kehren dann zum Ausgangspunkt zur\u00fcck. <\/p>\n\n\n\n<figure class=\"wp-block-embed is-type-video is-provider-youtube wp-block-embed-youtube wp-embed-aspect-16-9 wp-has-aspect-ratio\"><div class=\"wp-block-embed__wrapper\">\n<div class=\"video-container\"><iframe loading=\"lazy\" title=\"PUIG DE SANTA EUG\u00c9NIA Y CUEVA DE LOURDES (Mallorca).\" width=\"500\" height=\"281\" src=\"https:\/\/www.youtube.com\/embed\/lh96dulwSBY?feature=oembed&#038;wmode=opaque\" frameborder=\"0\" allow=\"accelerometer; autoplay; clipboard-write; encrypted-media; gyroscope; picture-in-picture; web-share\" referrerpolicy=\"strict-origin-when-cross-origin\" allowfullscreen><\/iframe><\/div>\n<\/div><figcaption class=\"wp-element-caption\">Mit dem obigen Video k\u00f6nnen Sie sich eine kleine Vorstellung davon machen, wie die Route aussieht und was Sie finden werden <\/figcaption><\/figure>\n\n\n\n<p><\/p>\n\n\n\n<h2 class=\"wp-block-heading parrafo-azul\" id=\"son-jaumell-wachturm\"><span class=\"ez-toc-section\" id=\"son-jaumell-wachturm\"><\/span>Son Jaumell Wachturm <span class=\"ez-toc-section-end\"><\/span><\/h2>\n\n\n\n<p>Unser n\u00e4chster Rundweg f\u00fchrt uns nach Cala Ratjada. Vom Strand von <a href=\"https:\/\/www.click-mallorca.com\/blog\/de\/mallorca-strand\/cala-agulla-auf-mallorca\/\" target=\"_blank\" rel=\"noreferrer noopener\">Cala Agulla<\/a> empfehlen wir einen Ausflug zum alten Wehrturm von Son Jaumell. Es ist eine Strecke von knapp 6 Kilometern, die in etwa zwei Stunden bew\u00e4ltigt werden kann. <\/p>\n\n\n\n<p>Der erste Teil zeigt uns die sch\u00f6nen Str\u00e4nde in der Umgebung, um dann durch einen Pinienwald zu wandern und von dort aus den Aufstieg zu den \u00dcberresten des alten Verteidigungsturms von Son Jaumell zu beginnen. Dann steigen wir den Hang hinunter in Richtung Cala Mesquida und von dort in Richtung Coll de Sa Marina, um zum Ausgangspunkt des Ausflugs zur\u00fcckzukehren. <\/p>\n\n\n\n<h2 class=\"wp-block-heading parrafo-azul\" id=\"rundweg-in-valldemossa\"><span class=\"ez-toc-section\" id=\"rundweg-in-valldemossa\"><\/span>Rundweg in Valldemossa <span class=\"ez-toc-section-end\"><\/span><\/h2>\n\n\n\n<p>Es ist eine sch\u00f6ne und leichte Rundwanderung durch Valldemossa im Schatten herrlicher Steineichenw\u00e4lder. Ein Teil der Route ist ein alter K\u00f6hlerweg, wo wir \u00dcberreste ihrer H\u00e4user und &#8220;Rotllos de Sitja&#8221; finden, wo sie Holzkohle herstellten. <\/p>\n\n\n\n<iframe loading=\"lazy\" frameborder=\"0\" scrolling=\"no\" src=\"https:\/\/es.wikiloc.com\/wikiloc\/spatialArtifacts.do?event=view&amp;id=5074216&amp;measures=off&amp;title=off&amp;near=off&amp;images=off&amp;maptype=H\" width=\"500\" height=\"400\"><\/iframe><div style=\"color:#777;font-size:11px;line-height:16px;\">Powered by <a style=\"color:#06d;font-size:11px;line-height:16px;\" target=\"_blank\" href=\"https:\/\/es.wikiloc.com\" rel=\"noopener\">Wikiloc<\/a><\/div>\n\n\n\n<p>Dieser Rundweg ist ca. 6,5 Kilometer lang, mit einigen Unebenheiten, aber ohne allzu gro\u00dfe Schwierigkeiten und kann im Sommer sogar bei Sonnenuntergang begangen werden, da fast die gesamte Strecke im Schatten liegt. In etwa 3 Stunden schaffen wir die gesamte Strecke. <\/p>\n\n\n\n<h2 class=\"wp-block-heading parrafo-azul\" id=\"rundweg-durch-deia\"><span class=\"ez-toc-section\" id=\"rundweg-durch-deia\"><\/span>Rundweg durch Deia <span class=\"ez-toc-section-end\"><\/span><\/h2>\n\n\n\n<p>Ein sehr einfacher Rundweg, den Sie als Familie machen k\u00f6nnen und f\u00fcr den Sie nicht l\u00e4nger als zwei Stunden brauchen. Die Route beginnt in der Stadt Deia und ist perfekt ausgeschildert. Sie sind etwa 5 Kilometer entfernt und haben einen H\u00f6henunterschied von 167 Metern. <\/p>\n\n\n\n<p>Es ist eine kurze Route, die Sie das ganze Jahr \u00fcber machen k\u00f6nnen, und im Sommer k\u00f6nnen Sie die Gelegenheit nutzen, in Cala Deia zu baden. Am Ende der Route darf ein Besuch der Stadt nicht fehlen, denn in Deia gibt es viel zu sehen und zu besuchen. Deia hat seinen ganzen Charme bewahrt und es ist ein Vergn\u00fcgen, durch seine Stra\u00dfen zu spazieren. Wir empfehlen Ihnen, zur Kirche hinaufzugehen, von wo aus Sie eine der besten Aussichten haben. <\/p>\n\n\n\n<h2 class=\"wp-block-heading parrafo-azul\" id=\"cuber-stausee\"><span class=\"ez-toc-section\" id=\"cuber-stausee\"><\/span>Cuber-Stausee <span class=\"ez-toc-section-end\"><\/span><\/h2>\n\n\n\n<p>Wir sind 800 Meter hoch, am Fu\u00dfe des Puig Major, dem h\u00f6chsten Berg Mallorcas. Bei solchen Informationen k\u00f6nnte man meinen, dass in dieser Gegend kaum einfache Routen zu finden sind. Aber ja, es gibt sie. Hier haben wir den Cuber-Stausee. <\/p>\n\n\n\n<p>Es ist ein Rundweg und praktisch ohne Steigungen. Damit passt er perfekt in unsere Liste der leichten Wander- und Rundwanderwege auf Mallorca und ist auch ideal f\u00fcr Familien geeignet. Die Ausflugsroute verl\u00e4uft immer am Stausee entlang und ist sehr einfach zu befolgen. <\/p>\n\n\n<div class=\"wp-block-image wp-block-image aligncenter size-large is-resized\">\n<figure class=\"\"><img loading=\"lazy\" decoding=\"async\" width=\"1024\" height=\"550\" src=\"https:\/\/www.click-mallorca.com\/blog\/wp-content\/uploads\/2023\/01\/ruta-circular-embalse-de-cuber-1024x550.jpg\" alt=\"Rundweg um den Cuber-Stausee\" class=\"wp-image-8726\" srcset=\"https:\/\/www.click-mallorca.com\/blog\/wp-content\/uploads\/2023\/01\/ruta-circular-embalse-de-cuber-1024x550.jpg 1024w, https:\/\/www.click-mallorca.com\/blog\/wp-content\/uploads\/2023\/01\/ruta-circular-embalse-de-cuber-300x161.jpg 300w, https:\/\/www.click-mallorca.com\/blog\/wp-content\/uploads\/2023\/01\/ruta-circular-embalse-de-cuber-768x412.jpg 768w, https:\/\/www.click-mallorca.com\/blog\/wp-content\/uploads\/2023\/01\/ruta-circular-embalse-de-cuber.jpg 1112w\" sizes=\"auto, (max-width: 1024px) 100vw, 1024px\" \/><\/figure><\/div>\n\n\n<p>Der erste Teil der Route, vom Eingang zum Stauseegebiet bis zum Damm, ist eine asphaltierte Stra\u00dfe, der Rest ist eine unbefestigte Stra\u00dfe. Nebenan haben wir das Erholungsgebiet Font des Noguer mit B\u00e4nken und Holztischen, wo wir am Ende des Ausflugs ein Picknick machen k\u00f6nnen. <\/p>\n\n\n\n<p>Die Route umfasst eine Strecke von 4,5 Kilometern und kann in 90 Minuten zur\u00fcckgelegt werden. <\/p>\n\n\n\n<h2 class=\"wp-block-heading parrafo-azul\" id=\"eine-urbane-route-durch-alcudia\"><span class=\"ez-toc-section\" id=\"eine-urbane-route-durch-alcudia\"><\/span>Eine urbane Route durch Alcudia <span class=\"ez-toc-section-end\"><\/span><\/h2>\n\n\n\n<p>Wir m\u00f6gen die Abwechslung und bieten ein paar unterschiedliche Vorschl\u00e4ge. In diesem Fall fahren wir in eine der sch\u00f6nsten St\u00e4dte Mallorcas: Alcudia. Wir schlagen eine sehr abwechslungsreiche Route vor, die mit einer Tour um die Mauern von Alcudia beginnt. Wir steigen von ihnen bis zur H\u00f6he der Plaza de Toros ab und von dort aus gehen wir in Richtung K\u00fcste zum Hotel More. Dort finden wir einen sch\u00f6nen und kleinen Strand. <\/p>\n\n\n<div class=\"wp-block-image wp-block-image aligncenter size-full is-resized\">\n<figure class=\"\"><img loading=\"lazy\" decoding=\"async\" width=\"580\" height=\"721\" src=\"https:\/\/www.click-mallorca.com\/blog\/wp-content\/uploads\/2023\/01\/ruta-circular-y-facil-en-Alcudia-rotated.jpg\" alt=\"leichte Rundreise durch Mallorca in Alcudia\" class=\"wp-image-8727\"\/><figcaption class=\"wp-element-caption\">Steinbruch am Meer<\/figcaption><\/figure><\/div>\n\n\n<p>Immer der K\u00fcstenroute folgend, entlang eines kleinen Pfades und mit wundersch\u00f6nen Ausblicken auf die Bucht von Pollensa, werden wir viele Orte entdecken. Wir sehen ein altes Fischerhaus, einen alten Meeressteinbruch, Ausblicke auf Kap von Formentor und den Wachturm von Alcudia. Und so werden wir zwei wundersch\u00f6ne Str\u00e4nde in Alcudia entdecken: Sant Pere und Sant Joan. Nach diesen Str\u00e4nden kehren wir auf den Asphalt zur\u00fcck und fahren auf H\u00f6he des Restaurants Bodega del Sol in Richtung Alcudia.<\/p>\n\n\n\n<p><\/p>\n\n\n\n<h2 class=\"wp-block-heading parrafo-azul\" id=\"die-albufera-von-alcudia\"><span class=\"ez-toc-section\" id=\"die-albufera-von-alcudia\"><\/span>Die Albufera von Alcudia<span class=\"ez-toc-section-end\"><\/span><\/h2>\n\n\n\n<p>Die Albufera von Alcudia ist mit 16.500 Hektar das gr\u00f6\u00dfte und wichtigste Feuchtgebiet Mallorcas. Bei dieser Gelegenheit schlagen wir Ihnen etwas \u201eAnderses\u201c vor: Machen Sie die Route mit dem Fahrrad und entscheiden Sie sich f\u00fcr die 14-Kilometer-Route. <\/p>\n\n\n\n<p>Dieser Rundweg beginnt am Eingang des Naturparks. Die Route ist sehr gut ausgeschildert und w\u00e4hrend der Route gibt es mehrere Informationstafeln mit der Route (es ist Route Nummer 3). W\u00e4hrend der Exkursion k\u00f6nnen wir Aussichtspunkte, Aussichtst\u00fcrme, Bew\u00e4sserungskan\u00e4le, Br\u00fccken, bebaute Felder und B\u00e4che finden. Eine sehr abwechslungsreiche Strecke.<\/p>\n\n\n<div class=\"n2-section-smartslider fitvidsignore  n2_clear\" data-ssid=\"75\" tabindex=\"0\" role=\"region\" aria-label=\"Slider\"><div id=\"n2-ss-75-align\" class=\"n2-ss-align\"><div class=\"n2-padding\"><div id=\"n2-ss-75\" data-creator=\"Smart Slider 3\" data-responsive=\"auto\" class=\"n2-ss-slider n2-ow n2-has-hover n2notransition  \">\n        <div class=\"n2-ss-slider-1 n2-ow\">\n            <div class=\"n2-ss-slider-2 n2-ow\">\n                <div class=\"n2-ss-slide-backgrounds n2-ow-all\"><div class=\"n2-ss-slide-background\" data-public-id=\"1\" data-mode=\"fill\"><div class=\"n2-ss-slide-background-image\" data-blur=\"0\" data-opacity=\"50\" data-x=\"81\" data-y=\"77\" data-alt=\"reiten mallorca\" data-title=\"reiten mallorca\" style=\"opacity:0.5;--ss-o-pos-x:81%;--ss-o-pos-y:77%\"><picture class=\"skip-lazy\" data-skip-lazy=\"1\"><img decoding=\"async\" src=\"\/\/www.click-mallorca.com\/blog\/wp-content\/uploads\/2022\/02\/horse-riding-beach-3.jpg\" alt=\"reiten mallorca\" title=\"reiten mallorca\" loading=\"lazy\" class=\"skip-lazy\" data-skip-lazy=\"1\"><\/picture><\/div><div data-color=\"RGBA(60,60,60,1)\" style=\"background-color: RGBA(60,60,60,1);\" class=\"n2-ss-slide-background-color\"><\/div><\/div><\/div>                <div class=\"n2-ss-slider-3 n2-ow\">\n                    <svg xmlns=\"http:\/\/www.w3.org\/2000\/svg\" viewBox=\"0 0 1220 312\" data-related-device=\"desktopPortrait\" class=\"n2-ow n2-ss-preserve-size n2-ss-preserve-size--slider n2-ss-slide-limiter\"><\/svg><div data-first=\"1\" data-slide-duration=\"0\" data-id=\"79\" data-slide-public-id=\"1\" data-title=\"canoeing\" class=\"n2-ss-slide n2-ow  n2-ss-slide-79\"><div role=\"note\" class=\"n2-ss-slide--focus\" tabindex=\"-1\">canoeing<\/div><div class=\"n2-ss-layers-container n2-ss-slide-limiter n2-ow\"><div class=\"n2-ss-layer n2-ow n-uc-IhFttOsv3C5C\" data-sstype=\"slide\" data-pm=\"default\"><div class=\"n2-ss-layer n2-ow n-uc-HhbMtgBVroWU\" data-pm=\"default\" data-sstype=\"content\" data-hasbackground=\"0\"><div class=\"n2-ss-section-main-content n2-ss-layer-with-background n2-ss-layer-content n2-ow n-uc-HhbMtgBVroWU-inner\"><div class=\"n2-ss-layer n2-ow n-uc-66OnbLBMs5K9\" data-pm=\"normal\" data-sstype=\"layer\"><div id=\"n2-ss-75item1\" class=\"n2-font-e9a4db3737553f617bc7781666873b58-hover n2-style-f77d9243d5756df16465dabef11c5487-heading   n2-ss-item-content n2-ss-text n2-ow\" style=\"display:block;\">Exklusive <br>Angebote<\/div><\/div><div class=\"n2-ss-layer n2-ow n-uc-qZKowRz4wXW3\" data-pm=\"normal\" data-sstype=\"layer\"><div id=\"n2-ss-75item2\" class=\"n2-font-a5e2522f416001c57981fbde2ee9382f-hover   n2-ss-item-content n2-ss-text n2-ow\" style=\"display:block;\">Reiten auf Mallorca<\/div><\/div><div class=\"n2-ss-layer n2-ow n-uc-YacwtNv4K3vP\" data-pm=\"normal\" data-sstype=\"layer\"><div id=\"n2-ss-75item3\" class=\"n2-font-e444516f3cd201d3c6c7798a5ce0ed55-hover   n2-ss-item-content n2-ss-text n2-ow\" style=\"display:block;\"> Mit Reiten am Strand, Reiterh\u00f6fe und reiten f\u00fc Kinder. <\/div><\/div><div class=\"n2-ss-layer n2-ow n-uc-ib2FluMCJd2h\" data-pm=\"normal\" data-sstype=\"layer\"><div class=\"n2-ss-button-container n2-ss-item-content n2-ow n2-font-aa17aaeef61b48c1ce9107526e93a5f5-link  n2-ss-nowrap\"><a class=\"n2-style-91de29be64dbe428acccb3b339585304-heading  n2-ow \" href=\"https:\/\/www.click-mallorca.com\/de\/aktivitaeten\/reiten-mallorca\/\"><div><div>Info und Tickets<\/div><\/div><\/a><\/div><\/div><\/div><\/div><\/div><\/div><\/div>                <\/div>\n                            <\/div>\n        <\/div>\n        <\/div><ss3-loader><\/ss3-loader><\/div><\/div><div class=\"n2_clear\"><\/div><\/div>\n\n\n<p>Eine gute Idee, die letzten beiden Routen in der Gegend von Alcudia zu kombinieren, ist ein Ausritt am Nachmittag. Im obigen Banner geben wir Ihnen einige Ideen, die super gut sind. Oder kombinieren sie es oder machen es an einem anderen Tag. <\/p>\n\n\n\n<h2 class=\"wp-block-heading parrafo-azul\" id=\"der-hugel-von-binifaldo\"><span class=\"ez-toc-section\" id=\"der-hugel-von-binifaldo\"><\/span>Der H\u00fcgel von Binifaldo<span class=\"ez-toc-section-end\"><\/span><\/h2>\n\n\n\n<p>Wir sind fast fertig mit unseren Vorschl\u00e4gen f\u00fcr Rundwege und einfache Ausfl\u00fcge auf Mallorca. Und wenn wir mit kurzen Strecken begonnen haben, entscheiden wir uns in diesem Fall f\u00fcr eine etwas l\u00e4ngere Strecke. Sie sind 10 Kilometer lang, aber mit sehr geringen Unebenheiten. <\/p>\n\n\n\n<p>Die Route kann das ganze Jahr \u00fcber begangen werden, da sie durch Laubw\u00e4lder f\u00fchrt und auf 400 Metern H\u00f6he immer k\u00fchl ist. Die Route beginnt bei der Bergh\u00fctte Son Amer in der N\u00e4he des Klosters Lluc. Dort sehen wir bereits eine Tafel mit der zu verfolgenden Route. Auf der ganzen Strecke gibt es Schilder, und die Route, die an La Moleta de Binifaldo vorbeif\u00fchrt, ist sehr einfach zu befolgen.<\/p>\n\n\n\n<h2 class=\"wp-block-heading parrafo-azul\" id=\"aktivitaten-und-ausfluge-auf-mallorca\"><span class=\"ez-toc-section\" id=\"aktivitaten-und-ausfluge-auf-mallorca\"><\/span><strong>Aktivit\u00e4ten und Ausfl\u00fcge auf Mallorca<\/strong><span class=\"ez-toc-section-end\"><\/span><\/h2>\n\n\n\n<p>Wenn Sie die Insel, das gute Wetter, die Str\u00e4nde genie\u00dfen m\u00f6chten&#8230; dann k\u00f6nnen Sie nicht aufh\u00f6ren, einen Blick auf all die Aktivit\u00e4ten zu werfen, die wir auf Mallorca anbieten:<\/p>\n\n\n<div class=\"n2-section-smartslider fitvidsignore  n2_clear\" data-ssid=\"8\" tabindex=\"0\" role=\"region\" aria-label=\"Slider\"><div id=\"n2-ss-8-align\" class=\"n2-ss-align\"><div class=\"n2-padding\"><div id=\"n2-ss-8\" data-creator=\"Smart Slider 3\" data-responsive=\"auto\" class=\"n2-ss-slider n2-ow n2-has-hover n2notransition  \">\n        <div class=\"n2-ss-slider-1 n2-ow\">\n            <div class=\"n2-ss-slider-2 n2-ow\">\n                <div class=\"n2-ss-slide-backgrounds n2-ow-all\"><div class=\"n2-ss-slide-background\" data-public-id=\"1\" data-mode=\"fill\"><div class=\"n2-ss-slide-background-image\" data-blur=\"0\" data-opacity=\"50\" data-x=\"35\" data-y=\"50\" data-alt=\"mallorca ausfluge\" data-title=\"mallorca ausfluge\" style=\"opacity:0.5;--ss-o-pos-x:35%\"><picture class=\"skip-lazy\" data-skip-lazy=\"1\"><img decoding=\"async\" src=\"\/\/www.click-mallorca.com\/blog\/wp-content\/uploads\/2022\/12\/mallorca.jpg\" alt=\"mallorca ausfluge\" title=\"mallorca ausfluge\" loading=\"lazy\" class=\"skip-lazy\" data-skip-lazy=\"1\"><\/picture><\/div><div data-color=\"RGBA(60,60,60,1)\" style=\"background-color: RGBA(60,60,60,1);\" class=\"n2-ss-slide-background-color\"><\/div><\/div><\/div>                <div class=\"n2-ss-slider-3 n2-ow\">\n                    <svg xmlns=\"http:\/\/www.w3.org\/2000\/svg\" viewBox=\"0 0 1220 312\" data-related-device=\"desktopPortrait\" class=\"n2-ow n2-ss-preserve-size n2-ss-preserve-size--slider n2-ss-slide-limiter\"><\/svg><div data-first=\"1\" data-slide-duration=\"0\" data-id=\"9\" data-slide-public-id=\"1\" data-title=\"canoeing\" class=\"n2-ss-slide n2-ow  n2-ss-slide-9\"><div role=\"note\" class=\"n2-ss-slide--focus\" tabindex=\"-1\">canoeing<\/div><div class=\"n2-ss-layers-container n2-ss-slide-limiter n2-ow\"><div class=\"n2-ss-layer n2-ow n-uc-hQGeZcxtBFPt\" data-sstype=\"slide\" data-pm=\"default\"><div class=\"n2-ss-layer n2-ow n-uc-SL3DjMWK1AMl\" data-pm=\"default\" data-sstype=\"content\" data-hasbackground=\"0\"><div class=\"n2-ss-section-main-content n2-ss-layer-with-background n2-ss-layer-content n2-ow n-uc-SL3DjMWK1AMl-inner\"><div class=\"n2-ss-layer n2-ow n-uc-FIrwpYv6nyW3\" data-pm=\"normal\" data-sstype=\"layer\"><div id=\"n2-ss-8item1\" class=\"n2-font-a5e2522f416001c57981fbde2ee9382f-hover   n2-ss-item-content n2-ss-text n2-ow\" style=\"display:block;\">A\u00fcsfluge auf Mallorca<\/div><\/div><div class=\"n2-ss-layer n2-ow n-uc-yWAdSJ3P1vpi\" data-pm=\"normal\" data-sstype=\"layer\"><div id=\"n2-ss-8item2\" class=\"n2-font-e444516f3cd201d3c6c7798a5ce0ed55-hover   n2-ss-item-content n2-ss-text n2-ow\" style=\"display:block;\">Die besten Ausfl\u00fcge und Top Sehensw\u00fcrdigkeiten<\/div><\/div><div class=\"n2-ss-layer n2-ow n-uc-AGCjJyjgiivP\" data-pm=\"normal\" data-sstype=\"layer\"><div class=\"n2-ss-button-container n2-ss-item-content n2-ow n2-font-aa17aaeef61b48c1ce9107526e93a5f5-link  n2-ss-nowrap\"><a class=\"n2-style-91de29be64dbe428acccb3b339585304-heading  n2-ow \" href=\"https:\/\/www.click-mallorca.com\/de\/\"><div><div>Mehr Info<\/div><\/div><\/a><\/div><\/div><\/div><\/div><\/div><\/div><\/div>                <\/div>\n                            <\/div>\n        <\/div>\n        <\/div><ss3-loader><\/ss3-loader><\/div><\/div><div class=\"n2_clear\"><\/div><\/div>\n\n\n<p>Auf dem obigen Banner finden Sie eine Vielzahl von Aktivit\u00e4ten und Ausfl\u00fcgen auf Mallorca: Bootsfahrten, gef\u00fchrte Touren, Reiten, Wasserparks&#8230; zu den besten Preisen und mit allen Informationen.<\/p>\n\n\n\n<hr class=\"wp-block-separator has-text-color has-vivid-cyan-blue-color has-css-opacity has-vivid-cyan-blue-background-color has-background is-style-wide\"\/>\n\n\n\n<p><strong><em>Wir hoffen, dieser Artikel hat Ihnen geholfen, Ihre n\u00e4chste Rundtour auf Mallorca zu planen. Wenn du schon eine Route gemacht hast, hat sie dir gefallen? habt ihr irgendwelche empfehlungen? Hinterlassen Sie uns Ihren Kommentar. Wenn Ihnen der Beitrag gefallen hat, teilen Sie ihn in Ihren sozialen Netzwerken\u2026 <\/em><\/strong><\/p>\n\n\n\n<hr class=\"wp-block-separator has-text-color has-vivid-cyan-blue-color has-css-opacity has-vivid-cyan-blue-background-color has-background is-style-wide\"\/>\n\n\n<div class=\"su-box su-box-style-default\" id=\"\" style=\"border-color:#0055cc;border-radius:3px;\"><div class=\"su-box-title\" style=\"background-color:#1188ff;color:#FFFFFF;border-top-left-radius:1px;border-top-right-radius:1px\">Planen Sie Ihren Kurzurlaub auf Mallorca<\/div><div class=\"su-box-content su-u-clearfix su-u-trim\" style=\"border-bottom-left-radius:1px;border-bottom-right-radius:1px\">\n<div class=\"content-box-area\">\n<div class=\"content-item\">\n        <span class=\"c-icon\"><i class=\"fas fa-camera\"><\/i><\/span><br \/>\n<span>Die besten Optionen, um eine gute Zeit auf Mallorca zu verbringen: <a href=\"https:\/\/www.click-mallorca.com\/de\/\">Aktivit\u00e4ten auf Mallorca<\/a><\/span><\/div>\n<div class=\"content-item\">\n        <span class=\"c-icon\"><i class=\"fas fa-bed\"><\/i><\/span><br \/>\n<span>Hotel Angebote mit kostenloser Stornierung und zum besten Preis: <a href=\"https:\/\/expedia.com\/affiliate\/RrhNCLb\" rel=\"nofollow\">Hotels aufMallorca<\/a><\/span><\/div>\n<div class=\"content-item\">\n        <span class=\"c-icon\"><i class=\"fas fa-car\"><\/i><\/span><br \/>\n<span>Mietwagen zu den besten Preisen. <a href=\"https:\/\/www.rentcars.com\/de-de\/?requestorid=5324&amp;utm_source=www.click-mallorca.com&amp;utm_medium=afiliado-link\" rel=\"nofollow\">Autovermietung auf Mallorca<\/a><\/span><\/div>\n<div class=\"content-item\">\n        <span class=\"c-icon\"><i class=\"fas fa-plane\"><\/i><\/span><br \/>\n<span>Finden Sie Fl\u00fcge zum besten Preis nach Mallorca: <a href=\"https:\/\/skyscanner.pxf.io\/c\/3171348\/1027991\/13416?associateid=AFF_TRA_19354_00001\" rel=\"nofollow\">Fl\u00fcge nach Mallorca<\/a><\/span><\/div>\n<div class=\"content-item\">\n        <span class=\"c-icon\"><i class=\"fas fa-ship\"><\/i><\/span><br \/>\n<span>Bootsfahrten und Touren mit Boot und Katamaran: <a href=\"https:\/\/www.click-mallorca.com\/de\/aktivitaeten\/boot-und-katamaran-ausfluge\/\">Bootsausfl\u00fcge<\/a><\/span><\/div>\n<div class=\"content-item\">\n        <span class=\"c-icon\"><i class=\"fas fa-map\"><\/i><\/span><br \/>\n<span>Reiseversicherung: <a href=\"http:\/\/www.iatiseguros.com\/?r=67694918520896\">5 % Rabatt auf Ihre IATI-Versicherung<\/a><\/span><\/div>\n<\/div>\n<\/div><\/div>\n\n\n\n<p><\/p>\n<!-- AddThis Advanced Settings generic via filter on the_content --><!-- AddThis Share Buttons generic via filter on the_content -->","protected":false},"excerpt":{"rendered":"<p>Ziehen Sie Ihre Wanderschuhe an. Entdecken Sie die besten Ausfl\u00fcge und einfachsten Rundwanderwege auf Mallorca und starten Sie mit click-mallorca.com in die Inselerkundung<!-- AddThis Advanced Settings generic via filter on get_the_excerpt --><!-- AddThis Share Buttons generic via filter on get_the_excerpt --><\/p>\n","protected":false},"author":2,"featured_media":9267,"comment_status":"open","ping_status":"open","sticky":false,"template":"","format":"standard","meta":{"footnotes":""},"categories":[262],"tags":[],"class_list":["post-9120","post","type-post","status-publish","format-standard","has-post-thumbnail","hentry","category-wandern"],"lang":"de","translations":{"de":9120},"pll_sync_post":[],"_links":{"self":[{"href":"https:\/\/www.click-mallorca.com\/blog\/wp-json\/wp\/v2\/posts\/9120","targetHints":{"allow":["GET"]}}],"collection":[{"href":"https:\/\/www.click-mallorca.com\/blog\/wp-json\/wp\/v2\/posts"}],"about":[{"href":"https:\/\/www.click-mallorca.com\/blog\/wp-json\/wp\/v2\/types\/post"}],"author":[{"embeddable":true,"href":"https:\/\/www.click-mallorca.com\/blog\/wp-json\/wp\/v2\/users\/2"}],"replies":[{"embeddable":true,"href":"https:\/\/www.click-mallorca.com\/blog\/wp-json\/wp\/v2\/comments?post=9120"}],"version-history":[{"count":12,"href":"https:\/\/www.click-mallorca.com\/blog\/wp-json\/wp\/v2\/posts\/9120\/revisions"}],"predecessor-version":[{"id":18137,"href":"https:\/\/www.click-mallorca.com\/blog\/wp-json\/wp\/v2\/posts\/9120\/revisions\/18137"}],"wp:featuredmedia":[{"embeddable":true,"href":"https:\/\/www.click-mallorca.com\/blog\/wp-json\/wp\/v2\/media\/9267"}],"wp:attachment":[{"href":"https:\/\/www.click-mallorca.com\/blog\/wp-json\/wp\/v2\/media?parent=9120"}],"wp:term":[{"taxonomy":"category","embeddable":true,"href":"https:\/\/www.click-mallorca.com\/blog\/wp-json\/wp\/v2\/categories?post=9120"},{"taxonomy":"post_tag","embeddable":true,"href":"https:\/\/www.click-mallorca.com\/blog\/wp-json\/wp\/v2\/tags?post=9120"}],"curies":[{"name":"wp","href":"https:\/\/api.w.org\/{rel}","templated":true}]}}