{"id":9532,"date":"2023-02-23T08:58:17","date_gmt":"2023-02-23T08:58:17","guid":{"rendered":"https:\/\/www.click-mallorca.com\/blog\/?p=9532"},"modified":"2025-07-06T13:50:14","modified_gmt":"2025-07-06T13:50:14","slug":"ostern-mallorca","status":"publish","type":"post","link":"https:\/\/www.click-mallorca.com\/blog\/de\/mallorca-urlaub\/ostern-mallorca\/","title":{"rendered":"Was kann man zu Ostern auf Mallorca unternehmen?"},"content":{"rendered":"\n<p>Wir haben einen <strong>Leitfaden f\u00fcr die Osterwoche auf Mallorca zusammengestellt mit den besten Aktivit\u00e4ten und Unternehmungen<\/strong>, um Ostern auf Mallorca mit Familie und Freunden zu genie\u00dfen und einige der typischen Traditionen dieser Tage zu erleben.<\/p>\n\n\n\n<p>Frohe Ostern!<\/p>\n\n\n\n<div class=\"wp-block-buttons is-content-justification-space-between is-layout-flex wp-container-core-buttons-is-layout-1 wp-block-buttons-is-layout-flex\">\n<div class=\"wp-block-button is-style-fill\"><a class=\"wp-block-button__link has-black-color has-pale-cyan-blue-background-color has-text-color has-background wp-element-button\" style=\"border-radius:5px\"><strong>In den n\u00e4chsten Wochen werden wir diesen Artikel aktualisieren und neue Vorschl\u00e4ge hinzuf\u00fcgen. Schauen Sie also alle 3 bis 4 Tage auf unserer Website vorbei, denn wir sind sicher, dass es neue Ideen, Pl\u00e4ne und Aktivit\u00e4ten gibt, die Sie zu Ostern auf Mallorca unternehmen k\u00f6nnen. <strong>Mallorca zu Ostern ist eine spannende Zeit auf der Insel.<\/strong><\/strong><\/a><\/div>\n<\/div>\n\n\n\n<p><strong>Zu den wichtigsten Neuigkeiten im Zusammenhang mit der Osterwoche 2023:<\/strong><\/p>\n\n\n\n<ul class=\"wp-block-list\">\n<li>Neue Rubrik mit Aktivit\u00e4ten f\u00fcr Kinder an diesen Feiertagen<\/li>\n\n\n\n<li>Empfehlungen f\u00fcr die besten Prozessionen in der Osterwoche<\/li>\n\n\n\n<li>Ideale Wanderrouten auf Mallorca zu Ostern<\/li>\n<\/ul>\n\n\n\n<p>Palma hat sich zu einem der beliebtesten Reiseziele f\u00fcr Ostern 2023 entwickelt. Das liegt unter anderem an den guten Flugverbindungen mit verschiedenen L\u00e4ndern zu dieser Zeit des Jahres. <strong>Deshalb haben wir eine Liste mit guten Vorschl\u00e4gen f\u00fcr Ausfl\u00fcge und Aktivit\u00e4ten zusammengestellt, sowohl f\u00fcr Bewohner Mallorcas als auch f\u00fcr diejenigen, die zu Ostern nach Mallorca kommen.<\/strong><\/p>\n\n\n\n<p>Klicken Sie auf die Aktivit\u00e4t, die Sie interessiert, um die Details zu erfahren, oder lesen Sie den ganzen Artikel, um nichts zu verpassen<\/p>\n\n\n\n<div id=\"ez-toc-container\" class=\"ez-toc-v2_0_72 counter-hierarchy ez-toc-counter ez-toc-light-blue ez-toc-container-direction\">\n<label for=\"ez-toc-cssicon-toggle-item-69f32fe1dbf03\" class=\"ez-toc-cssicon-toggle-label\"><span class=\"\"><span class=\"eztoc-hide\" style=\"display:none;\">Toggle<\/span><span class=\"ez-toc-icon-toggle-span\"><svg style=\"fill: #999;color:#999\" xmlns=\"http:\/\/www.w3.org\/2000\/svg\" class=\"list-377408\" width=\"20px\" height=\"20px\" viewBox=\"0 0 24 24\" fill=\"none\"><path d=\"M6 6H4v2h2V6zm14 0H8v2h12V6zM4 11h2v2H4v-2zm16 0H8v2h12v-2zM4 16h2v2H4v-2zm16 0H8v2h12v-2z\" fill=\"currentColor\"><\/path><\/svg><svg style=\"fill: #999;color:#999\" class=\"arrow-unsorted-368013\" xmlns=\"http:\/\/www.w3.org\/2000\/svg\" width=\"10px\" height=\"10px\" viewBox=\"0 0 24 24\" version=\"1.2\" baseProfile=\"tiny\"><path d=\"M18.2 9.3l-6.2-6.3-6.2 6.3c-.2.2-.3.4-.3.7s.1.5.3.7c.2.2.4.3.7.3h11c.3 0 .5-.1.7-.3.2-.2.3-.5.3-.7s-.1-.5-.3-.7zM5.8 14.7l6.2 6.3 6.2-6.3c.2-.2.3-.5.3-.7s-.1-.5-.3-.7c-.2-.2-.4-.3-.7-.3h-11c-.3 0-.5.1-.7.3-.2.2-.3.5-.3.7s.1.5.3.7z\"\/><\/svg><\/span><\/span><\/label><input type=\"checkbox\"  id=\"ez-toc-cssicon-toggle-item-69f32fe1dbf03\"  aria-label=\"Toggle\" \/><nav><ul class='ez-toc-list ez-toc-list-level-1 ' ><li class='ez-toc-page-1 ez-toc-heading-level-2'><a class=\"ez-toc-link ez-toc-heading-1\" href=\"https:\/\/www.click-mallorca.com\/blog\/de\/mallorca-urlaub\/ostern-mallorca\/#wie-ist-das-wetter-in-ostern-auf-mallorca\" title=\"Wie ist das Wetter in Ostern auf Mallorca\">Wie ist das Wetter in Ostern auf Mallorca<\/a><\/li><li class='ez-toc-page-1 ez-toc-heading-level-2'><a class=\"ez-toc-link ez-toc-heading-2\" href=\"https:\/\/www.click-mallorca.com\/blog\/de\/mallorca-urlaub\/ostern-mallorca\/#fira-del-ram\" title=\"Fira del Ram\">Fira del Ram<\/a><\/li><li class='ez-toc-page-1 ez-toc-heading-level-2'><a class=\"ez-toc-link ez-toc-heading-3\" href=\"https:\/\/www.click-mallorca.com\/blog\/de\/mallorca-urlaub\/ostern-mallorca\/#osterprozessionen-auf-mallorca\" title=\"Osterprozessionen auf Mallorca\">Osterprozessionen auf Mallorca<\/a><\/li><li class='ez-toc-page-1 ez-toc-heading-level-2'><a class=\"ez-toc-link ez-toc-heading-4\" href=\"https:\/\/www.click-mallorca.com\/blog\/de\/mallorca-urlaub\/ostern-mallorca\/#karfreitagsprozession-auf-mallorca\" title=\"Karfreitagsprozession auf Mallorca\">Karfreitagsprozession auf Mallorca<\/a><\/li><li class='ez-toc-page-1 ez-toc-heading-level-2'><a class=\"ez-toc-link ez-toc-heading-5\" href=\"https:\/\/www.click-mallorca.com\/blog\/de\/mallorca-urlaub\/ostern-mallorca\/#pancaritats-auf-mallorca\" title=\"Pancaritats auf Mallorca\">Pancaritats auf Mallorca<\/a><\/li><li class='ez-toc-page-1 ez-toc-heading-level-2'><a class=\"ez-toc-link ez-toc-heading-6\" href=\"https:\/\/www.click-mallorca.com\/blog\/de\/mallorca-urlaub\/ostern-mallorca\/#wanderrouten-zu-ostern-auf-mallorca\" title=\"Wanderrouten zu Ostern auf Mallorca\">Wanderrouten zu Ostern auf Mallorca<\/a><\/li><li class='ez-toc-page-1 ez-toc-heading-level-2'><a class=\"ez-toc-link ez-toc-heading-7\" href=\"https:\/\/www.click-mallorca.com\/blog\/de\/mallorca-urlaub\/ostern-mallorca\/#feiertage-auf-mallorca-zu-ostern-aktivitaten-mit-kindern\" title=\"Feiertage Auf Mallorca zu Ostern: Aktivit\u00e4ten mit Kindern\">Feiertage Auf Mallorca zu Ostern: Aktivit\u00e4ten mit Kindern<\/a><ul class='ez-toc-list-level-3' ><li class='ez-toc-heading-level-3'><a class=\"ez-toc-link ez-toc-heading-8\" href=\"https:\/\/www.click-mallorca.com\/blog\/de\/mallorca-urlaub\/ostern-mallorca\/#reitausfluge\" title=\"Reitausfl\u00fcge\">Reitausfl\u00fcge<\/a><\/li><li class='ez-toc-page-1 ez-toc-heading-level-3'><a class=\"ez-toc-link ez-toc-heading-9\" href=\"https:\/\/www.click-mallorca.com\/blog\/de\/mallorca-urlaub\/ostern-mallorca\/#freizeitparks-mit-sonderangeboten-und-vergunstigungen\" title=\"Freizeitparks mit Sonderangeboten und Verg\u00fcnstigungen\">Freizeitparks mit Sonderangeboten und Verg\u00fcnstigungen<\/a><\/li><\/ul><\/li><li class='ez-toc-page-1 ez-toc-heading-level-2'><a class=\"ez-toc-link ez-toc-heading-10\" href=\"https:\/\/www.click-mallorca.com\/blog\/de\/mallorca-urlaub\/ostern-mallorca\/#mallorca-osterferien-bootsausfluge-und-touren-mit-dem-schiff\" title=\"Mallorca Osterferien: Bootsausfl\u00fcge und Touren mit dem Schiff\">Mallorca Osterferien: Bootsausfl\u00fcge und Touren mit dem Schiff<\/a><\/li><li class='ez-toc-page-1 ez-toc-heading-level-2'><a class=\"ez-toc-link ez-toc-heading-11\" href=\"https:\/\/www.click-mallorca.com\/blog\/de\/mallorca-urlaub\/ostern-mallorca\/#osteraktivitaten-auf-mallorca-um-etwas-besonderes-zu-unternehmen\" title=\"Osteraktivit\u00e4ten auf Mallorca, um etwas Besonderes zu unternehmen\">Osteraktivit\u00e4ten auf Mallorca, um etwas Besonderes zu unternehmen<\/a><\/li><li class='ez-toc-page-1 ez-toc-heading-level-2'><a class=\"ez-toc-link ez-toc-heading-12\" href=\"https:\/\/www.click-mallorca.com\/blog\/de\/mallorca-urlaub\/ostern-mallorca\/#die-route-der-heiligen-hauser\" title=\"Die Route der Heiligen H\u00e4user\">Die Route der Heiligen H\u00e4user<\/a><\/li><li class='ez-toc-page-1 ez-toc-heading-level-2'><a class=\"ez-toc-link ez-toc-heading-13\" href=\"https:\/\/www.click-mallorca.com\/blog\/de\/mallorca-urlaub\/ostern-mallorca\/#vier-kostenlos-gefuhrte-touren-die-sie-auf-mallorca-unternehmen-konnen\" title=\"Vier kostenlos gef\u00fchrte Touren, die Sie auf Mallorca unternehmen k\u00f6nnen\">Vier kostenlos gef\u00fchrte Touren, die Sie auf Mallorca unternehmen k\u00f6nnen<\/a><\/li><li class='ez-toc-page-1 ez-toc-heading-level-2'><a class=\"ez-toc-link ez-toc-heading-14\" href=\"https:\/\/www.click-mallorca.com\/blog\/de\/mallorca-urlaub\/ostern-mallorca\/#mallorca-urlaub-in-ostern-geniesen-sie-einen-der-strande-mallorcas\" title=\"Mallorca Urlaub in Ostern: Genie\u00dfen Sie einen der Str\u00e4nde Mallorcas\">Mallorca Urlaub in Ostern: Genie\u00dfen Sie einen der Str\u00e4nde Mallorcas<\/a><\/li><li class='ez-toc-page-1 ez-toc-heading-level-2'><a class=\"ez-toc-link ez-toc-heading-15\" href=\"https:\/\/www.click-mallorca.com\/blog\/de\/mallorca-urlaub\/ostern-mallorca\/#mallorcas-hohlen-sind-zu-ostern-geoffnet\" title=\"Mallorcas H\u00f6hlen sind zu Ostern ge\u00f6ffnet\">Mallorcas H\u00f6hlen sind zu Ostern ge\u00f6ffnet<\/a><\/li><\/ul><\/nav><\/div>\n<h2 class=\"wp-block-heading\" id=\"wie-ist-das-wetter-in-ostern-auf-mallorca\"><span class=\"ez-toc-section\" id=\"wie-ist-das-wetter-in-ostern-auf-mallorca\"><\/span>Wie ist das Wetter in Ostern auf Mallorca<span class=\"ez-toc-section-end\"><\/span><\/h2>\n\n\n\n<p>Das Wetter auf Mallorca zu Ostern ist normalerweise mild, mit durchschnittlichen Temperaturen zwischen 15 und 20 Grad Celsius. Es kann jedoch auch Regen geben, insbesondere im M\u00e4rz und April. Die Wassertemperaturen sind zu dieser Jahreszeit noch etwas k\u00fchl, aber trotzdem angenehm zum Schwimmen. Im Allgemeinen ist das Wetter auf Mallorca zu Ostern ideal f\u00fcr Outdoor-Aktivit\u00e4ten wie Wandern, Radfahren und Sightseeing.<\/p>\n\n\n\n<div style=\"width: 100%; overflow-x: auto; overflow-y: hidden;\">\n<table style=\"border: 1px solid #E5E5E5; font-size: 95%; background: #E5E5E5; margin-bottom: 10px;\">\n<tbody>\n<tr align=\"center\">\n<td>&nbsp;<\/td>\n<td>Max. Temperatur<\/td>\n<td>Min. Temperatur<\/td>\n<td>Sonnenstunden<\/td>\n<td>Regentage<\/td>\n<td>Wassertemperatur<\/td>\n<\/tr>\n<tr align=\"center\">\n<td>M\u00e4rz<\/td>\n<td style=\"background: #FFA500;\">17<\/td>\n<td style=\"background: #FFA500;\">5<\/td>\n<td style=\"background: #FFA500;\">6,5<\/td>\n<td style=\"background: #FFA500;\">5<\/td>\n<td style=\"background: #FFA500;\">14<\/td>\n<\/tr>\n<tr align=\"center\">\n<td>April<\/td>\n<td style=\"background: #FFA500;\">19<\/td>\n<td style=\"background: #FFA500;\">7<\/td>\n<td style=\"background: #FFA500;\">8<\/td>\n<td style=\"background: #FFA500;\">5<\/td>\n<td style=\"background: #FFA500;\">15<\/td>\n<\/tr>\n<\/tbody>\n<\/table>\n<\/div>\n\n\n\n<p><strong>Die beste Kleidung f\u00fcr das Wetter auf Mallorca zu Ostern<\/strong><\/p>\n\n\n\n<p>Da das Wetter auf Mallorca zu Ostern unvorhersehbar sein kann, ist es wichtig, die richtige Kleidung mitzubringen. Leichte Kleidung wie Shorts, T-Shirts und Sandalen sind tags\u00fcber angemessen, aber es ist auch ratsam, eine leichte Jacke oder Pullover f\u00fcr den Fall mitzubringen, dass es k\u00fchler wird oder regnet. F\u00fcr abendliche Aktivit\u00e4ten empfiehlt es sich, lang\u00e4rmlige Kleidung oder eine leichte Jacke mitzubringen.<\/p>\n\n\n\n<h2 class=\"wp-block-heading parrafo-azul\" id=\"fira-del-ram\"><span class=\"ez-toc-section\" id=\"fira-del-ram\"><\/span>Fira del Ram<span class=\"ez-toc-section-end\"><\/span><\/h2>\n\n\n\n<p>Ostern auf Mallorca beginnt mit der Fira del Ram (Jahrmarkt), die im Gewerbegebiet Son Castello in der Gegend von Son Fusteret stattfindet. Im Jahr 2023 wird sie vom 25. Februar bis zum 24. April ge\u00f6ffnet sein. Insgesamt gibt es mehr als 160 St\u00e4nde und Attraktionen zu Preisen zwischen 2,50 und 4,00 Euro. Die Schausteller werden 2\u00d71Ticket ausgegeben, die w\u00e4hrend der Woche genutzt werden k\u00f6nnen, wenn weniger Besucher da sind.<\/p>\n\n\n<div class=\"wp-block-image wp-block-image aligncenter size-large is-resized\">\n<figure class=\"\"><img loading=\"lazy\" decoding=\"async\" width=\"1024\" height=\"534\" src=\"https:\/\/www.click-mallorca.com\/blog\/wp-content\/uploads\/2021\/03\/feria-ram-semana-santa-1024x534.jpg\" alt=\"Fira del Ram Mallorca\" class=\"wp-image-4911\" srcset=\"https:\/\/www.click-mallorca.com\/blog\/wp-content\/uploads\/2021\/03\/feria-ram-semana-santa-1024x534.jpg 1024w, https:\/\/www.click-mallorca.com\/blog\/wp-content\/uploads\/2021\/03\/feria-ram-semana-santa-300x156.jpg 300w, https:\/\/www.click-mallorca.com\/blog\/wp-content\/uploads\/2021\/03\/feria-ram-semana-santa-768x400.jpg 768w, https:\/\/www.click-mallorca.com\/blog\/wp-content\/uploads\/2021\/03\/feria-ram-semana-santa-150x78.jpg 150w, https:\/\/www.click-mallorca.com\/blog\/wp-content\/uploads\/2021\/03\/feria-ram-semana-santa.jpg 1266w\" sizes=\"auto, (max-width: 1024px) 100vw, 1024px\" \/><\/figure><\/div>\n\n\n<p>Es gibt mehrere M\u00f6glichkeiten, die Ram-Fira zu erreichen. Sie k\u00f6nnen mit dem Auto hinfahren und auf dem Parkplatz neben dem Gel\u00e4nde parken. Sie k\u00f6nnen mit dem Bus der EMT-Linie 10 oder mit der Metro bis zur Haltestelle Son Fusteret fahren.<\/p>\n\n\n\n<p>Die \u00d6ffnungszeiten der Ram-Fira sind:<\/p>\n\n\n\n<ul class=\"wp-block-list\">\n<li>Montag bis Donnerstag: 16.30 bis 23.30 Uhr<\/li>\n\n\n\n<li>Freitags und an Vorabenden von Feiertagen: 16.30 bis 01.00 Uhr nachts<\/li>\n\n\n\n<li>Samstag: 11.00 bis 01.00 Uhr nachts<\/li>\n\n\n\n<li>Sonntags und an Feiertagen: 11.00 bis 23.30 Uhr<\/li>\n<\/ul>\n\n\n\n<h2 class=\"wp-block-heading parrafo-azul\" id=\"osterprozessionen-auf-mallorca\"><span class=\"ez-toc-section\" id=\"osterprozessionen-auf-mallorca\"><\/span>Osterprozessionen auf Mallorca<span class=\"ez-toc-section-end\"><\/span><\/h2>\n\n\n\n<p>Die<strong> Karwoche auf Mallorca ist heute undenkbar ohne die Prozessionen,<\/strong> die ihren Ursprung in der Auferstehung des heiligen Christi haben, eine Tradition, die bis ins Mittelalter zur\u00fcckreicht und Jahr f\u00fcr Jahr alle Bruderschaften in den D\u00f6rfern und St\u00e4dten Mallorcas zusammenf\u00fchrt.<\/p>\n\n\n\n<p>Der Palmsonntag markiert den Beginn der Feierlichkeiten, die offiziell am darauffolgenden Sonntag und dann am Ostersonntag, enden. In dieser Woche finden in allen D\u00f6rfern Mallorcas Prozessionen statt, und in einigen D\u00f6rfern gibt es am Karfreitag die Davallaments (die Kreuzabnahme Christi).<\/p>\n\n\n<div class=\"wp-block-image wp-block-image aligncenter size-large is-resized\">\n<figure class=\"\"><img loading=\"lazy\" decoding=\"async\" width=\"640\" height=\"480\" src=\"https:\/\/www.click-mallorca.com\/blog\/wp-content\/uploads\/2020\/03\/Procesiones-de-semana-santa-en-mallorca.jpg\" alt=\"Osterprozessionen auf Mallorca\" class=\"wp-image-3495\" srcset=\"https:\/\/www.click-mallorca.com\/blog\/wp-content\/uploads\/2020\/03\/Procesiones-de-semana-santa-en-mallorca.jpg 640w, https:\/\/www.click-mallorca.com\/blog\/wp-content\/uploads\/2020\/03\/Procesiones-de-semana-santa-en-mallorca-300x225.jpg 300w\" sizes=\"auto, (max-width: 640px) 100vw, 640px\" \/><\/figure><\/div>\n\n\n<p><strong>Am interessantesten sind die Prozessionen in der Inselhauptstadt Palma<\/strong>, denn hier gibt es die meisten Bruderschaften, und am Gr\u00fcndonnerstag k\u00f6nnen es bis zu 4.000 Menschen sein, die an den Prozessionen teilnehmen. Aber auch die Prozessionen von Alcudia und Pollensa sind hervorzuheben, um zwei weitere Beispiele zu nennen.<\/p>\n\n\n\n<p><strong><strong>Dies sind einige der besten Prozessionen zu Ostern auf Mallorca<\/strong><\/strong><\/p>\n\n\n\n<ul class=\"wp-block-list\">\n<li><strong>Gr\u00fcndonnerstag:<\/strong> Prozession von Sant Crist de la Sang in Palma. Es handelt sich um eine der farbenpr\u00e4chtigsten und zahlreichsten Prozessionen, die von der Cofrad\u00eda de la Sang (Bruderschaft des Blutes) veranstaltet wird und seit Anfang des 15. Jahrhunderts jeden Gr\u00fcndonnerstag stattfindet.<\/li>\n\n\n\n<li><strong>Karfreitag: Davallament de la Creu en Pollensa<\/strong>.Eine der spektakul\u00e4rsten Prozessionen, in der Abendd\u00e4mmerung auf der Calvario-Treppe.<\/li>\n\n\n\n<li><strong>Karfreitag:<\/strong> Kreuzweg auf den Stufen der Kathedrale von Palma. Seit 1985 wird die Via Crucis aufgef\u00fchrt, ein Theaterst\u00fcck auf der Grundlage der Sonette von Lloren\u00e7 Moy\u00e0, einem Dichter und bekannten Geschichtenerz\u00e4hler aus Binissalem.<\/li>\n<\/ul>\n\n\n\n<h2 class=\"wp-block-heading\" id=\"karfreitagsprozession-auf-mallorca\"><span class=\"ez-toc-section\" id=\"karfreitagsprozession-auf-mallorca\"><\/span>Karfreitagsprozession auf Mallorca<span class=\"ez-toc-section-end\"><\/span><\/h2>\n\n\n\n<p>Die Karfreitagsprozession auf Mallorca ist eine der bekanntesten religi\u00f6sen Feiern der Insel und zieht jedes Jahr tausende von Gl\u00e4ubigen und Touristen an. In diesem Artikel werden wir die Geschichte, Tradition und Bedeutung der Karfreitagsprozession auf Mallorca n\u00e4her betrachten.<\/p>\n\n\n\n<p><strong>Geschichte der Karfreitagsprozession auf Mallorca<\/strong><\/p>\n\n\n\n<p>Die Karfreitagsprozession auf Mallorca hat eine lange Geschichte, die bis ins 16. Jahrhundert zur\u00fcckreicht. Es wird angenommen, dass die Prozession erstmals in Palma stattfand, als die Stadt von einem schweren Erdbeben ersch\u00fcttert wurde. Die Menschen baten um Gottes Hilfe und beschlossen, eine Prozession zu organisieren, um ihre S\u00fcnden zu bekennen und um Vergebung zu bitten.<\/p>\n\n\n\n<p><strong>Die Tradition der Karfreitagsprozession<\/strong><\/p>\n\n\n\n<p>Die Karfreitagsprozession auf Mallorca findet jedes Jahr am Karfreitag statt und wird von den Katholiken der Insel als eine der wichtigsten religi\u00f6sen Feiern betrachtet. Die Prozession beginnt in der Kathedrale von Palma und f\u00fchrt durch die Stra\u00dfen der Stadt, wobei eine lebensgro\u00dfe Statue von Jesus am Kreuz getragen wird. Die Statue wird von einer gro\u00dfen Menschenmenge begleitet, die betet, singt und ihre S\u00fcnden bekennt.<\/p>\n\n\n\n<p><strong>Bedeutung der Karfreitagsprozession<\/strong><\/p>\n\n\n\n<p>Die Karfreitagsprozession auf Mallorca hat eine tiefe religi\u00f6se Bedeutung f\u00fcr die Katholiken der Insel. Sie erinnert an die Leiden und den Tod von Jesus Christus am Kreuz und ist ein Symbol der Hoffnung und Erl\u00f6sung. Die Prozession ist auch ein wichtiges kulturelles Ereignis auf Mallorca und zieht jedes Jahr tausende von Touristen an, die das Spektakel und die religi\u00f6se Atmosph\u00e4re erleben m\u00f6chten.<\/p>\n\n\n\n<h2 class=\"wp-block-heading parrafo-azul\" id=\"pancaritats-auf-mallorca\"><span class=\"ez-toc-section\" id=\"pancaritats-auf-mallorca\"><\/span>Pancaritats auf Mallorca<span class=\"ez-toc-section-end\"><\/span><\/h2>\n\n\n\n<p>W\u00e4hrend der Osterwoche auf Mallorca ist der Ostermontag gleichbedeutend mit &#8220;Pancaritats&#8221;. Sein Ursprung geht auf das Mittelalter zur\u00fcck. An diesem Tag verteilten die Geschworenen der Stadt und des K\u00f6nigreichs Mallorca Brot an die Armen in der Tempelkirche von Palma, daher der Name pancaridad (Brot mit N\u00e4chstenliebe).<\/p>\n\n\n\n<p>Heutzutage ist es ein beliebtes Treffen au\u00dferhalb des Dorfes, mit einem Essen, das als &#8220;drittes Ostern&#8221; bekannt ist und in vielen D\u00f6rfern Mallorcas in den Tagen nach Ostern stattfindet. Bei dieser Gelegenheit werden die letzten typischen Osterprodukte verzehrt. Der gew\u00e4hlte Ort ist in der Regel symbolisch f\u00fcr die Teilnehmer, es kann ein Brunnen sein, Einsiedeleien oder Heiligt\u00fcmer, und es werden traditionelle T\u00e4nze aufgef\u00fchrt.<\/p>\n\n\n\n<p>Einige der Orte auf Mallorca, an denen dieses Fest gefeiert wird, sind:<\/p>\n\n\n\n<ul class=\"wp-block-list\">\n<li>Palma am Schloss Bellver<\/li>\n\n\n\n<li>Sa Pobla bei der Einsiedelei von Crestatx<\/li>\n\n\n\n<li>Campanet in der Wallfahrtskapelle Sant Miquel<\/li>\n<\/ul>\n\n\n\n<p><\/p>\n\n\n\n<h2 class=\"wp-block-heading parrafo-azul\" id=\"wanderrouten-zu-ostern-auf-mallorca\"><span class=\"ez-toc-section\" id=\"wanderrouten-zu-ostern-auf-mallorca\"><\/span>Wanderrouten zu Ostern auf Mallorca<span class=\"ez-toc-section-end\"><\/span><\/h2>\n\n\n\n<p>Ostern auf Mallorca bietet die M\u00f6glichkeit, die Tage mit l\u00e4ngerem Tageslicht und besserem Wetter zu genie\u00dfen. <strong>Ein guter Plan ist es, zu zweit, mit Freunden oder mit der Familie zu wandern. <\/strong>Eine Wandertour ist eine hervorragende Gelegenheit, mit der Natur in Kontakt zu kommen. Au\u00dferdem ist Ostern eine Zeit, in der man mit der Familie gerne isst, &#8220;Panades&#8221; (gef\u00fcllte Teigtaschen) zubereitet und zu viel genie\u00dft, so dass es nichts Besseres gibt, als eine Wanderung zu machen, um das viele Essen gut zu verdauen.<\/p>\n\n\n<div class=\"wp-block-image wp-block-image aligncenter size-large is-resized\">\n<figure class=\"\"><img loading=\"lazy\" decoding=\"async\" width=\"1024\" height=\"721\" src=\"https:\/\/www.click-mallorca.com\/blog\/wp-content\/uploads\/2021\/03\/excursion-senderismo-en-mallorca-1024x721.jpg\" alt=\"Wanderrouten zu Ostern auf Mallorca\" class=\"wp-image-4899\" srcset=\"https:\/\/www.click-mallorca.com\/blog\/wp-content\/uploads\/2021\/03\/excursion-senderismo-en-mallorca-1024x721.jpg 1024w, https:\/\/www.click-mallorca.com\/blog\/wp-content\/uploads\/2021\/03\/excursion-senderismo-en-mallorca-300x211.jpg 300w, https:\/\/www.click-mallorca.com\/blog\/wp-content\/uploads\/2021\/03\/excursion-senderismo-en-mallorca-768x540.jpg 768w, https:\/\/www.click-mallorca.com\/blog\/wp-content\/uploads\/2021\/03\/excursion-senderismo-en-mallorca-150x106.jpg 150w, https:\/\/www.click-mallorca.com\/blog\/wp-content\/uploads\/2021\/03\/excursion-senderismo-en-mallorca.jpg 1124w\" sizes=\"auto, (max-width: 1024px) 100vw, 1024px\" \/><\/figure><\/div>\n\n\n<p><strong><strong>Hier finden Sie einige Vorschl\u00e4ge und Links zu Wander- und Ausflugsrouten:<\/strong><\/strong><\/p>\n\n\n\n<ul class=\"wp-block-list\">\n<li>Es gibt zahlreiche M\u00f6glichkeiten f\u00fcr Wandertouren, und wir empfehlen Ihnen, unseren Abschnitt \u00fcber Wanderrouten auf Mallorca zu lesen, wo Sie viele <a href=\"https:\/\/www.click-mallorca.com\/blog\/de\/wandern\/\" target=\"_blank\" rel=\"noreferrer noopener\">Touren mit allen Details finden.<\/a> <\/li>\n<\/ul>\n\n\n\n<p><\/p>\n\n\n\n<h2 class=\"wp-block-heading parrafo-azul\" id=\"feiertage-auf-mallorca-zu-ostern-aktivitaten-mit-kindern\"><span class=\"ez-toc-section\" id=\"feiertage-auf-mallorca-zu-ostern-aktivitaten-mit-kindern\"><\/span>Feiertage Auf Mallorca zu Ostern: Aktivit\u00e4ten mit Kindern<span class=\"ez-toc-section-end\"><\/span><\/h2>\n\n\n\n<p>Ostern ist die Zeit der Schulferien, und in diesem Artikel d\u00fcrfen einige Empfehlungen f\u00fcr Ostern nicht fehlen.<\/p>\n\n\n\n<h3 class=\"wp-block-heading\" id=\"reitausfluge\"><span class=\"ez-toc-section\" id=\"reitausfluge\"><\/span><strong>Reitausfl\u00fcge<\/strong><span class=\"ez-toc-section-end\"><\/span><\/h3>\n\n\n\n<p>Wir beginnen mit den <a href=\"https:\/\/www.click-mallorca.com\/de\/aktivitaeten\/reiten-mallorca\/\" target=\"_blank\" rel=\"noreferrer noopener\">Ausfl\u00fcgen und Ausritten.<\/a> Einige der beliebtesten f\u00fcr diese Termine sind:<\/p>\n\n\n\n<ul class=\"wp-block-list\">\n<li>Unsere Neuheit f\u00fcr dieses Ostern 2024 ist ein super kompletter Ausflug mit Wald und Strand in Can Picafort. Es ist keine Erfahrung notwendig, und es gibt spezialisierte Betreuer. Entdecken Sie es in: <a href=\"https:\/\/www.click-mallorca.com\/de\/ausfluge\/pferde-ranch-can-picafort-eine-stunde-ausritt\/\" target=\"_blank\" rel=\"noreferrer noopener\">Reiten in Can Picafort<\/a><\/li>\n\n\n\n<li><a href=\"https:\/\/www.click-mallorca.com\/de\/ausfluge\/reiten-mallorca-strand\/\">Ein dreist\u00fcndiger Ausritt durch die W\u00e4lder und am Strand entlang:<\/a> Ideal f\u00fcr Paare, die zu Ostern auf Mallorca etwas anderes machen m\u00f6chten. In sehr kleinen Gruppen reiten Sie auf Pfaden, durch W\u00e4lder und am Strand entlang von Son Baulo nach Son Serra de Marina.<\/li>\n<\/ul>\n\n\n<div class=\"n2-section-smartslider fitvidsignore  n2_clear\" data-ssid=\"75\" tabindex=\"0\" role=\"region\" aria-label=\"Slider\"><div id=\"n2-ss-75-align\" class=\"n2-ss-align\"><div class=\"n2-padding\"><div id=\"n2-ss-75\" data-creator=\"Smart Slider 3\" data-responsive=\"auto\" class=\"n2-ss-slider n2-ow n2-has-hover n2notransition  \">\n        <div class=\"n2-ss-slider-1 n2-ow\">\n            <div class=\"n2-ss-slider-2 n2-ow\">\n                <div class=\"n2-ss-slide-backgrounds n2-ow-all\"><div class=\"n2-ss-slide-background\" data-public-id=\"1\" data-mode=\"fill\"><div class=\"n2-ss-slide-background-image\" data-blur=\"0\" data-opacity=\"50\" data-x=\"81\" data-y=\"77\" data-alt=\"reiten mallorca\" data-title=\"reiten mallorca\" style=\"opacity:0.5;--ss-o-pos-x:81%;--ss-o-pos-y:77%\"><picture class=\"skip-lazy\" data-skip-lazy=\"1\"><img decoding=\"async\" src=\"\/\/www.click-mallorca.com\/blog\/wp-content\/uploads\/2022\/02\/horse-riding-beach-3.jpg\" alt=\"reiten mallorca\" title=\"reiten mallorca\" loading=\"lazy\" class=\"skip-lazy\" data-skip-lazy=\"1\"><\/picture><\/div><div data-color=\"RGBA(60,60,60,1)\" style=\"background-color: RGBA(60,60,60,1);\" class=\"n2-ss-slide-background-color\"><\/div><\/div><\/div>                <div class=\"n2-ss-slider-3 n2-ow\">\n                    <svg xmlns=\"http:\/\/www.w3.org\/2000\/svg\" viewBox=\"0 0 1220 312\" data-related-device=\"desktopPortrait\" class=\"n2-ow n2-ss-preserve-size n2-ss-preserve-size--slider n2-ss-slide-limiter\"><\/svg><div data-first=\"1\" data-slide-duration=\"0\" data-id=\"79\" data-slide-public-id=\"1\" data-title=\"canoeing\" class=\"n2-ss-slide n2-ow  n2-ss-slide-79\"><div role=\"note\" class=\"n2-ss-slide--focus\" tabindex=\"-1\">canoeing<\/div><div class=\"n2-ss-layers-container n2-ss-slide-limiter n2-ow\"><div class=\"n2-ss-layer n2-ow n-uc-IhFttOsv3C5C\" data-sstype=\"slide\" data-pm=\"default\"><div class=\"n2-ss-layer n2-ow n-uc-HhbMtgBVroWU\" data-pm=\"default\" data-sstype=\"content\" data-hasbackground=\"0\"><div class=\"n2-ss-section-main-content n2-ss-layer-with-background n2-ss-layer-content n2-ow n-uc-HhbMtgBVroWU-inner\"><div class=\"n2-ss-layer n2-ow n-uc-66OnbLBMs5K9\" data-pm=\"normal\" data-sstype=\"layer\"><div id=\"n2-ss-75item1\" class=\"n2-font-e9a4db3737553f617bc7781666873b58-hover n2-style-f77d9243d5756df16465dabef11c5487-heading   n2-ss-item-content n2-ss-text n2-ow\" style=\"display:block;\">Exklusive <br>Angebote<\/div><\/div><div class=\"n2-ss-layer n2-ow n-uc-qZKowRz4wXW3\" data-pm=\"normal\" data-sstype=\"layer\"><div id=\"n2-ss-75item2\" class=\"n2-font-a5e2522f416001c57981fbde2ee9382f-hover   n2-ss-item-content n2-ss-text n2-ow\" style=\"display:block;\">Reiten auf Mallorca<\/div><\/div><div class=\"n2-ss-layer n2-ow n-uc-YacwtNv4K3vP\" data-pm=\"normal\" data-sstype=\"layer\"><div id=\"n2-ss-75item3\" class=\"n2-font-e444516f3cd201d3c6c7798a5ce0ed55-hover   n2-ss-item-content n2-ss-text n2-ow\" style=\"display:block;\"> Mit Reiten am Strand, Reiterh\u00f6fe und reiten f\u00fc Kinder. <\/div><\/div><div class=\"n2-ss-layer n2-ow n-uc-ib2FluMCJd2h\" data-pm=\"normal\" data-sstype=\"layer\"><div class=\"n2-ss-button-container n2-ss-item-content n2-ow n2-font-aa17aaeef61b48c1ce9107526e93a5f5-link  n2-ss-nowrap\"><a class=\"n2-style-91de29be64dbe428acccb3b339585304-heading  n2-ow \" href=\"https:\/\/www.click-mallorca.com\/de\/aktivitaeten\/reiten-mallorca\/\"><div><div>Info und Tickets<\/div><\/div><\/a><\/div><\/div><\/div><\/div><\/div><\/div><\/div>                <\/div>\n                            <\/div>\n        <\/div>\n        <\/div><ss3-loader><\/ss3-loader><\/div><\/div><div class=\"n2_clear\"><\/div><\/div>\n\n\n<h3 class=\"wp-block-heading\" id=\"freizeitparks-mit-sonderangeboten-und-vergunstigungen\"><span class=\"ez-toc-section\" id=\"freizeitparks-mit-sonderangeboten-und-vergunstigungen\"><\/span>Freizeitparks mit Sonderangeboten und Verg\u00fcnstigungen<span class=\"ez-toc-section-end\"><\/span><\/h3>\n\n\n\n<p>Mit dem Beginn der Osterferien \u00f6ffnen viele Vergn\u00fcgungs- und Freizeitparks auf Mallorca ihre Pforten und sind eine ideale Aktivit\u00e4t f\u00fcr Kinder zu Ostern. Zu den Optionen, die w\u00e4hrend der Osterferien zur Verf\u00fcgung stehen, geh\u00f6ren:<\/p>\n\n\n\n<ul class=\"wp-block-list\">\n<li><strong>Marineland<\/strong> mit seiner Delphinshow. Profitieren Sie von den <strong>10 % Rabatt<\/strong> auf die <a href=\"https:\/\/www.click-mallorca.com\/de\/ausfluge\/ticket-marineland\/\" target=\"_blank\" rel=\"noreferrer noopener\">Eintrittskarten f\u00fcr das Marineland.<\/a><\/li>\n\n\n\n<li><strong>Forestal Park<\/strong> mit seinen Seilrutschen (Sie k\u00f6nnen erm\u00e4\u00dfigte Tickets kaufen: Tickets Forestal Park Mallorca<\/li>\n\n\n\n<li><strong>Naturschutzgebiet Puig Galatzo<\/strong>: Osterangebot f\u00fcr Einheimische f\u00fcr 12 \u20ac f\u00fcr Erwachsene und Kinder gratis. Reservierung erforderlich hier: <a href=\"https:\/\/www.click-mallorca.com\/de\/ausfluge\/reserva-puig-galatzo\/\" target=\"_blank\" rel=\"noreferrer noopener\">Galatzo Reserve Ticket.<\/a><\/li>\n\n\n\n<li><strong>Palma Aquarium<\/strong>: Entdecken Sie unser Angebot f\u00fcr erm\u00e4\u00dfigte Eintrittskarten f\u00fcr das <a href=\"https:\/\/www.click-mallorca.com\/de\/ausfluge\/Palma-Aquarium-Eintrittskarte-ticket\/\" target=\"_blank\" rel=\"noreferrer noopener\">Palma Aquarium.<\/a><\/li>\n\n\n\n<li><strong>Katmandu-Park<\/strong>: Sie k\u00f6nnen ein <a href=\"https:\/\/www.click-mallorca.com\/de\/ausfluge\/ticket-eintrittskarte-mega-pack-katmandu-pak\/\" target=\"_blank\" rel=\"noreferrer noopener\">Ticket f\u00fcr den Katmandu-Park<\/a> kaufen, womit Sie den Eintritt zu allen Attraktionen haben, so oft Sie wollen. Dieses Ticket wird nur online verkauft und ist nicht am Ticketschalter erh\u00e4ltlich.<\/li>\n\n\n\n<li><strong>Golf Fantasia<\/strong>: Wenn Sie auf der Suche nach einem unterhaltsamen Golfspiel sind, nutzen Sie die Vorteile der erm\u00e4\u00dfigten <a href=\"https:\/\/www.click-mallorca.com\/de\/ausfluge\/golf-fantasia-ticket\/\" target=\"_blank\" rel=\"noreferrer noopener\">Golf Fantasia Tickets<\/a> online.<\/li>\n<\/ul>\n\n\n\n<h2 class=\"wp-block-heading parrafo-azul\" id=\"bootsausfluge-und-touren-mit-dem-schiffpaseos-y-excursiones-en-barco\"><span class=\"ez-toc-section\" id=\"mallorca-osterferien-bootsausfluge-und-touren-mit-dem-schiff\"><\/span>Mallorca Osterferien: Bootsausfl\u00fcge und Touren mit dem Schiff<span class=\"ez-toc-section-end\"><\/span><\/h2>\n\n\n\n<p><strong><strong>Die Idee auf dem Meer<\/strong> <\/strong>zu sein, ist eine ausgezeichnete Option. Zu Ostern auf Mallorca werden bereits <strong>einige Bootsausfl\u00fcge und Exkursionen mit verschiedenen Touren und Fahrten <\/strong>angeboten. Zu den M\u00f6glichkeiten, die zu Ostern zur Verf\u00fcgung stehen, geh\u00f6ren die folgenden (wenn Sie auf den Namen der jeweiligen Aktivit\u00e4t klicken, finden Sie weitere Details):<\/p>\n\n\n\n<ul class=\"wp-block-list\">\n<li><a href=\"https:\/\/www.click-mallorca.com\/excursiones\/excursion-avistamiento-de-delfines-y-salida-del-sol-en-la-bahia-de-alcudia\/\" target=\"_blank\" rel=\"noreferrer noopener\"><\/a><a href=\"https:\/\/www.click-mallorca.com\/de\/ausfluge\/ausflug-delfin-beobachtung-und-sonnenaufgang-in-der-bucht-von-alcudia\/\" target=\"_blank\" rel=\"noreferrer noopener\">Delfinbeobachtung und Sonnenaufgang<\/a><\/li>\n\n\n\n<li><a href=\"https:\/\/www.click-mallorca.com\/excursiones\/paseo-catamaran-mallorca\/\"><\/a><a href=\"https:\/\/www.click-mallorca.com\/de\/ausfluge\/formentor-schiff\/\" target=\"_blank\" rel=\"noreferrer noopener\">Bootsausflug zum Coll Baix und zum Kap Formentor<\/a><\/li>\n\n\n\n<li><a href=\"https:\/\/www.click-mallorca.com\/excursiones\/excursion-barco-cala-tuent\/\" target=\"_blank\" rel=\"noreferrer noopener\"><\/a><a href=\"https:\/\/www.click-mallorca.com\/de\/ausfluge\/bootstour-zur-la-calobra-bucht\/\" target=\"_blank\" rel=\"noreferrer noopener\">Bootsausflug nach Sa Calobra von Port Soller aus<\/a><\/li>\n\n\n\n<li><a href=\"https:\/\/www.click-mallorca.com\/excursiones\/alquiler-kayak-mallorca\/\" target=\"_blank\" rel=\"noreferrer noopener\"><\/a><a href=\"https:\/\/www.click-mallorca.com\/de\/ausfluge\/kajak-mieten-auf-mallorca\/\" target=\"_blank\" rel=\"noreferrer noopener\">Mieten Sie ein Kajak und besuchen Sie die Insel Na Galera<\/a><\/li>\n<\/ul>\n\n\n\n<p><\/p>\n\n\n<div class=\"n2-section-smartslider fitvidsignore  n2_clear\" data-ssid=\"26\" tabindex=\"0\" role=\"region\" aria-label=\"Slider\"><div id=\"n2-ss-26-align\" class=\"n2-ss-align\"><div class=\"n2-padding\"><div id=\"n2-ss-26\" data-creator=\"Smart Slider 3\" data-responsive=\"auto\" class=\"n2-ss-slider n2-ow n2-has-hover n2notransition  \">\n        <div class=\"n2-ss-slider-1 n2-ow\">\n            <div class=\"n2-ss-slider-2 n2-ow\">\n                <div class=\"n2-ss-slide-backgrounds n2-ow-all\"><div class=\"n2-ss-slide-background\" data-public-id=\"1\" data-mode=\"fill\"><div class=\"n2-ss-slide-background-image\" data-blur=\"0\" data-opacity=\"50\" data-x=\"59\" data-y=\"54\" data-alt=\"Bootstouren auf Mallorca\" data-title=\"Bootstouren auf Mallorca\" style=\"opacity:0.5;--ss-o-pos-x:59%;--ss-o-pos-y:54%\"><picture class=\"skip-lazy\" data-skip-lazy=\"1\"><img decoding=\"async\" src=\"\/\/www.click-mallorca.com\/blog\/wp-content\/uploads\/2022\/02\/boat-trips-mallorca.jpg\" alt=\"Bootstouren auf Mallorca\" title=\"Bootstouren auf Mallorca\" loading=\"lazy\" class=\"skip-lazy\" data-skip-lazy=\"1\"><\/picture><\/div><div data-color=\"RGBA(60,60,60,1)\" style=\"background-color: RGBA(60,60,60,1);\" class=\"n2-ss-slide-background-color\"><\/div><\/div><\/div>                <div class=\"n2-ss-slider-3 n2-ow\">\n                    <svg xmlns=\"http:\/\/www.w3.org\/2000\/svg\" viewBox=\"0 0 1220 312\" data-related-device=\"desktopPortrait\" class=\"n2-ow n2-ss-preserve-size n2-ss-preserve-size--slider n2-ss-slide-limiter\"><\/svg><div data-first=\"1\" data-slide-duration=\"0\" data-id=\"27\" data-slide-public-id=\"1\" data-title=\"canoeing\" class=\"n2-ss-slide n2-ow  n2-ss-slide-27\"><div role=\"note\" class=\"n2-ss-slide--focus\" tabindex=\"-1\">canoeing<\/div><div class=\"n2-ss-layers-container n2-ss-slide-limiter n2-ow\"><div class=\"n2-ss-layer n2-ow n-uc-iAzpiw3OuWU5\" data-sstype=\"slide\" data-pm=\"default\"><div class=\"n2-ss-layer n2-ow n-uc-VeS8Z7o4Krlc\" data-pm=\"default\" data-sstype=\"content\" data-hasbackground=\"0\"><div class=\"n2-ss-section-main-content n2-ss-layer-with-background n2-ss-layer-content n2-ow n-uc-VeS8Z7o4Krlc-inner\"><div class=\"n2-ss-layer n2-ow n-uc-iQvpaoLuXZLY\" data-pm=\"normal\" data-sstype=\"layer\"><div id=\"n2-ss-26item1\" class=\"n2-font-a5e2522f416001c57981fbde2ee9382f-hover   n2-ss-item-content n2-ss-text n2-ow\" style=\"display:block;\">Bootstouren auf Mallorca<\/div><\/div><div class=\"n2-ss-layer n2-ow n-uc-RQvq870653m1\" data-pm=\"normal\" data-sstype=\"layer\"><div id=\"n2-ss-26item2\" class=\"n2-font-e444516f3cd201d3c6c7798a5ce0ed55-hover   n2-ss-item-content n2-ss-text n2-ow\" style=\"display:block;\">Entdecken die exotischten und exclusivsten Orte der Insel.<\/div><\/div><div class=\"n2-ss-layer n2-ow n-uc-8muvrS33UdpP\" data-pm=\"normal\" data-sstype=\"layer\"><div class=\"n2-ss-button-container n2-ss-item-content n2-ow n2-font-aa17aaeef61b48c1ce9107526e93a5f5-link  n2-ss-nowrap\"><a class=\"n2-style-91de29be64dbe428acccb3b339585304-heading  n2-ow \" href=\"https:\/\/www.click-mallorca.com\/de\/aktivitaeten\/boot-und-katamaran-ausfluge\/\"><div><div>Info und Tickets<\/div><\/div><\/a><\/div><\/div><\/div><\/div><\/div><\/div><\/div>                <\/div>\n                            <\/div>\n        <\/div>\n        <\/div><ss3-loader><\/ss3-loader><\/div><\/div><div class=\"n2_clear\"><\/div><\/div>\n\n\n<p>Es stimmt, dass es im Jahr 2023 nicht so viele M\u00f6glichkeiten f\u00fcr Bootsausfl\u00fcge gibt wie in anderen Jahren, da viele der Bootsunternehmen auf Mallorca beschlossen haben, mit dem Beginn ihrer T\u00e4tigkeit nicht soweit vorauszuplanen.<\/p>\n\n\n\n<h2 class=\"wp-block-heading parrafo-azul\" id=\"osteraktivitaten-auf-mallorca-um-etwas-besonderes-zu-unternehmen\"><span class=\"ez-toc-section\" id=\"osteraktivitaten-auf-mallorca-um-etwas-besonderes-zu-unternehmen\"><\/span>Osteraktivit\u00e4ten auf Mallorca, um etwas Besonderes zu unternehmen<span class=\"ez-toc-section-end\"><\/span><\/h2>\n\n\n\n<p>Die Ostertage sind eine ideale Zeit, um abzuschalten, mit der Familie zusammen zu sein, Zeit zum Entspannen zu haben&#8230; Tats\u00e4chlich haben wir viele Anfragen von Besuchern erhalten, die etwas Besonderes und Einzigartiges in den Osterferien unternehmen m\u00f6chten und uns um Rat fragen. Wir haben f\u00fcr Sie <strong>zwei Vorschl\u00e4ge f\u00fcr einzigartige und besondere Aktivit\u00e4ten auf Mallorca zu Ostern:<\/strong><\/p>\n\n\n\n<p>Machen Sie einen 30-min\u00fctigen <strong>Hubschrauberflug <\/strong>\u00fcber das Tramuntana-Gebirge. Sie werden die sch\u00f6nste Gegend des Gebirges aus der Luft sehen: Valldemossa, Deia, Sa Foradada, Soller&#8230; einzigartige Aussichten, die Sie nie vergessen werden. Info: <a href=\"https:\/\/www.click-mallorca.com\/de\/ausfluge\/helikopter-tour-auf-mallorca\/\">Tickets f\u00fcr Hubschr<\/a><a href=\"https:\/\/www.click-mallorca.com\/de\/ausfluge\/helikopter-tour-auf-mallorca\/\" target=\"_blank\" rel=\"noreferrer noopener\">auberfl\u00fcge auf Mallorca<\/a><\/p>\n\n\n<div class=\"wp-block-image wp-block-image aligncenter size-large is-resized\">\n<figure class=\"\"><img loading=\"lazy\" decoding=\"async\" width=\"1024\" height=\"497\" src=\"https:\/\/www.click-mallorca.com\/blog\/wp-content\/uploads\/2019\/12\/helicoptero-mallorca-2-1024x497.jpg\" alt=\"helicopter Mallorca\" class=\"wp-image-2440\" srcset=\"https:\/\/www.click-mallorca.com\/blog\/wp-content\/uploads\/2019\/12\/helicoptero-mallorca-2-1024x497.jpg 1024w, https:\/\/www.click-mallorca.com\/blog\/wp-content\/uploads\/2019\/12\/helicoptero-mallorca-2-300x146.jpg 300w, https:\/\/www.click-mallorca.com\/blog\/wp-content\/uploads\/2019\/12\/helicoptero-mallorca-2-768x373.jpg 768w, https:\/\/www.click-mallorca.com\/blog\/wp-content\/uploads\/2019\/12\/helicoptero-mallorca-2.jpg 1600w\" sizes=\"auto, (max-width: 1024px) 100vw, 1024px\" \/><\/figure><\/div>\n\n\n<p><strong>Eine Ballonfahrt bei Sonnenaufgang<\/strong>. In einem Hei\u00dfluftballon zu fliegen ist der Traum vieler, und Sie k\u00f6nnen ihn verwirklichen, w\u00e4hrend Sie den spektakul\u00e4ren Sonnenaufgang auf Mallorca genie\u00dfen. Mit erfahrenen Piloten, die bereits Europameister waren. Info: <a href=\"https:\/\/www.click-mallorca.com\/de\/ausfluge\/ballonfahren-auf-mallorca\/\" target=\"_blank\" rel=\"noreferrer noopener\">Tickets f\u00fcr Hei\u00dfluftballonfahrten auf Mallorca.<\/a><\/p>\n\n\n\n<p style=\"font-size:24px\"><strong>Besuchen Sie Mallorcas Museen zu Ostern<\/strong><\/p>\n\n\n\n<p>Auf Mallorca haben wir eine sehr interessante Auswahl an Museen. Nachfolgend stellen wir Ihnen eine Auswahl einiger weniger bekannter Museen vor, deren Besuch wir zu Ostern empfehlen:<\/p>\n\n\n\n<ul class=\"wp-block-list\">\n<li><strong>Geschichtsmuseum von Manacor:<\/strong> Kurz vor Beginn der Osterwoche hat dieses Museum angek\u00fcndigt, dass es das erste Museum der Balearen mit einem Zug\u00e4nglichkeitsplan werden wird und dass es hofft, es in 3 Jahren fertig zu stellen. Das Museum besteht aus dem Torre dels Enagistes (Hauptsitz), dem Mol\u00ed den Fraret (wo sich der ethnografische Komplex befindet) und den St\u00e4tten Son Peret\u00f3 und s\u2019Hospitalet Vell. Sie organisieren kostenlose F\u00fchrungen und wir empfehlen, sich unter 971843065 anzumelden.<\/li>\n\n\n\n<li><strong>Museu de Mallorca:<\/strong> Im Zentrum von Palma gelegen, ist es ein Museum, das vielen unbekannt ist. Jetzt organisieren sie jeden Donnerstag um 17:00 Uhr F\u00fchrungen, die kostenlos und mit begrenzter Kapazit\u00e4t sind. Und ab dem 21. M\u00e4rz Familienbesuche jeden Sonntag um 12:00 Uhr. Sie k\u00f6nnen anrufen, um zu buchen: 971177838.<\/li>\n\n\n\n<li><strong>Museo de Arte Sacro de Mallorca:<\/strong> befindet sich im Bischofspalast von Palma, neben der Kathedrale. Vor etwa einem Jahr wurde es komplett umgebaut und beherbergt einzigartige St\u00fccke wie die j\u00fcdischen Rimmomins, Werke von Gaud\u00ed und mittelalterliche Altarbilder.<\/li>\n<\/ul>\n\n\n\n<h2 class=\"wp-block-heading parrafo-azul\" id=\"die-route-der-heiligen-hauser\"><span class=\"ez-toc-section\" id=\"die-route-der-heiligen-hauser\"><\/span>Die Route der Heiligen H\u00e4user<span class=\"ez-toc-section-end\"><\/span><\/h2>\n\n\n<div class=\"wp-block-image wp-block-image aligncenter size-large is-resized\">\n<figure class=\"\"><img loading=\"lazy\" decoding=\"async\" width=\"1024\" height=\"571\" src=\"https:\/\/www.click-mallorca.com\/blog\/wp-content\/uploads\/2018\/03\/casa-santa-mallorca-1024x571.jpg\" alt=\"Heilige H\u00e4user auf Mallorca\" class=\"wp-image-4910\" srcset=\"https:\/\/www.click-mallorca.com\/blog\/wp-content\/uploads\/2018\/03\/casa-santa-mallorca-1024x571.jpg 1024w, https:\/\/www.click-mallorca.com\/blog\/wp-content\/uploads\/2018\/03\/casa-santa-mallorca-300x167.jpg 300w, https:\/\/www.click-mallorca.com\/blog\/wp-content\/uploads\/2018\/03\/casa-santa-mallorca-768x428.jpg 768w, https:\/\/www.click-mallorca.com\/blog\/wp-content\/uploads\/2018\/03\/casa-santa-mallorca-150x84.jpg 150w, https:\/\/www.click-mallorca.com\/blog\/wp-content\/uploads\/2018\/03\/casa-santa-mallorca.jpg 1123w\" sizes=\"auto, (max-width: 1024px) 100vw, 1024px\" \/><\/figure><\/div>\n\n\n<p>Die Casas Santas (Heilige H\u00e4user) sind einzigartige Monumente, in denen die Hostien w\u00e4hrend der Osterzeit, wenn keine Messen stattfinden, niedergelegt werden. Es scheint eine sehr alte Tradition zu sein, die mit der Karwoche verbunden ist und ihren Ursprung in dem Moment hat, in dem die Prozession die Heilige Hostie in einer Urne deponiert, die als Monument bekannt ist, obwohl in Palma der mallorquinische Name Casa Santa (heiliges Haus) verwendet wird.<\/p>\n\n\n\n<p>Ein Spaziergang durch die Altstadt von Palma, um diese heiligen H\u00e4user in den verschiedenen Kirchen, Pfarreien und Kl\u00f6stern zu besichtigen, kann an diesen Tagen eine Alternative sein, die es uns erm\u00f6glicht, mehr \u00fcber diese Tradition zu erfahren. Einige Empfehlungen: Kirche Santa Eulalia, La Seu, Kloster Santa Clara, Santa Magdalena, Kirche San Miguel&#8230;<\/p>\n\n\n\n<h2 class=\"wp-block-heading parrafo-azul\" id=\"vier-kostenlos-gefuhrte-touren-die-sie-auf-mallorca-unternehmen-konnen\"><span class=\"ez-toc-section\" id=\"vier-kostenlos-gefuhrte-touren-die-sie-auf-mallorca-unternehmen-konnen\"><\/span>Vier kostenlos gef\u00fchrte Touren, die Sie auf Mallorca unternehmen k\u00f6nnen<span class=\"ez-toc-section-end\"><\/span><\/h2>\n\n\n<div class=\"wp-block-image wp-block-image aligncenter size-large is-resized\">\n<figure class=\"\"><img loading=\"lazy\" decoding=\"async\" width=\"1024\" height=\"668\" src=\"https:\/\/www.click-mallorca.com\/blog\/wp-content\/uploads\/2020\/12\/ruta-valldemossa-1024x668.jpg\" alt=\"Kostenlos gef\u00fcrte Touren\" class=\"wp-image-4073\" srcset=\"https:\/\/www.click-mallorca.com\/blog\/wp-content\/uploads\/2020\/12\/ruta-valldemossa-1024x668.jpg 1024w, https:\/\/www.click-mallorca.com\/blog\/wp-content\/uploads\/2020\/12\/ruta-valldemossa-300x196.jpg 300w, https:\/\/www.click-mallorca.com\/blog\/wp-content\/uploads\/2020\/12\/ruta-valldemossa-768x501.jpg 768w, https:\/\/www.click-mallorca.com\/blog\/wp-content\/uploads\/2020\/12\/ruta-valldemossa.jpg 1120w\" sizes=\"auto, (max-width: 1024px) 100vw, 1024px\" \/><\/figure><\/div>\n\n\n<p>Es ist eine gute Idee zu Ostern als Tourist auf Mallorca zu sein und diese Feiertage zu nutzen, um sich f\u00fcr eine der angebotenen kostenlosen Touren anzumelden.<\/p>\n\n\n\n<ul class=\"wp-block-list\">\n<li><strong>Kostenlose Tour durch das j\u00fcdische Viertel von Palma: <\/strong>Begleiten Sie uns auf dieser kostenlosen Tour durch das j\u00fcdische Viertel von Palma mit einem ortsans\u00e4ssigen F\u00fchrer. Sie werden die Entstehungsgeschichte des j\u00fcdischen Viertels von Palma, Anekdoten \u00fcber das Leben der j\u00fcdischen Gemeinde in der Stadt, ihre Konversion und vieles mehr in Stunden, die wie im Flug vergehen werden, entdecken.<\/li>\n\n\n\n<li><strong>Kostenloser Rundgang in Palma<\/strong>: Wir alle kennen Palma und seine wichtigsten Sehensw\u00fcrdigkeiten, aber nicht jeder kennt die Kuriosit\u00e4ten und Details dieser Geb\u00e4ude, die Sie sicher \u00fcberraschen werden. Eine einzigartige Gelegenheit, die Stadt kennen zu lernen.<\/li>\n\n\n\n<li><strong>Kostenlose Tour Palma bei Nacht<\/strong>: Einer unserer Favoriten, bei dem Sie die Legenden und Geheimnisse von Palma bei Nacht entdecken k\u00f6nnen.<\/li>\n<\/ul>\n\n\n\n<p>F\u00fcr diejenigen, die es nicht kennen: Kostenlose Touren sind von einem Fremdenf\u00fchrer gef\u00fchrte Spazierg\u00e4nge, bei denen es keinen festen Preis gibt, sondern jede Person am Ende der kostenlosen Tour ein Trinkgeld gibt, je nachdem, was es Ihnen wert war. Wir haben vier kostenlose Touren ausgew\u00e4hlt, die es Ihnen erm\u00f6glichen, einige der emblematischsten Orte Palmas und eine der sch\u00f6nsten St\u00e4dte Mallorcas zu entdecken. Wenn Sie auf den Namen der jeweiligen Tour klicken, erhalten Sie weitere Informationen und k\u00f6nnen Ihren Platz online buchen.<\/p>\n\n\n\n<p style=\"font-size:23px\"><strong>Ein Ausflug nach Lluc zu Ostern<\/strong><\/p>\n\n\n\n<p>Lluc ist einer der besonderen und heiligsten Orte Mallorcas und ein weiterer unserer Vorschl\u00e4ge f\u00fcr Aktivit\u00e4ten zu Ostern. In Lluc gibt es viele Dinge zu sehen und zu tun, wie zum Beispiel die Kirche zu besuchen, den Gesang der Blauets zu h\u00f6ren oder einen Spaziergang um die Wallfahrtskirche zu machen. Dar\u00fcber hinaus organisiert die Wallfahrtskirche zu Ostern immer besondere Aktivit\u00e4ten wie M\u00e4rkte, Besichtigungen\u2026, die Sie auf der<a href=\"https:\/\/www.facebook.com\/santuaridelluc\/\"> Facebook-Seite<\/a> der Wallfahrtskirche Lluc finden.<\/p>\n\n\n\n<p>Anschlie\u00dfend k\u00f6nnen Sie einen kleinen Ausflug in die Umgebung unternehmen, zum Beispiel zur Cometa des Morts oder zum ber\u00fchmten Kamelfelsen. Sie sind ideale Familienausfl\u00fcge, sowohl wegen ihrer Dauer als auch wegen ihres Schwierigkeitsgrades (leicht).<\/p>\n\n\n\n<p style=\"font-size:24px\"><strong>Probieren Sie die traditionellen Oster-K\u00f6stlichkeiten<\/strong><\/p>\n\n\n\n<p>Mallorca hat, wie viele andere Regionen in Spanien, eine reiche kulinarische Tradition, und Ostern ist da keine Ausnahme. Ostern auf Mallorca ist eine Zeit, um sich mit lokalen und typischen K\u00f6stlichkeiten zu verw\u00f6hnen, von denen viele zu anderen Jahreszeiten nicht zu sehen sind. Es gibt viele Backwaren, Gerichte und Desserts, die typisch f\u00fcr Ostern in ganz Spanien sind, aber jede Region hat auch ihre eigenen. Wenn Sie also zu Ostern auf Mallorca sind, besteht eine gute Chance, dass Sie Dinge probieren, die nicht nur sind die in Ihrem eigenen Land nicht bekannt sind, aber im restlichen Spanien nicht einmal erh\u00e4ltlich sind.<\/p>\n\n\n\n<p>Einige traditionelle Speisen, die zu dieser Jahreszeit typischerweise auf der Insel genossen werden, sind:<\/p>\n\n\n\n<ul class=\"wp-block-list\">\n<li><strong>Mona de Pascua:<\/strong> Eine Mona de Pascua kommt einem internationalen Osterei am n\u00e4chsten und k\u00f6nnte doch unterschiedlicher nicht sein! Dies ist ein traditionelles Geb\u00e4ck, das zu Ostern gegessen wird und einem Kuchen \u00e4hnelt. Es ist normalerweise rund und mit Eiern verziert (echte H\u00fchnereier, keine Schokoladeneier!) und wird oft als Geschenk an Freunde und Familie verschenkt.<\/li>\n\n\n\n<li><strong>Frito de Cordero:<\/strong> Dies ist ein herzhaftes Gericht voller Geschmack, das wirklich exklusiv auf Mallorca ist. Frito de Cordero wird am Ostersamstag von mallorquinischen Gro\u00dfm\u00fcttern auf der ganzen Insel zubereitet,wenn die ganze Familie am Sonntag vorbeikommt, um ihn zu verschlingen. Es wird aus Kartoffeln und Lammleber (und oft anderen Innereien desselben Tieres) hergestellt, die sorgf\u00e4ltig in winzige Quadrate geschnitten und dann mit frischem Fenchel, viel Chili und Knoblauch und manchmal Erbsen und \/ oder Artischocken  gebraten werden. Obwohl typisch f\u00fcr Ostern, ist dies ein Gericht, das so beliebt ist, dass es das ganze Jahr \u00fcber gegessen wird.<\/li>\n\n\n\n<li><strong>Panades:<\/strong> Panades (oder Empanadas) sind ein traditionelles mallorquinisches herzhaftes Geb\u00e4ck, das aus Teig hergestellt wird, der mit Fleisch, Fisch oder Gem\u00fcse gef\u00fcllt ist. Die typische Kombination zu Ostern ist Carn amb Pesols (Fleisch mit Erbsen). Die Hausk\u00f6che jeder Familie auf Mallorca arrangieren einen besonderen Tag \u00fcber Ostern, um zusammenzukommen und die Panades f\u00fcr den ganzen Urlaub zuzubereiten. Dies sind nicht nur Panades, die im Haushalt gegessen werden, sondern auch als gesch\u00e4tzte Geschenke an Freunde oder Nachbarn, da jede Familie ihr eigenes Rezept hat, das \u00fcber Generationen weitergegeben wird. Das Geb\u00e4ck der Panades wird offiziell aus einem Teig aus Mehl, Wasser und Salz hergestellt, aber jede mallorquinische Gro\u00dfmutter wird Ihnen sagen, dass sie dadurch saftig werden, dass die H\u00e4lfte des Wassers, das f\u00fcr das Geb\u00e4ck verwendet wird, normalerweise durch Oliven\u00f6l ersetzt wird .<\/li>\n\n\n\n<li><strong>Rosaris de Pascua:<\/strong> Ein Osterrosenkranz auf Mallorca ist ein besonderes Ostervergn\u00fcgen f\u00fcr Kinder auf der ganzen Insel (obwohl sie in den letzten Jahren mit der Ankunft des Ostereies etwas verdr\u00e4ngt wurden). Diese Halskette, Zucker-Rosenkranz oder Bonbon-Rosenkranz genannt, ist eine Halskette aus S\u00fc\u00dfigkeiten, Leckereien und K\u00f6stlichkeiten wie Pralinen und Karamellen und (traditioneller) getrockneten Fr\u00fcchten. Heutzutage lassen die \u00f6rtlichen Schulen die Kinder im Rahmen ihrer Ostererziehung Rosaris herstellen, um sicherzustellen, dass die Tradition f\u00fcr die n\u00e4chste Generation nicht vollst\u00e4ndig auf Ostereier verloren geht.<\/li>\n<\/ul>\n\n\n\n<p>Auf Mallorca bieten zu Ostern viele Kl\u00f6ster in Palma traditionelle Kuchen, Panades und andere K\u00f6stlichkeiten an, die von den Nonnen selbst gemacht werden. Es lohnt sich, es zu \u00fcberpr\u00fcfen und einen von ihnen zu besuchen.<\/p>\n\n\n\n<h2 class=\"wp-block-heading parrafo-azul\" id=\"mallorca-urlaub-in-ostern-geniessen-sie-einen-der-strande-mallorcas\"><span class=\"ez-toc-section\" id=\"mallorca-urlaub-in-ostern-geniesen-sie-einen-der-strande-mallorcas\"><\/span>Mallorca Urlaub in Ostern: Genie\u00dfen Sie einen der Str\u00e4nde Mallorcas<span class=\"ez-toc-section-end\"><\/span><\/h2>\n\n\n\n<p>Das Wetter zu Ostern auf Mallorca ist noch nicht optimal zum Schwimmen, aber meistens ist es die beste Zeit, <strong>um zumindest einen Ausflug an den Strand zu machen<\/strong>. Man kann sich sonnen und das Meer genie\u00dfen, und dabei die Tatsache nutzen, dass es noch nicht so viele Touristen gibt. Wir von click-mallorca empfehlen Ihnen, einen der Str\u00e4nde aufzusuchen, die viel Sandfl\u00e4chen haben, denn dort haben Sie eine gro\u00dfe Auswahl an M\u00f6glichkeiten, die sich nicht nur auf das Baden und Sonnen beschr\u00e4nken. Sie k\u00f6nnen auch einen Strandspaziergang machen oder einen Drink in einer der Strandbars nehmen.<\/p>\n\n\n<div class=\"wp-block-image wp-block-image aligncenter size-large is-resized\">\n<figure class=\"\"><img loading=\"lazy\" decoding=\"async\" width=\"923\" height=\"481\" src=\"https:\/\/www.click-mallorca.com\/blog\/wp-content\/uploads\/2020\/09\/playa-sant-joan.jpg\" alt=\"Str\u00e4nde auf Mallorca zu Ostern\" class=\"wp-image-3633\" srcset=\"https:\/\/www.click-mallorca.com\/blog\/wp-content\/uploads\/2020\/09\/playa-sant-joan.jpg 923w, https:\/\/www.click-mallorca.com\/blog\/wp-content\/uploads\/2020\/09\/playa-sant-joan-300x156.jpg 300w, https:\/\/www.click-mallorca.com\/blog\/wp-content\/uploads\/2020\/09\/playa-sant-joan-768x400.jpg 768w\" sizes=\"auto, (max-width: 923px) 100vw, 923px\" \/><\/figure><\/div>\n\n\n<p>Einige der Str\u00e4nde auf Mallorca, die wir empfehlen:<\/p>\n\n\n\n<ul class=\"wp-block-list\">\n<li>Strand von Port de Alcudia<\/li>\n\n\n\n<li>Strand von Muro<\/li>\n\n\n\n<li>Strand von Cala Millor<\/li>\n\n\n\n<li>Playa de Palma<\/li>\n<\/ul>\n\n\n\n<div class=\"wp-block-buttons is-layout-flex wp-block-buttons-is-layout-flex\">\n<div class=\"wp-block-button is-style-outline is-style-outline--1\"><a class=\"wp-block-button__link has-white-color has-luminous-vivid-amber-background-color has-text-color has-background wp-element-button\" href=\"https:\/\/www.click-mallorca.com\/blog\/de\/mallorca-strand\/straende-von-mallorca\/\" style=\"border-radius:50px\" target=\"_blank\" rel=\"noreferrer noopener\">Klicken Sie hier, um die besten Anregungen f\u00fcr Str\u00e4nde auf Mallorca zu Finden<\/a><\/div>\n<\/div>\n\n\n\n<p>Eine andere M\u00f6glichkeit gibt es, einige der sch\u00f6nen Buchten Mallorcas zu genie\u00dfen und dieses mit einer Wanderung zu verbinden. Einige Vorschl\u00e4ge sind der Strand <a href=\"https:\/\/www.click-mallorca.com\/blog\/de\/mallorca-strand\/coll-baix\/\" target=\"_blank\" rel=\"noreferrer noopener\">Coll Baix,<\/a> <a href=\"https:\/\/www.click-mallorca.com\/blog\/de\/mallorca-strand\/cala-murta\/\" target=\"_blank\" rel=\"noreferrer noopener\">Cala Murta,<\/a> Cala Magraner oder Cala Petita.<\/p>\n\n\n\n<h2 class=\"wp-block-heading parrafo-azul\" id=\"mallorcas-hohlen-sind-zu-ostern-geoffnet\"><span class=\"ez-toc-section\" id=\"mallorcas-hohlen-sind-zu-ostern-geoffnet\"><\/span>Mallorcas H\u00f6hlen sind zu Ostern ge\u00f6ffnet<span class=\"ez-toc-section-end\"><\/span><\/h2>\n\n\n\n<p>Mallorca hat unter der Erde einige wahre Sch\u00e4tze zu bieten, und w\u00e4hrend der Osterfeiertage w\u00e4re es ein perfekter Plan, diese zu besichtigen. Es gibt mehr als 200 H\u00f6hlen auf Mallorca, aber nur f\u00fcnf davon sind f\u00fcr die \u00d6ffentlichkeit zug\u00e4nglich. Die H\u00f6hlen, die zu Ostern auf Mallorca f\u00fcr die \u00d6ffentlichkeit zug\u00e4nglich sind:<\/p>\n\n\n\n<ul class=\"wp-block-list\">\n<li><a href=\"https:\/\/www.click-mallorca.com\/de\/ausfluge\/drachenhohle-mallorca-ausfluge\/\" target=\"_blank\" rel=\"noreferrer noopener\">Die H\u00f6len von Drach<\/a><\/li>\n\n\n\n<li><a href=\"https:\/\/www.click-mallorca.com\/de\/ausfluge\/hamshohle-mallorca-ausflug\/\">Die H\u00f6hlen von Hams<\/a><\/li>\n\n\n\n<li><a href=\"https:\/\/www.click-mallorca.com\/de\/ausfluge\/hoehlen-von-campanet-eintrittskarte\/\" target=\"_blank\" rel=\"noreferrer noopener\">Die H\u00f6hlen von Campanet<\/a><\/li>\n\n\n\n<li><a href=\"https:\/\/www.click-mallorca.com\/de\/ausfluge\/hhlen-von-genua-in-palma-de-mallorca-eintrittskarte\/\" target=\"_blank\" rel=\"noreferrer noopener\">Die H\u00f6hlen von Genova<\/a><\/li>\n<\/ul>\n\n\n<div class=\"n2-section-smartslider fitvidsignore  n2_clear\" data-ssid=\"22\" tabindex=\"0\" role=\"region\" aria-label=\"Slider\"><div id=\"n2-ss-22-align\" class=\"n2-ss-align\"><div class=\"n2-padding\"><div id=\"n2-ss-22\" data-creator=\"Smart Slider 3\" data-responsive=\"auto\" class=\"n2-ss-slider n2-ow n2-has-hover n2notransition  \">\n        <div class=\"n2-ss-slider-1 n2-ow\">\n            <div class=\"n2-ss-slider-2 n2-ow\">\n                <div class=\"n2-ss-slide-backgrounds n2-ow-all\"><div class=\"n2-ss-slide-background\" data-public-id=\"1\" data-mode=\"fill\"><div class=\"n2-ss-slide-background-image\" data-blur=\"0\" data-opacity=\"50\" data-x=\"35\" data-y=\"50\" data-alt=\"hohlen mallorca\" data-title=\"mallorca h\u00f6hlen\" style=\"opacity:0.5;--ss-o-pos-x:35%\"><picture class=\"skip-lazy\" data-skip-lazy=\"1\"><img decoding=\"async\" src=\"\/\/www.click-mallorca.com\/blog\/wp-content\/uploads\/2019\/02\/curiosidades-cuevas-drach-1.png\" alt=\"hohlen mallorca\" title=\"mallorca h\u00f6hlen\" loading=\"lazy\" class=\"skip-lazy\" data-skip-lazy=\"1\"><\/picture><\/div><div data-color=\"RGBA(60,60,60,1)\" style=\"background-color: RGBA(60,60,60,1);\" class=\"n2-ss-slide-background-color\"><\/div><\/div><\/div>                <div class=\"n2-ss-slider-3 n2-ow\">\n                    <svg xmlns=\"http:\/\/www.w3.org\/2000\/svg\" viewBox=\"0 0 1220 312\" data-related-device=\"desktopPortrait\" class=\"n2-ow n2-ss-preserve-size n2-ss-preserve-size--slider n2-ss-slide-limiter\"><\/svg><div data-first=\"1\" data-slide-duration=\"0\" data-id=\"23\" data-slide-public-id=\"1\" data-title=\"canoeing\" class=\"n2-ss-slide n2-ow  n2-ss-slide-23\"><div role=\"note\" class=\"n2-ss-slide--focus\" tabindex=\"-1\">canoeing<\/div><div class=\"n2-ss-layers-container n2-ss-slide-limiter n2-ow\"><div class=\"n2-ss-layer n2-ow n-uc-TUGnKvIJqdrt\" data-sstype=\"slide\" data-pm=\"default\"><div class=\"n2-ss-layer n2-ow n-uc-7x3E81AElE16\" data-pm=\"default\" data-sstype=\"content\" data-hasbackground=\"0\"><div class=\"n2-ss-section-main-content n2-ss-layer-with-background n2-ss-layer-content n2-ow n-uc-7x3E81AElE16-inner\"><div class=\"n2-ss-layer n2-ow n-uc-ORooBd8F36yq\" data-pm=\"normal\" data-sstype=\"layer\"><div id=\"n2-ss-22item1\" class=\"n2-font-a5e2522f416001c57981fbde2ee9382f-hover   n2-ss-item-content n2-ss-text n2-ow\" style=\"display:block;\">H\u00f6hlen von Mallorca<\/div><\/div><div class=\"n2-ss-layer n2-ow n-uc-y0HqGpmM7MLX\" data-pm=\"normal\" data-sstype=\"layer\"><div id=\"n2-ss-22item2\" class=\"n2-font-e444516f3cd201d3c6c7798a5ce0ed55-hover   n2-ss-item-content n2-ss-text n2-ow\" style=\"display:block;\">Touren und Eintrittskarten zum besten Preis<br><\/div><\/div><div class=\"n2-ss-layer n2-ow n-uc-ljAvgjUGRXBU\" data-pm=\"normal\" data-sstype=\"layer\"><div class=\"n2-ss-button-container n2-ss-item-content n2-ow n2-font-aa17aaeef61b48c1ce9107526e93a5f5-link  n2-ss-nowrap\"><a class=\"n2-style-91de29be64dbe428acccb3b339585304-heading  n2-ow \" href=\"https:\/\/www.click-mallorca.com\/de\/aktivitaeten\/hohlen-mallorca\/\"><div><div>Mehr Information<\/div><\/div><\/a><\/div><\/div><\/div><\/div><\/div><\/div><\/div>                <\/div>\n                            <\/div>\n        <\/div>\n        <\/div><ss3-loader><\/ss3-loader><\/div><\/div><div class=\"n2_clear\"><\/div><\/div>\n\n\n<p><\/p>\n\n\n\n<hr class=\"wp-block-separator has-css-opacity\"\/>\n\n\n\n<p><strong><strong>Hier sind einige Fragen, die Sie sich vielleicht stellen:<\/strong><\/strong><\/p>\n\n\n\n<div class=\"schema-faq wp-block-yoast-faq-block\"><div class=\"schema-faq-section\" id=\"faq-question-1616662114867\"><strong class=\"schema-faq-question\"><strong>Wann sind die Osterferien auf Mallorca im Jahr 2023?<\/strong><\/strong> <p class=\"schema-faq-answer\"><strong>Die Osterwoche 2023<\/strong> beginnt am Sonntag, den 2. April mit dem Palmsonntag und endet eine Woche sp\u00e4ter am 9. April. Die Schulferien dauern bis Dienstag, den 11. April:<br\/>&#8211; Palmsonntag 2. April<br\/>&#8211; Gr\u00fcndonnerstag 6. April<br\/>&#8211; Karfreitag 7. April<\/p> <\/div> <\/div>\n\n\n\n<hr class=\"wp-block-separator has-css-opacity is-style-wide\"\/>\n\n\n\n<div class=\"su-box su-box-style-default\" id=\"\" style=\"border-color:#0055cc;border-radius:3px;\"><div class=\"su-box-title\" style=\"background-color:#1188ff;color:#FFFFFF;border-top-left-radius:1px;border-top-right-radius:1px\">Planen Sie Ihren Kurzurlaub auf Mallorca<\/div><div class=\"su-box-content su-u-clearfix su-u-trim\" style=\"border-bottom-left-radius:1px;border-bottom-right-radius:1px\">\n<div class=\"content-box-area\">\n<div class=\"content-item\">\n        <span class=\"c-icon\"><i class=\"fas fa-camera\"><\/i><\/span>\n<span>Die besten Optionen, um eine gute Zeit auf Mallorca zu verbringen: <a href=\"https:\/\/www.click-mallorca.com\/de\/\">Aktivit\u00e4ten auf Mallorca<\/a><\/span><\/div>\n<div class=\"content-item\">\n        <span class=\"c-icon\"><i class=\"fas fa-bed\"><\/i><\/span>\n<span>Hotel Angebote mit kostenloser Stornierung und zum besten Preis: <a href=\"https:\/\/expedia.com\/affiliate\/RrhNCLb\" rel=\"nofollow\">Hotels aufMallorca<\/a><\/span><\/div>\n<div class=\"content-item\">\n        <span class=\"c-icon\"><i class=\"fas fa-car\"><\/i><\/span>\n<span>Mietwagen zu den besten Preisen. <a href=\"https:\/\/www.rentcars.com\/de-de\/?requestorid=5324&amp;utm_source=www.click-mallorca.com&amp;utm_medium=afiliado-link\" rel=\"nofollow\">Autovermietung auf Mallorca<\/a><\/span><\/div>\n<div class=\"content-item\">\n        <span class=\"c-icon\"><i class=\"fas fa-plane\"><\/i><\/span>\n<span>Finden Sie Fl\u00fcge zum besten Preis nach Mallorca: <a href=\"https:\/\/skyscanner.pxf.io\/c\/3171348\/1027991\/13416?associateid=AFF_TRA_19354_00001\" rel=\"nofollow\">Fl\u00fcge nach Mallorca<\/a><\/span><\/div>\n<div class=\"content-item\">\n        <span class=\"c-icon\"><i class=\"fas fa-ship\"><\/i><\/span>\n<span>Bootsfahrten und Touren mit Boot und Katamaran: <a href=\"https:\/\/www.click-mallorca.com\/de\/aktivitaeten\/boot-und-katamaran-ausfluge\/\">Bootsausfl\u00fcge<\/a><\/span><\/div>\n<div class=\"content-item\">\n        <span class=\"c-icon\"><i class=\"fas fa-map\"><\/i><\/span>\n<span>Reiseversicherung: <a href=\"http:\/\/www.iatiseguros.com\/?r=67694918520896\">5 % Rabatt auf Ihre IATI-Versicherung<\/a><\/span><\/div>\n<\/div>\n<\/div><\/div>\n<!-- AddThis Advanced Settings generic via filter on the_content --><!-- AddThis Share Buttons generic via filter on the_content -->","protected":false},"excerpt":{"rendered":"<p>Sind Sie vorbereitet f\u00fcr Ostern? Wir von click-mallorca wollten einen Beitrag mit Vorschl\u00e4gen f\u00fcr die Gestaltung der Osterferien machen. Wir hoffen, wir konnten Ihnen helfen.<!-- AddThis Advanced Settings generic via filter on get_the_excerpt --><!-- AddThis Share Buttons generic via filter on get_the_excerpt --><\/p>\n","protected":false},"author":2,"featured_media":9702,"comment_status":"open","ping_status":"open","sticky":false,"template":"","format":"standard","meta":{"footnotes":""},"categories":[269],"tags":[],"class_list":["post-9532","post","type-post","status-publish","format-standard","has-post-thumbnail","hentry","category-mallorca-urlaub"],"lang":"de","translations":{"de":9532,"en":7252,"es":1756},"pll_sync_post":[],"_links":{"self":[{"href":"https:\/\/www.click-mallorca.com\/blog\/wp-json\/wp\/v2\/posts\/9532","targetHints":{"allow":["GET"]}}],"collection":[{"href":"https:\/\/www.click-mallorca.com\/blog\/wp-json\/wp\/v2\/posts"}],"about":[{"href":"https:\/\/www.click-mallorca.com\/blog\/wp-json\/wp\/v2\/types\/post"}],"author":[{"embeddable":true,"href":"https:\/\/www.click-mallorca.com\/blog\/wp-json\/wp\/v2\/users\/2"}],"replies":[{"embeddable":true,"href":"https:\/\/www.click-mallorca.com\/blog\/wp-json\/wp\/v2\/comments?post=9532"}],"version-history":[{"count":48,"href":"https:\/\/www.click-mallorca.com\/blog\/wp-json\/wp\/v2\/posts\/9532\/revisions"}],"predecessor-version":[{"id":18512,"href":"https:\/\/www.click-mallorca.com\/blog\/wp-json\/wp\/v2\/posts\/9532\/revisions\/18512"}],"wp:featuredmedia":[{"embeddable":true,"href":"https:\/\/www.click-mallorca.com\/blog\/wp-json\/wp\/v2\/media\/9702"}],"wp:attachment":[{"href":"https:\/\/www.click-mallorca.com\/blog\/wp-json\/wp\/v2\/media?parent=9532"}],"wp:term":[{"taxonomy":"category","embeddable":true,"href":"https:\/\/www.click-mallorca.com\/blog\/wp-json\/wp\/v2\/categories?post=9532"},{"taxonomy":"post_tag","embeddable":true,"href":"https:\/\/www.click-mallorca.com\/blog\/wp-json\/wp\/v2\/tags?post=9532"}],"curies":[{"name":"wp","href":"https:\/\/api.w.org\/{rel}","templated":true}]}}